{"id":111858,"date":"2025-09-13T07:41:08","date_gmt":"2025-09-13T07:41:08","guid":{"rendered":"https:\/\/www.europesays.com\/es\/111858\/"},"modified":"2025-09-13T07:41:08","modified_gmt":"2025-09-13T07:41:08","slug":"paises-bajos-se-suma-a-islandia-eslovenia-e-irlanda-y-no-estara-en-eurovision-si-israel-participa-el-mundo","status":"publish","type":"post","link":"https:\/\/www.europesays.com\/es\/111858\/","title":{"rendered":"Pa\u00edses Bajos se suma a Islandia, Eslovenia e Irlanda, y no estar\u00e1 en Eurovisi\u00f3n si Israel participa &#8211; El Mundo"},"content":{"rendered":"<ol>\n<li><a href=\"https:\/\/news.google.com\/rss\/articles\/CBMif0FVX3lxTE9UX3otaGY0ZW9JaWZ2WTdfQ1pJTVppeXI5RERpWEVtVkdnRjB4ZGdHYldaOW5YUmx5cWFCQmNjRVFOWnJ1dWZVdmZ1LU5QVGRod2JwdGROX3dsQzA5bnVEdnJTVmlKQkpIY2xJZmtIS0NYM05oWXZFakUxcElUWjg?oc=5\" target=\"_blank\" rel=\"nofollow noopener\">Pa\u00edses Bajos se suma a Islandia, Eslovenia e Irlanda, y no estar\u00e1 en Eurovisi\u00f3n si Israel participa<\/a>&nbsp;&nbsp;El Mundo<\/li>\n<li><a href=\"https:\/\/news.google.com\/rss\/articles\/CBMijgJBVV95cUxOdUZtTmpTU3huSjlvR0Q2VnZXMWYxSGZ1N1ZrVVBvTWpaeVoxNHhkamEtemtvX3BqTEtwd2tmSWxVNF9ndk5QNVZaWC1naWpSV2oxNVZFSGhHMVBpZi1Kb0JJVFhBaVAzdmt4MDRYQW40Y2RUSjNOOVhPVEdma3NvVVduQTAzS1hEa2d6UGx6Ri1mMXI4VUNBVGNlMEwxQ1ZLRW5pVUNTYnc3Q0ROdGhZV3lOUkN1MlE3UjZCUkVQcTU2RnAwS2xmaXVSV1NBOHlHOTh0czJvTTFVWkhVdy01MTh5Ylp0eEpTcXdrZDcta1dPZzdCZVJ1YVJPbVZDUjVPemNVTWlBMDIzQVRRT2c?oc=5\" target=\"_blank\" rel=\"nofollow noopener\">Pa\u00edses Bajos se convierte en el cuarto pa\u00eds que no participar\u00e1 en Eurovisi\u00f3n 2026 si compite Israel: \u201cEst\u00e1 en juego el sufrimiento humano\u201d<\/a>&nbsp;&nbsp;EL PA\u00cdS<\/li>\n<li><a href=\"https:\/\/news.google.com\/rss\/articles\/CBMizwFBVV95cUxOV0c4TEFGTG9FWGgtU184NnJBUFFkYkJTZ0ZqNWJ0NFBqWFJMX1VMeF92SUlOYUZPaTVjZTN5c0FST3NJcUZucmdOb3dzUXNraTN4MHNrWW9oblB6T3RJaW16WGl3UnlObmQ5YXJMZUtoZWRlakNtTkJvZzVKd0ZqT2g3WHppNGlaUVRCYnBtV2dZTWtncW5IYmdHdk1EZzFLbE1CLXF5Z0JXR1NqaGlCNEJqSzNmN3cydmxvUU0tWm9CbDJRc3FnMGJneUt2X3fSAeMBQVVfeXFMUG1fbFh3eDAwMDV2NjZPWFJhazl0cEtHR2l0ZEI0bllDUENHa0dEdUVRaVZXQTVyOHpZY1lrLVlySmZUQWwyMzFfMF9wQ24xLUk4X25yQXFPYzlEZDd3UnJOTDlrbWFnTnlSQXhKMVZtMTR6ekJvd1VWRzV5NXBPbjc5N0hJSWdKb19meVlZa0lab1BMLWdfNWZ4Y1dWSHJocGtXbk1mNDN0eVg2U3hZUHk2cDFKZlNMOHlKXzl3R3ZJUF92UzJKUWFxRF9IOXJGMUV3OUVsQUx2MDNfUWtYa2hoT28?oc=5\" target=\"_blank\" rel=\"nofollow noopener\">Irlanda amenaza con no participar en Eurovisi\u00f3n 2026 si Israel vuelve a competir<\/a>&nbsp;&nbsp;Cadena SER<\/li>\n<li><a href=\"https:\/\/news.google.com\/rss\/articles\/CBMirwFBVV95cUxQbFd1YmZDd0otYldiLXcwTmdLQndmYXV6RlhvbTJpS3Fwd2FYakZtR1ZlNW5yRnFmRWs4cFE3bTZFbl9iNGhORlNlb01KU0JzS0NLWXZWaGlERkQwWVJ1eWExLXU5dHhRUXQyRFFBUEFKTzJmU1M4RDBNWDVrLUo0YmsyVEFfdkkwUkRpM3dNWFpYenp4c2FqWGdqLVJIdVpVeDBUei1DVk1PTDYzREE4?oc=5\" target=\"_blank\" rel=\"nofollow noopener\">Irlanda y Pa\u00edses Bajos siguen a Espa\u00f1a y se suman al boicot contra Israel en Eurovisi\u00f3n<\/a>&nbsp;&nbsp;Euronews.com<\/li>\n<li><a href=\"https:\/\/news.google.com\/rss\/articles\/CBMiwgFBVV95cUxNUWVpeWsxci11UzBmanVpXy1yYncyV3RUQVJRNnVkR0tZSE0yVUZhcVpKSzdOLWw3amxkQXhGVTBXVzZlUXZNekdvTEpNY2VNVHRJMXIyS0V4LUpYdGR5eDVzWjlZZVRVeDJGX0MtZnVxWnpvZjhpcHBCdE9oQ2RfcHFma28wYjMySlF3Qk1wdXJjTXJ5WnI5aENXMG5vQ3EyOUhVQmNwNlQ4MWI3QTh1eUdmMkc3SGt0LTlXNEJVbGlKQQ?oc=5\" target=\"_blank\" rel=\"nofollow noopener\">Pa\u00edses Bajos amenaza con no participar en Eurovisi\u00f3n si Israel forma parte del festival<\/a>&nbsp;&nbsp;ABC<\/li>\n<\/ol>\n","protected":false},"excerpt":{"rendered":"Pa\u00edses Bajos se suma a Islandia, Eslovenia e Irlanda, y no estar\u00e1 en Eurovisi\u00f3n si Israel participa&nbsp;&nbsp;El Mundo&hellip;\n","protected":false},"author":2,"featured_media":111859,"comment_status":"","ping_status":"","sticky":false,"template":"","format":"standard","meta":{"footnotes":""},"categories":[42],"tags":[17,18,24121,13,14,11,61,62,63,64,74,19,20,9,10,15,16,807,12,21,22,65,66,67],"class_list":{"0":"post-111858","1":"post","2":"type-post","3":"status-publish","4":"format-standard","5":"has-post-thumbnail","7":"category-internacional","8":"tag-breaking-news","9":"tag-breakingnews","10":"tag-eurovision","11":"tag-featured-news","12":"tag-featurednews","13":"tag-headlines","14":"tag-internacional","15":"tag-international","16":"tag-international-news","17":"tag-internationalnews","18":"tag-israel","19":"tag-latest-news","20":"tag-latestnews","21":"tag-news","22":"tag-noticias","23":"tag-noticias-destacadas","24":"tag-noticiasdestacadas","25":"tag-television","26":"tag-titulares","27":"tag-ultimas-noticias","28":"tag-ultimasnoticias","29":"tag-world","30":"tag-world-news","31":"tag-worldnews"},"share_on_mastodon":{"url":"","error":""},"_links":{"self":[{"href":"https:\/\/www.europesays.com\/es\/wp-json\/wp\/v2\/posts\/111858","targetHints":{"allow":["GET"]}}],"collection":[{"href":"https:\/\/www.europesays.com\/es\/wp-json\/wp\/v2\/posts"}],"about":[{"href":"https:\/\/www.europesays.com\/es\/wp-json\/wp\/v2\/types\/post"}],"author":[{"embeddable":true,"href":"https:\/\/www.europesays.com\/es\/wp-json\/wp\/v2\/users\/2"}],"replies":[{"embeddable":true,"href":"https:\/\/www.europesays.com\/es\/wp-json\/wp\/v2\/comments?post=111858"}],"version-history":[{"count":0,"href":"https:\/\/www.europesays.com\/es\/wp-json\/wp\/v2\/posts\/111858\/revisions"}],"wp:featuredmedia":[{"embeddable":true,"href":"https:\/\/www.europesays.com\/es\/wp-json\/wp\/v2\/media\/111859"}],"wp:attachment":[{"href":"https:\/\/www.europesays.com\/es\/wp-json\/wp\/v2\/media?parent=111858"}],"wp:term":[{"taxonomy":"category","embeddable":true,"href":"https:\/\/www.europesays.com\/es\/wp-json\/wp\/v2\/categories?post=111858"},{"taxonomy":"post_tag","embeddable":true,"href":"https:\/\/www.europesays.com\/es\/wp-json\/wp\/v2\/tags?post=111858"}],"curies":[{"name":"wp","href":"https:\/\/api.w.org\/{rel}","templated":true}]}}