{"id":111864,"date":"2025-09-13T07:44:07","date_gmt":"2025-09-13T07:44:07","guid":{"rendered":"https:\/\/www.europesays.com\/es\/111864\/"},"modified":"2025-09-13T07:44:07","modified_gmt":"2025-09-13T07:44:07","slug":"seis-equipos-del-area-conviven-en-1a-nacional","status":"publish","type":"post","link":"https:\/\/www.europesays.com\/es\/111864\/","title":{"rendered":"Seis equipos del \u00e1rea conviven en 1\u00aa Nacional"},"content":{"rendered":"<p class=\"paragraph-atom &#10;        B-500-300-700-N B-550-300-700-N--md  \">El \u00e1rea de <strong>Vigo aumenta<\/strong> este a\u00f1o su presencia en el <strong>grupo A de Primera Nacional de <\/strong><a href=\"https:\/\/www.atlantico.net\/temas\/balonmano\/\" rel=\"nofollow noopener\" target=\"_blank\"><strong>balonmano<\/strong><\/a><strong>,<\/strong> que comienza hoy mismo, al pasar de los cinco equipos del pasado a\u00f1o a <strong>seis<\/strong>. La causa es que ninguno de los cinco que ya estaban y se mantienen logr\u00f3 el <strong>ascenso<\/strong> -siquiera pelear por \u00e9l en la segunda fase- y que desde Plata cae como uno de los favoritos a mandar esta temporada el <strong>Valinox Nov\u00e1s<\/strong>. Tras su estela, m\u00e1s o menos cerca, esperan estar <strong>Granitos Ib\u00e9ricos Carballal<\/strong>, <strong>Reconquista de Vigo<\/strong>, <strong>Automan\u00eda Luceros<\/strong>, <strong>Porri\u00f1o<\/strong> y <strong>Saeplast Ca\u00f1iza<\/strong>.<\/p>\n<p class=\"paragraph-atom &#10;        B-500-300-700-N B-550-300-700-N--md  \">La competici\u00f3n no presenta grandes cambios respecto al pasado curso. El grupo lo completan otros <strong>seis conjuntos gallegos<\/strong> que repiten -Lal\u00edn, Teucro, Calvo Xiria, Culleredo, Ribeiro y Bueu-, tres canarios a los que les sucede lo mismo -G\u00e1ldar, que pele\u00f3 por ascender y no lo logr\u00f3, Ingenio y Tacoronte- y la novedad del <strong>Arrecife<\/strong> por el descendido <strong>Juventud Las Palmas<\/strong>, ambos de Canarias. Quien no estar\u00e1 respecto a la campa\u00f1a anterior es el <strong>OAR Coru\u00f1a<\/strong>, que gan\u00f3 la liga y ahora milita en Plata.<\/p>\n<p class=\"paragraph-atom &#10;        B-500-300-700-N B-550-300-700-N--md  \">La meta de los equipos ambiciosos ser\u00e1 meterse en una de las <strong>dos primeras plazas<\/strong>, que dan acceso a la segunda fase, con <strong>tres plazas de ascenso directo<\/strong> y otra m\u00e1s v\u00eda play-off. Y los que no aspiren a la zona alta deber\u00e1n evitar los <strong>dos \u00faltimos puestos<\/strong>, que condenan al <strong>descenso<\/strong>.<\/p>\n<p>        Primera jornada<\/p>\n<p class=\"paragraph-atom &#10;        B-500-300-700-N B-550-300-700-N--md  \">En la primera jornada, el <strong>Nov\u00e1s<\/strong>, el <strong>Ca\u00f1iza<\/strong> y el <strong>Reconquista<\/strong> debutan esta tarde en casa ante <strong>Lal\u00edn<\/strong> (18:00), <strong>Ingenio<\/strong> (20:00) y <strong>Tacoronte<\/strong> (19:00), respectivamente. El <strong>Porri\u00f1o<\/strong>, por su parte, visita la m\u00edtica pista del <strong>Teucro<\/strong> (17:00). Para ma\u00f1ana (13:00) queda el <strong>primer derbi<\/strong> del \u00e1rea, que medir\u00e1 en <strong>O Gata\u00f1al<\/strong> al <strong>Luceros<\/strong> con el <strong>Carballal<\/strong>.<\/p>\n","protected":false},"excerpt":{"rendered":"El \u00e1rea de Vigo aumenta este a\u00f1o su presencia en el grupo A de Primera Nacional de balonmano,&hellip;\n","protected":false},"author":2,"featured_media":111865,"comment_status":"","ping_status":"","sticky":false,"template":"","format":"standard","meta":{"footnotes":""},"categories":[278],"tags":[38051,29167,376,37466,168,6440,25,24,375,1139,23,167],"class_list":{"0":"post-111864","1":"post","2":"type-post","3":"status-publish","4":"format-standard","5":"has-post-thumbnail","7":"category-balonmano","8":"tag-1a","9":"tag-area","10":"tag-balonmano","11":"tag-conviven","12":"tag-deportes","13":"tag-equipos","14":"tag-es","15":"tag-espana","16":"tag-handball","17":"tag-seis","18":"tag-spain","19":"tag-sports"},"share_on_mastodon":{"url":"","error":""},"_links":{"self":[{"href":"https:\/\/www.europesays.com\/es\/wp-json\/wp\/v2\/posts\/111864","targetHints":{"allow":["GET"]}}],"collection":[{"href":"https:\/\/www.europesays.com\/es\/wp-json\/wp\/v2\/posts"}],"about":[{"href":"https:\/\/www.europesays.com\/es\/wp-json\/wp\/v2\/types\/post"}],"author":[{"embeddable":true,"href":"https:\/\/www.europesays.com\/es\/wp-json\/wp\/v2\/users\/2"}],"replies":[{"embeddable":true,"href":"https:\/\/www.europesays.com\/es\/wp-json\/wp\/v2\/comments?post=111864"}],"version-history":[{"count":0,"href":"https:\/\/www.europesays.com\/es\/wp-json\/wp\/v2\/posts\/111864\/revisions"}],"wp:featuredmedia":[{"embeddable":true,"href":"https:\/\/www.europesays.com\/es\/wp-json\/wp\/v2\/media\/111865"}],"wp:attachment":[{"href":"https:\/\/www.europesays.com\/es\/wp-json\/wp\/v2\/media?parent=111864"}],"wp:term":[{"taxonomy":"category","embeddable":true,"href":"https:\/\/www.europesays.com\/es\/wp-json\/wp\/v2\/categories?post=111864"},{"taxonomy":"post_tag","embeddable":true,"href":"https:\/\/www.europesays.com\/es\/wp-json\/wp\/v2\/tags?post=111864"}],"curies":[{"name":"wp","href":"https:\/\/api.w.org\/{rel}","templated":true}]}}