{"id":111868,"date":"2025-09-13T07:49:09","date_gmt":"2025-09-13T07:49:09","guid":{"rendered":"https:\/\/www.europesays.com\/es\/111868\/"},"modified":"2025-09-13T07:49:09","modified_gmt":"2025-09-13T07:49:09","slug":"vuelta-a-espana-2025-hoy-etapa-20-perfil-y-recorrido","status":"publish","type":"post","link":"https:\/\/www.europesays.com\/es\/111868\/","title":{"rendered":"Vuelta a Espa\u00f1a 2025 hoy, etapa 20: perfil y recorrido"},"content":{"rendered":"<p class=\"\">El sue\u00f1o de cualquier organizador es que la carrera se decida en la \u00faltima jornada (m\u00e1s all\u00e1 del <b>\u2018paseo\u2019 final, en Madrid<\/b> en este caso m\u00e1s all\u00e1 de la lucha por la etapa) y es lo que va a suceder en La Vuelta 2025. Es obvio que <a href=\"https:\/\/as.com\/ciclismo\/vuelta_espana\/vingegaard-el-esprint-fue-algo-improvisado-n\/\" target=\"_self\" rel=\"nofollow noopener\" title=\"https:\/\/as.com\/ciclismo\/vuelta_espana\/vingegaard-el-esprint-fue-algo-improvisado-n\/\"><b>Jonas Vingegaard (28 a\u00f1os) tiene todo de cara por estar al frente con una renta de 44\u201d sobre Jo\u00e3o Almeida.<\/b><\/a> La diferencia eran 40 ayer en Rueda por la ma\u00f1ana y 4 m\u00e1s por la tarde en Guijuelo. Un esprint intermedio que no afront\u00f3 el equipo <b>UAE <\/b>con las mejores garant\u00edas y del que Vingegaard se aprovech\u00f3.<\/p>\n<p><img decoding=\"async\" src=\"https:\/\/www.europesays.com\/es\/wp-content\/uploads\/2025\/09\/Q26UYI2U6VC53PQYP6GVNHGFAA.png\" alt=\"Vuelta a Espa\u00f1a 2025 hoy, etapa 20: perfil y recorrido\" height=\"2372\" width=\"1200\"   loading=\"lazy\"\/>Perfil y altimetr\u00edas de la 20\u00aa etapa de La Vuelta 2025.Diario AS<\/p>\n<p class=\"\"><b> \u201cUna mala colocaci\u00f3n en una de las rotondas previas\u201d,<\/b> lamentan desde el equipo del portugu\u00e9s. No cambia en exceso la situaci\u00f3n ante el men\u00fa que hay hoy por delante ya con Madrid al fondo, y nunca mejor dicho, porque es lo que se ver\u00e1 desde la <a href=\"https:\/\/as.com\/ciclismo\/vuelta_espana\/vuelta-a-espana-2025-recorrido-etapas-y-perfiles-de-la-80-edicion-de-la-prueba-n\/\" target=\"_self\" rel=\"nofollow noopener\" title=\"https:\/\/as.com\/ciclismo\/vuelta_espana\/vuelta-a-espana-2025-recorrido-etapas-y-perfiles-de-la-80-edicion-de-la-prueba-n\/\"><b>cima de la Bola del Mundo,<\/b><\/a> el punto en el que se conocer\u00e1 antes de las 17:30 el ganador de la edici\u00f3n del 90 aniversario. Son en total cinco subidas, siendo las tres primeras m\u00e1s llevaderas (el Alto del Le\u00f3n, de 2\u00aa, fue la primera subida puntuable en la historia de La Vuelta) antes de afrontar la <b>doble ascensi\u00f3n a Navacerrada\u2026<\/b> pero la segunda con un componente extra: la subida a la Bola del Mundo.<\/p>\n<p class=\"\">Giro a derechas y poco m\u00e1s de 3 km ic\u00f3nicos, dur\u00edsimos y decisivos. Ser\u00e1 la tercera vez en la historia que sean meta de La Vuelta despu\u00e9s de las ediciones de 2010 y 2012, ambas tambi\u00e9n en la jornada 20, como hoy. <a href=\"https:\/\/as.com\/ciclismo\/vuelta_espana\/aranazo-de-vingegaard-n\/\" target=\"_self\" rel=\"nofollow noopener\" title=\"https:\/\/as.com\/ciclismo\/vuelta_espana\/aranazo-de-vingegaard-n\/\">\u201cNo contaba con los 4\u201d de las bonificaciones, lo que hace que la ventaja sea mejor,<\/a> pero no creo se decida La Vuelta por eso. S\u00e9 que la Bola del Mundo es una subida ic\u00f3nica, y vi en v\u00eddeos la ascensi\u00f3n de <b>2012 con Contador, Valverde y Purito\u201d,<\/b> cuenta Vingegaard sobre sus conocimientos acerca de una subida que nunca ha realizado. Sobre el papel espera \u201cdefender\u201d m\u00e1s que \u201catacar\u201d. <\/p>\n<p class=\"\">\u201cDebo pensar en este maillot rojo que llevo, y si se pone de cara la etapa\u2026 pero lo importante es la general. Espero tener grandes piernas. <b>Almeida es un corredor que hace grandes esfuerzos a ritmo sostenido durante mucho tiempo, por lo que no es sencillo estar a su rueda\u201d,<\/b> explica el del Visma. Son varias las veces que el l\u00edder perdi\u00f3 La Vuelta en la Sierra de Guadarrama (Dumoulin, en 2015, el mejor ejemplo), y Vingegaard lo sabe. \u201cHar\u00e9 todo lo que est\u00e9 en mi mano para que no suceda esta vez\u201d, a\u00f1adi\u00f3 el doble ganador del Tour de Francia. En el UAE no se rinden. <b>\u201cTenemos que ser agresivos y no escondernos. Tenemos poco que perder\u201d, cuenta Matxin,<\/b> Team Manager del UAE.<\/p>\n<p>Noticias relacionadas<a href=\"https:\/\/as.com\/ciclismo\/vuelta_espana\/landa-una-renuncia-con-rabia-n\/\" class=\"s_m_w\" title=\"El alav\u00e9s (35 a\u00f1os) llam\u00f3 al seleccionador, Valverde, para decirle que no ir\u00eda al Mundial por sus problemas de espalda. \u201cIr\u00e9 a Italia\u201d, cuenta Mikel a AS.\" data-tb-link=\"\" rel=\"nofollow noopener\" target=\"_blank\"><img decoding=\"async\" src=\"https:\/\/www.europesays.com\/es\/wp-content\/uploads\/2025\/09\/1757749748_211_5FUNLJD6GVGHVHTYEPLMXPZ4FY.jpg\" alt=\"Landa, una renuncia \u201ccon rabia\u201d\" class=\"\" height=\"1\" width=\"1\"   loading=\"lazy\" data-tb-thumbnail=\"\"\/><\/a><a href=\"https:\/\/as.com\/ciclismo\/vuelta_espana\/vingegaard-el-esprint-fue-algo-improvisado-n\/\" class=\"s_m_w\" title=\"El dan\u00e9s bonifica 4 segundos en el esprint intermedio de Salamanca para llegar m\u00e1s l\u00edder a la Bola del Mundo. \u201cNo estaba planificado\u201d, cuenta el dan\u00e9s.\" data-tb-link=\"\" rel=\"nofollow noopener\" target=\"_blank\"><img decoding=\"async\" src=\"https:\/\/www.europesays.com\/es\/wp-content\/uploads\/2025\/09\/1757749749_137_5GDKT2277JFEVPDQPXFMKUBJH4.jpg\" alt=\"Vingegaard: \u201cEstos 4\u2033 no decidir\u00e1n La Vuelta, pero mejor as\u00ed\u201d\" class=\"\" height=\"1\" width=\"1\"   loading=\"lazy\" data-tb-thumbnail=\"\"\/><\/a><\/p>\n<p class=\"\">Obviamente, la preocupaci\u00f3n por la presencia de manifestantes a favor de Palestina, y en contra del equipo Israel, es alta y habr\u00e1 <b>1.100 agentes y 400 de Guardia Civil para poder asegurar el correcto desarrollo<\/b> de la prueba. Ser\u00e1 un blindaje al nivel \u2018Cumbre OTAN\u2019. Que La Vuelta se decida con normalidad.<\/p>\n<p class=\"\"><b>\u00a1Tus opiniones importan!<\/b> Comenta en los art\u00edculos y suscr\u00edbete gratis a nuestra <a href=\"https:\/\/asfan.as.com\/newsletters\/\" target=\"_blank\" rel=\"nofollow noopener\" title=\"https:\/\/asfan.as.com\/newsletters\/\">newsletter<\/a> y a las alertas informativas en la <a href=\"https:\/\/as.com\/aplicacion-de-as-n\/\" target=\"_blank\" rel=\"nofollow noopener\" title=\"https:\/\/as.com\/aplicacion-de-as-n\/\">App<\/a> o el canal de <a href=\"https:\/\/www.whatsapp.com\/channel\/0029VaAasdA7j6g745nz9M10\" target=\"_blank\" rel=\"nofollow noopener\" title=\"https:\/\/www.whatsapp.com\/channel\/0029VaAasdA7j6g745nz9M10\">WhatsApp<\/a>. \u00bfBuscas licenciar contenido? Haz clic <a href=\"https:\/\/profesional.elpais.com\/soluciones-sindicacion?utm_medium=interno&amp;utm_source=crosslinking&amp;utm_campaign=sindicacion_as_pie_articulos\" target=\"_blank\" rel=\"nofollow noopener\" title=\"https:\/\/profesional.elpais.com\/soluciones-sindicacion?utm_medium=interno&amp;utm_source=crosslinking&amp;utm_campaign=sindicacion_as_pie_articulos\">aqu\u00ed<\/a><\/p>\n","protected":false},"excerpt":{"rendered":"El sue\u00f1o de cualquier organizador es que la carrera se decida en la \u00faltima jornada (m\u00e1s all\u00e1 del&hellip;\n","protected":false},"author":2,"featured_media":111869,"comment_status":"","ping_status":"","sticky":false,"template":"","format":"standard","meta":{"footnotes":""},"categories":[273],"tags":[313,312,168,25,24,23,167],"class_list":{"0":"post-111868","1":"post","2":"type-post","3":"status-publish","4":"format-standard","5":"has-post-thumbnail","7":"category-ciclismo","8":"tag-ciclismo","9":"tag-cycling","10":"tag-deportes","11":"tag-es","12":"tag-espana","13":"tag-spain","14":"tag-sports"},"share_on_mastodon":{"url":"","error":""},"_links":{"self":[{"href":"https:\/\/www.europesays.com\/es\/wp-json\/wp\/v2\/posts\/111868","targetHints":{"allow":["GET"]}}],"collection":[{"href":"https:\/\/www.europesays.com\/es\/wp-json\/wp\/v2\/posts"}],"about":[{"href":"https:\/\/www.europesays.com\/es\/wp-json\/wp\/v2\/types\/post"}],"author":[{"embeddable":true,"href":"https:\/\/www.europesays.com\/es\/wp-json\/wp\/v2\/users\/2"}],"replies":[{"embeddable":true,"href":"https:\/\/www.europesays.com\/es\/wp-json\/wp\/v2\/comments?post=111868"}],"version-history":[{"count":0,"href":"https:\/\/www.europesays.com\/es\/wp-json\/wp\/v2\/posts\/111868\/revisions"}],"wp:featuredmedia":[{"embeddable":true,"href":"https:\/\/www.europesays.com\/es\/wp-json\/wp\/v2\/media\/111869"}],"wp:attachment":[{"href":"https:\/\/www.europesays.com\/es\/wp-json\/wp\/v2\/media?parent=111868"}],"wp:term":[{"taxonomy":"category","embeddable":true,"href":"https:\/\/www.europesays.com\/es\/wp-json\/wp\/v2\/categories?post=111868"},{"taxonomy":"post_tag","embeddable":true,"href":"https:\/\/www.europesays.com\/es\/wp-json\/wp\/v2\/tags?post=111868"}],"curies":[{"name":"wp","href":"https:\/\/api.w.org\/{rel}","templated":true}]}}