{"id":111882,"date":"2025-09-13T07:58:05","date_gmt":"2025-09-13T07:58:05","guid":{"rendered":"https:\/\/www.europesays.com\/es\/111882\/"},"modified":"2025-09-13T07:58:05","modified_gmt":"2025-09-13T07:58:05","slug":"el-cautivo-eddington-sigue-mi-voz-y-todos-los-estrenos-en-cines-libertad-digital","status":"publish","type":"post","link":"https:\/\/www.europesays.com\/es\/111882\/","title":{"rendered":"&#8216;El Cautivo&#8217;, &#8216;Eddington&#8217;, &#8216;Sigue mi voz&#8217; y todos los estrenos en cines &#8211; Libertad Digital"},"content":{"rendered":"<p>Esta semana hay hasta <strong>11 estrenos en las salas de cine<\/strong>, desde pel\u00edculas con grandes estrellas al terror psicol\u00f3gico, animaci\u00f3n y cine independiente. Los repasamos todos empezando por el que m\u00e1s est\u00e1 dando que habla <strong>El Cautivo<\/strong>, de <strong>Alejandro Amen\u00e1bar<\/strong>.<\/p>\n<p>El Cervantes de la pol\u00e9mica<\/p>\n<p>La noticia de que <strong>Alejandro Amen\u00e1bar<\/strong>, uno de los directores m\u00e1s importantes e internacionales del cine espa\u00f1ol, estaba preparando una pel\u00edcula sobre <strong>Miguel de Cervantes<\/strong> gener\u00f3 mucho inter\u00e9s. Sin embargo, con las primeras im\u00e1genes y el teaser (el primer tr\u00e1iler que sirve de adelanto) de El Cautivo comenz\u00f3 la pol\u00e9mica. En aquellas im\u00e1genes se insinuaba que el <strong>escritor espa\u00f1ol m\u00e1s universal habr\u00eda tenido una relaci\u00f3n homosexual<\/strong>.<\/p>\n<p>Una vez vista la pel\u00edcula se confirma que de insinuaci\u00f3n nada, en El Cautivo se ve expl\u00edcitamente c\u00f3mo <strong>Miguel de Cervantes mantiene una relaci\u00f3n homosexual con su captor, Haz\u00e1n Baj\u00e1<\/strong>. Esto no es ning\u00fan spoiler ya que el propio <strong>Amen\u00e1bar ha hablado sobre ello durante la promoci\u00f3n <\/strong>de la pel\u00edcula, que tristemente ha versado principalmente sobre ello. Lo que podr\u00eda haber sido una gran pel\u00edcula hist\u00f3rica sobre uno de los personajes m\u00e1s importantes y apasionantes de nuestra historia, realizada por uno de los directores m\u00e1s importantes del cine espa\u00f1ol, al final ha quedado reducida a la pol\u00e9mica.<\/p>\n<p><a class=\"fancybox\" href=\"https:\/\/s1.staticld.com\/2025\/09\/11\/el-cautivo-de-alejandro-amenabar.jpg\" rel=\"nofollow noreferrer noopener\" target=\"_blank\"><img class=\"l\" data-  style=\"aspect-ratio: 2560 \/ 1707\" alt=\"el-cautivo-de-alejandro-amenabar.jpg\"\/><\/a><\/p>\n<p>&#8216;El Cautivo&#8217;.<\/p>\n<p>Amen\u00e1bar ha contado como asesor de la pel\u00edcula con el historiador y experto cervantista <strong>Jos\u00e9 Manuel Luc\u00eda Meg\u00edas<\/strong> que ha asegurado que el que diga que Cervantes era homosecxual miente porque no hay validez hist\u00f3rica. Amen\u00e1bar durante la promoci\u00f3n de El Cautivo ha destacado que el hecho de que el escritor tuviera, seg\u00fan su versi\u00f3n, ese amor con su captor pudo deberse a un esp\u00edritu de supervivencia. Sin embargo, en la pel\u00edcula se <strong>involucra a otro personaje hist\u00f3rico <\/strong>para asegurar que las \u00abpr\u00e1cticas sodomitas\u00bb de Cervantes ven\u00edan desde antes de su captura por corsarios moros.<\/p>\n<p>Controvertida tambi\u00e9n es la visi\u00f3n que Amen\u00e1bar da tanto de Argel y <strong>el Islam como gran fuente de libertad <\/strong>frente a la <strong>negra, oscura y represiva Espa\u00f1a cristiana<\/strong>. De hecho, cada vez que vemos una escena de tortura de los moros hacia sus cautivos cristianos un personaje pone la postilla de \u00abnosotros hacemos lo mismo o incluso peor con ellos en Espa\u00f1a\u00bb a modo de justificaci\u00f3n.<\/p>\n<blockquote>\n<p>T\u00edtulo: El cautivo<br \/>G\u00e9nero: Aventura, his\u00f3ricca<br \/>Pa\u00eds: Espa\u00f1a &#8211; Italia<br \/>A\u00f1o: 2025<br \/>Duraci\u00f3n: 134 minutos<br \/>Director Alejandro Amen\u00e1bar<br \/>Reparto: Julio Pe\u00f1a, Alessandro Borghi, Miguel Rell\u00e1n, Fernando Tejero, Jos\u00e9 Manuel Poga, Luis Callejo, Roberto \u00c1lamo, C\u00e9sar Sarachu, Luna Berroa<br \/>Distribuidora: Disney<br \/>Fecha de estreno en Espa\u00f1a: 12 de septiembre de 2025<\/p>\n<\/blockquote>\n<p>Ari Aster enfrenta a Joaquin Phoenix y Pedro Pascal<\/p>\n<p>Cuando se habla de directores singulares sin lugar a dudas hay que hablar de Ari Aster (Midsommar, Beau&#8230;). En su nuevo trabajo, <strong>Eddington,<\/strong> nos sit\u00faa en aislado pueblo de Nuevo M\u00e9xico durante la pandemia en 2020. Las dos autoridades de la localidad, el <strong>sheriff (Joaquin Phoenix) y el alcalde (Pedro Pascal) est\u00e1n enfrentados<\/strong>, a nivel personal y profesional. El <strong>uso de la mascarilla<\/strong>, los conspiranoicos, los oportunistas, los populistas&#8230; todo se mezcla en un film inclasificable que despert\u00f3 pasiones y odios a su paso por Cannes.<\/p>\n<blockquote>\n<p>T\u00edtulo: Eddington<br \/>G\u00e9nero: Drama &#8211; Comedia &#8211; Oeste<br \/>Pa\u00eds: Finlandia &#8211; Estados Unidos<br \/>A\u00f1o: 2025<br \/>Duraci\u00f3n: 148 minutos<br \/>Director Ari Aster<br \/>Reparto: Joaquin Phoenix, Pedro Pascal, Luke Grimes, Deirdre O&#8217;Connell, Micheal Ward, Clifton Collins Jr., Austin Butler, Emma Stone, Am\u00e9lie Hoeferle<br \/>Distribuidora: Universal Pictures<br \/>Fecha de estreno en Espa\u00f1a: 12 de septiembre de 2025<\/p>\n<\/blockquote>\n<p><a class=\"fancybox\" href=\"https:\/\/s1.staticld.com\/2025\/09\/12\/eddington-phoenix-pascal.jpg\" rel=\"nofollow noreferrer noopener\" target=\"_blank\"><img class=\"l\" data-  style=\"aspect-ratio: 8 \/ 5\" alt=\"eddington-phoenix-pascal.jpg\"\/><\/a><\/p>\n<p>&#8216;Eddington&#8217;.<\/p>\n<p>Acci\u00f3n, romance y terror<\/p>\n<p>Entre el resto de estrenos encontramos<strong> Fritos a balazos<\/strong>, con Kevin James en un cambio de registro. Da vida a un expolic\u00eda y <strong>padre de familia que trabajaba para la mafia sin que lo supieran sus hijos<\/strong>. Un nuevo jefe toma el control de la banda y este hombre tendr\u00e1 s\u00f3lo una noche para sacar a su familia de la ciudad.<\/p>\n<blockquote>\n<p>T\u00edtulo: Fritos a balazos<br \/>G\u00e9nero: Comedia &#8211; Acci\u00f3n<br \/>Pa\u00eds: Estados Unidos<br \/>A\u00f1o: 2025<br \/>Duraci\u00f3n: 91 minutos<br \/>Director Edward Drake<br \/>Reparto: Kevin James, Christina Ricci, Luis Guzm\u00e1n, Melissa Leo<br \/>Distribuidora: Diamond Films<br \/>Fecha de estreno en Espa\u00f1a: 12 de septiembre de 2025<\/p>\n<\/blockquote>\n<p>El romance corre a cargo de la espa\u00f1ola <strong>Sigue mi voz<\/strong>, basada en un bestseller. Una joven lleva mucho tiempo encerrada en casa por problemas de salud. La joven pasa el tiempo escuchando un programa de radio, tanto que <strong>se enamora del presentador<\/strong>. \u00bfEs posible enamorarse de alguien al que no se le pone cara?<\/p>\n<p>Para los amantes del terror tienen la pel\u00edcula de Nueva Zelanda <strong>La ley de Jenny Pe <\/strong>en la que un juez termina en una residencia de ancianos donde uno de los residentes impone su tiran\u00eda al resto.<\/p>\n<p>Para los que prefieran animaci\u00f3n en la cartelera hay para todos los gustos, desde la japonesa <strong>Guardianes de la noche: Kimetsu No Yaiba la fortaleza infinita<\/strong>, a la noruega <strong>Capit\u00e1n Diente de Sable y la Condesa de Grel <\/strong>o la canadiense <strong>Super agente Hitpig.<\/strong><\/p>\n<p>Entre el cine independiente encontramos la espa\u00f1ola <strong>Jone, a veces<\/strong>, la argentina <strong>Sim\u00f3n, a la monta\u00f1a <\/strong>y la corproducci\u00f3n entre Brasil, Italia y L\u00edbano <strong>Retrato de un cierto Oriente.<\/strong><\/p>\n<p><strong>Pincha en el audio<\/strong> para descubrir todos los detalles sin spoilers de las pel\u00edculas.<\/p>\n","protected":false},"excerpt":{"rendered":"Esta semana hay hasta 11 estrenos en las salas de cine, desde pel\u00edculas con grandes estrellas al terror&hellip;\n","protected":false},"author":2,"featured_media":111883,"comment_status":"","ping_status":"","sticky":false,"template":"","format":"standard","meta":{"footnotes":""},"categories":[169],"tags":[13339,177,37056,146,147,25,24,176,34786,175,3889,23],"class_list":{"0":"post-111882","1":"post","2":"type-post","3":"status-publish","4":"format-standard","5":"has-post-thumbnail","7":"category-cine","8":"tag-alejandro-amenabar","9":"tag-cine","10":"tag-eddington","11":"tag-entertainment","12":"tag-entretenimiento","13":"tag-es","14":"tag-espana","15":"tag-film","16":"tag-miguel-de-cervantes","17":"tag-movies","18":"tag-sector-del-cine","19":"tag-spain"},"share_on_mastodon":{"url":"","error":""},"_links":{"self":[{"href":"https:\/\/www.europesays.com\/es\/wp-json\/wp\/v2\/posts\/111882","targetHints":{"allow":["GET"]}}],"collection":[{"href":"https:\/\/www.europesays.com\/es\/wp-json\/wp\/v2\/posts"}],"about":[{"href":"https:\/\/www.europesays.com\/es\/wp-json\/wp\/v2\/types\/post"}],"author":[{"embeddable":true,"href":"https:\/\/www.europesays.com\/es\/wp-json\/wp\/v2\/users\/2"}],"replies":[{"embeddable":true,"href":"https:\/\/www.europesays.com\/es\/wp-json\/wp\/v2\/comments?post=111882"}],"version-history":[{"count":0,"href":"https:\/\/www.europesays.com\/es\/wp-json\/wp\/v2\/posts\/111882\/revisions"}],"wp:featuredmedia":[{"embeddable":true,"href":"https:\/\/www.europesays.com\/es\/wp-json\/wp\/v2\/media\/111883"}],"wp:attachment":[{"href":"https:\/\/www.europesays.com\/es\/wp-json\/wp\/v2\/media?parent=111882"}],"wp:term":[{"taxonomy":"category","embeddable":true,"href":"https:\/\/www.europesays.com\/es\/wp-json\/wp\/v2\/categories?post=111882"},{"taxonomy":"post_tag","embeddable":true,"href":"https:\/\/www.europesays.com\/es\/wp-json\/wp\/v2\/tags?post=111882"}],"curies":[{"name":"wp","href":"https:\/\/api.w.org\/{rel}","templated":true}]}}