{"id":111911,"date":"2025-09-13T08:19:09","date_gmt":"2025-09-13T08:19:09","guid":{"rendered":"https:\/\/www.europesays.com\/es\/111911\/"},"modified":"2025-09-13T08:19:09","modified_gmt":"2025-09-13T08:19:09","slug":"la-serie-de-tve-que-es-una-copia-flagante-de-la-promesa","status":"publish","type":"post","link":"https:\/\/www.europesays.com\/es\/111911\/","title":{"rendered":"La serie de TVE que es una \u00abcopia flagante\u00bb de &#8216;La Promesa&#8217;"},"content":{"rendered":"<p data-journey-content=\"true\" data-node-id=\"3\" class=\"css-i9p093 emevuu60\">Cuando se estren\u00f3 &#8216;<a href=\"https:\/\/www.diezminutos.es\/telenovela-la-promesa\/\" target=\"_blank\" data-vars-ga-outbound-link=\"https:\/\/www.diezminutos.es\/telenovela-la-promesa\/\" data-vars-ga-ux-element=\"Hyperlink\" data-vars-ga-call-to-action=\"La Promesa\" data-node-id=\"3.1\" data-mrf-link=\"https:\/\/www.diezminutos.es\/telenovela-la-promesa\/\" class=\"body-link css-177bzfx emevuu60\" rel=\"nofollow noopener\">La Promesa<\/a>&#8216;, en La 1 de RTVE, hace ahora dos a\u00f1os y medio, la cadena decidi\u00f3 <strong data-node-id=\"3.3\">reponer <\/strong>tambi\u00e9n en las tardes de La 1 y justo a continuaci\u00f3n de la historia de los <strong data-node-id=\"3.5\">marqueses de Luj\u00e1n<\/strong>, una telenovela de \u00e9poca espa\u00f1ola, que hab\u00eda sido emitida hac\u00eda 13 a\u00f1os, <strong data-node-id=\"3.7\"><a href=\"https:\/\/www.diezminutos.es\/telenovela\/espanolas\/a63491184\/roberto-enriquez-la-moderna-fichaje-la-senora-la-cocinera-de-castamar\/\" target=\"_blank\" data-vars-ga-outbound-link=\"https:\/\/www.diezminutos.es\/telenovela\/espanolas\/a63491184\/roberto-enriquez-la-moderna-fichaje-la-senora-la-cocinera-de-castamar\/\" data-vars-ga-ux-element=\"Hyperlink\" data-vars-ga-call-to-action=\"&#039;La se\u00f1ora&#039;\" data-mrf-link=\"https:\/\/www.diezminutos.es\/telenovela\/espanolas\/a63491184\/roberto-enriquez-la-moderna-fichaje-la-senora-la-cocinera-de-castamar\/\" data-node-id=\"3.7.0\" class=\"body-link css-177bzfx emevuu60\" rel=\"nofollow noopener\">&#8216;La Se\u00f1ora&#8217;<\/a><\/strong>. Esta decisi\u00f3n provoc\u00f3 el <strong data-node-id=\"3.9\">disgusto y enfado<\/strong> de la creadora y guionista de esta \u00faltima producci\u00f3n, <strong data-node-id=\"3.11\">Virginia Yag\u00fce<\/strong>, que no solo critic\u00f3 que se emitiera su serie a diario (\u00abNo fue dise\u00f1ada para ese formato, sino para el prime time\u00bb), sino que adem\u00e1s <strong data-node-id=\"3.15\">se\u00f1al\u00f3 que &#8216;La Promesa&#8217; era \u00abuna copia flagrante\u00bb.<\/strong><\/p>\n<p data-journey-content=\"true\" data-node-id=\"6\" class=\"css-i9p093 emevuu60\">Hoy queremos hablarte de <strong data-node-id=\"6.1\">&#8216;La Se\u00f1ora&#8217;<\/strong>, una ficci\u00f3n que tuvo un gran \u00e9xito en su momento, siendo una de las <strong data-node-id=\"6.3\">ficciones de \u00e9poca <\/strong>m\u00e1s atractivas de la primera d\u00e9cada del presente siglo y convirti\u00e9ndose en l\u00edder de audiencia en el prime time de La 1. Hoy en d\u00eda puedes verla en Prime Video. <\/p>\n<p><img draggable=\"true\" alt=\"la se\u00f1ora tve\" title=\"la se\u00f1ora tve\" loading=\"lazy\" width=\"2100\" height=\"1181\" decoding=\"async\" data-nimg=\"1\" style=\"color:transparent;width:100%;height:auto;\"   src=\"https:\/\/www.europesays.com\/es\/wp-content\/uploads\/2025\/09\/la-senora-68a6f69f3c629.jpg\" class=\"css-0 e1g79fud0\"\/><\/p>\n<p>Productora<\/p>\n<p>&#8216;La Se\u00f1ora&#8217;, una historia de amor en medio de la lucha entre clases sociales<\/p>\n<p data-journey-content=\"true\" data-node-id=\"10\" class=\"css-i9p093 emevuu60\">Protagonizada por <strong data-node-id=\"10.1\"><strong data-node-id=\"10.1.0\">Adriana Ugarte <\/strong><\/strong>(<a href=\"https:\/\/www.diezminutos.es\/teleprograma\/series-tv\/a43550245\/heridas-serie-espanola-reparto-donde-ver-estreno\/\" target=\"_blank\" data-vars-ga-outbound-link=\"https:\/\/www.diezminutos.es\/teleprograma\/series-tv\/a43550245\/heridas-serie-espanola-reparto-donde-ver-estreno\/\" data-vars-ga-ux-element=\"Hyperlink\" data-vars-ga-call-to-action=\"&#039;Heridas&#039;\" data-mrf-link=\"https:\/\/www.diezminutos.es\/teleprograma\/series-tv\/a43550245\/heridas-serie-espanola-reparto-donde-ver-estreno\/\" data-node-id=\"10.3\" class=\"body-link css-177bzfx emevuu60\" rel=\"nofollow noopener\">&#8216;Heridas&#8217;<\/a>) <strong data-node-id=\"10.5\">y<\/strong><strong data-node-id=\"10.6\"><strong data-node-id=\"10.6.0\"> Rodolfo Sancho <\/strong><\/strong>-a quien pronto veremos en la nueva temporada de <a href=\"https:\/\/www.diezminutos.es\/teleprograma\/series-tv\/a65412780\/rodolfo-sancho-entre-tierras-2-serie-megan-montaner-antena-3-primeras-imagenes\/\" target=\"_blank\" data-vars-ga-outbound-link=\"https:\/\/www.diezminutos.es\/teleprograma\/series-tv\/a65412780\/rodolfo-sancho-entre-tierras-2-serie-megan-montaner-antena-3-primeras-imagenes\/\" data-vars-ga-ux-element=\"Hyperlink\" data-vars-ga-call-to-action=\"&#039;Entre tierras&#039;\" data-node-id=\"10.8\" data-mrf-link=\"https:\/\/www.diezminutos.es\/teleprograma\/series-tv\/a65412780\/rodolfo-sancho-entre-tierras-2-serie-megan-montaner-antena-3-primeras-imagenes\/\" class=\"body-link css-177bzfx emevuu60\" rel=\"nofollow noopener\">&#8216;Entre tierras&#8217;<\/a>, tras varios a\u00f1os <a href=\"https:\/\/www.diezminutos.es\/famosos-corazon\/famosos-espanoles\/a65605345\/rodolfo-sancho-garcia-montes-comunicado-tardear\/\" target=\"_blank\" data-vars-ga-outbound-link=\"https:\/\/www.diezminutos.es\/famosos-corazon\/famosos-espanoles\/a65605345\/rodolfo-sancho-garcia-montes-comunicado-tardear\/\" data-vars-ga-ux-element=\"Hyperlink\" data-vars-ga-call-to-action=\"alejado de las pantallas por la detenci\u00f3n de su hijo en Tailandia\" data-node-id=\"10.10\" data-mrf-link=\"https:\/\/www.diezminutos.es\/famosos-corazon\/famosos-espanoles\/a65605345\/rodolfo-sancho-garcia-montes-comunicado-tardear\/\" class=\"body-link css-177bzfx emevuu60\" rel=\"nofollow noopener\">alejado de las pantallas a ra\u00edz de la detenci\u00f3n de su hijo en Tailandia<\/a>-, cuenta entre su elenco con otros destacados nombres como <strong data-node-id=\"10.12\">Roberto Enr\u00edquez, Berta Ojea<\/strong>, <a href=\"https:\/\/www.diezminutos.es\/teleprograma\/series-tv\/a26620197\/la-otra-mirada-ana-wagener-segunda-temporada-grabacion-anecdotas\/\" target=\"_blank\" data-vars-ga-outbound-link=\"https:\/\/www.diezminutos.es\/teleprograma\/series-tv\/a26620197\/la-otra-mirada-ana-wagener-segunda-temporada-grabacion-anecdotas\/\" data-vars-ga-ux-element=\"Hyperlink\" data-vars-ga-call-to-action=\"Ana Wagener\" data-mrf-link=\"https:\/\/www.diezminutos.es\/teleprograma\/series-tv\/a26620197\/la-otra-mirada-ana-wagener-segunda-temporada-grabacion-anecdotas\/\" data-node-id=\"10.14\" class=\"body-link css-177bzfx emevuu60\" rel=\"nofollow noopener\">Ana Wagener<\/a>, <strong data-node-id=\"10.16\">Carmen Conesa<\/strong> o <strong data-node-id=\"10.18\">V\u00edctor Clavijo<\/strong>., y tiene tres temporadas y 39 episodios. <\/p>\n<p data-journey-content=\"true\" data-node-id=\"14\" class=\"css-i9p093 emevuu60\"><strong data-node-id=\"14.0\">La historia de <a href=\"https:\/\/www.diezminutos.es\/telenovela\/espanolas\/a44722016\/la-senora-vuelve-rtve-la-1\/\" target=\"_blank\" data-vars-ga-outbound-link=\"https:\/\/www.diezminutos.es\/telenovela\/espanolas\/a44722016\/la-senora-vuelve-rtve-la-1\/\" data-vars-ga-ux-element=\"Hyperlink\" data-vars-ga-call-to-action=\"&#039;La Se\u00f1ora&#039;\" data-mrf-link=\"https:\/\/www.diezminutos.es\/telenovela\/espanolas\/a44722016\/la-senora-vuelve-rtve-la-1\/\" data-node-id=\"14.0.1\" class=\"body-link css-177bzfx emevuu60\" rel=\"nofollow noopener\">&#8216;La Se\u00f1ora&#8217;<\/a> <\/strong>se sit\u00faa en una peque\u00f1a ciudad del norte del pa\u00eds y <strong data-node-id=\"14.2\">gira en torno a dos j\u00f3venes de clases sociales<\/strong> <strong data-node-id=\"14.4\">muy diferentes<\/strong> que se enamoran en medio de la Espa\u00f1a de los a\u00f1os 20 y la r\u00edgida dictadura de<strong data-node-id=\"14.6\"> Primo de Rivera.<\/strong> <strong data-node-id=\"14.8\"\/><strong data-node-id=\"14.9\">Victoria M\u00e1rquez<\/strong> (Adriana Ugarte) es hija de un empresario minero, y <strong data-node-id=\"14.11\">\u00c1ngel Gonz\u00e1lez<\/strong> (Rodolfo Sancho) pertenece a un estrato social humilde y es un hombre muy comprometido con la clase trabajadora, adem\u00e1s de contar con una <strong data-node-id=\"14.13\">gran vocaci\u00f3n religiosa<\/strong>. <\/p>\n<p><img draggable=\"true\" alt=\"la se\u00f1ora adriana ugarte\" title=\"la se\u00f1ora adriana ugarte\" loading=\"lazy\" width=\"1920\" height=\"1080\" decoding=\"async\" data-nimg=\"1\" style=\"color:transparent;width:100%;height:auto;\"   src=\"https:\/\/www.europesays.com\/es\/wp-content\/uploads\/2025\/09\/la-senora-67bf13d65885b.jpg\" class=\"css-0 e1g79fud0\"\/><\/p>\n<p>Productora<\/p>\n<p data-journey-content=\"true\" data-node-id=\"17\" class=\"css-i9p093 emevuu60\">La similitud con <strong data-node-id=\"17.1\">&#8216;La Promesa&#8217; <\/strong>es clara: en la telenovela que vemos todas las tardes en La 1, los protagonistas tambi\u00e9n son <strong data-node-id=\"17.3\">dos j\u00f3venes de clases sociales muy distintas<\/strong> que se enamoran, <strong data-node-id=\"17.5\">Manuel <\/strong>(<a href=\"https:\/\/www.diezminutos.es\/telenovela\/espanolas\/a45033237\/arturo-sancho-la-promesa-se-cambia-nombre-caso-daniel-sancho\/\" target=\"_blank\" data-vars-ga-outbound-link=\"https:\/\/www.diezminutos.es\/telenovela\/espanolas\/a45033237\/arturo-sancho-la-promesa-se-cambia-nombre-caso-daniel-sancho\/\" data-vars-ga-ux-element=\"Hyperlink\" data-vars-ga-call-to-action=\"Arturo Garc\u00eda Sancho\" data-node-id=\"17.7\" class=\"body-link css-177bzfx emevuu60\" rel=\"nofollow noopener\">Arturo Garc\u00eda Sancho<\/a>) y <strong data-node-id=\"17.9\">Jana <\/strong>(<a href=\"https:\/\/www.diezminutos.es\/telenovela\/espanolas\/a45134363\/la-promesa-ana-garces-vida-quien-es-series\/\" target=\"_blank\" data-vars-ga-outbound-link=\"https:\/\/www.diezminutos.es\/telenovela\/espanolas\/a45134363\/la-promesa-ana-garces-vida-quien-es-series\/\" data-vars-ga-ux-element=\"Hyperlink\" data-vars-ga-call-to-action=\"Ana Garc\u00e9s\" data-node-id=\"17.11\" class=\"body-link css-177bzfx emevuu60\" rel=\"nofollow noopener\">Ana Garc\u00e9s<\/a>). Adem\u00e1s, una de las tramas, habla, como &#8216;La Se\u00f1ora&#8217;, de un <strong data-node-id=\"17.13\">amor entre un cura y una joven (Samuel y Mar\u00eda Fern\u00e1ndez)<\/strong>. Sin embargo, tambi\u00e9n hay otras muchas l\u00edneas de guion que diferencian a una telenovela de la otra. \u00bfTe animas a verla?<\/p>\n<p><img src=\"https:\/\/www.europesays.com\/es\/wp-content\/uploads\/2025\/09\/1757751549_781_ded5e1ed-0131-401e-b7e8-7a68de80543b_1684752816.file\" alt=\"Headshot of Vilma Degorgue Alegre\" title=\"Headshot of Vilma Degorgue Alegre\" width=\"100%\" height=\"100%\" decoding=\"async\" loading=\"lazy\" class=\"css-o0wq4v ev8dhu53\"\/><\/p>\n<p>Vilma Degorgue es una experimentada periodista, con 30 a\u00f1os de recorrido profesional. Entre otras cosas, est\u00e1 especializada en contenidos de televisi\u00f3n, principalmente ficci\u00f3n y, m\u00e1s concretamente, en series turcas y latinoamericanas. Lleva desde el a\u00f1o 2000 entrevistando a actores y actrices mexicanos, colombianos, argentinos, chilenos, etc, y hasta 2020 estuvo viajando a diversos pa\u00edses de Am\u00e9rica Latina y Estados Unidos (Miami, Venezuela, M\u00e9xico, Colombia, Chile, Argentina, Per\u00fa) para cubrir grabaciones de series\/telenovelas que despu\u00e9s se emit\u00edan en Espa\u00f1a, y para entrevistar a los actores que formaban parte de ellas. \u00a0\u00a0\u00a0<\/p>\n<p>Desde que irrumpieron las telenovelas turcas, se ha especializado en estos productos, entrevistando a los actores que trabajan en ellas y estando al tanto de cualquier novedad en relaci\u00f3n a las ficciones y los int\u00e9rpretes de ese pa\u00eds. \u00a0\u00a0<\/p>\n<p>Nacida en Barcelona, se licenci\u00f3 en Periodismo, en 1993, en la Universidad Aut\u00f3noma de la ciudad condal, cursando dos Erasmus, uno en Francia (Grenoble) y otro en Gran Breta\u00f1a (Cardiff). Comenz\u00f3 su carrera en su ciudad natal, trabajando en Europa Press Catalunya, pero al a\u00f1o se traslad\u00f3 a Madrid, y desde 1995 trabaja en la capital de Espa\u00f1a. Ha pasado por agencias (Europa Press, Euroimagen), televisi\u00f3n (Antena3, Telecinco, RTVE y Telemadrid), revistas (Teleindiscreta, Telenovela, colaboraciones en Lecturas y Semana) y ha sido coordinadora del Portal del Consumidor de la Comunidad de Madrid. Estos a\u00f1os de experiencia, y gracias a tres idiomas que habla (franc\u00e9s, ingl\u00e9s y alem\u00e1n, adem\u00e1s de su catal\u00e1n natal) le han permitido viajar por todo el mundo para entrevistar a personajes de la vida p\u00fablica y realizar reportajes casi todos relacionados con el mundo art\u00edstico y social. \u00a0\u00a0\u00a0<\/p>\n<p>Desde el a\u00f1o 2000 est\u00e1 vinculada, entre otras empresas, a la revista Telenovela (que ahora forma parte de Diez Minutos) y, desde su paso por el Portal del Consumidor de la Comunidad de Madrid (2006-2016), se ha especializado en prensa e informaci\u00f3n digital, gracias a cursos y experiencia en webs y portales de informaci\u00f3n en internet. En los \u00faltimos a\u00f1os, ha creado dos peri\u00f3dicos digitales, <a href=\"https:\/\/elmiradordemadrid.es\/\" target=\"_blank\" rel=\"nofollow noopener\">www.elmiradordemadrid.es<\/a> y <a href=\"https:\/\/elmiradordebenidorm.es\/\" target=\"_blank\" rel=\"nofollow noopener\">www.elmiradordebenidorm.es<\/a>, que son de su propiedad y gestiona junto con otros colaboradores. \u00a0\u00a0<\/p>\n","protected":false},"excerpt":{"rendered":"Cuando se estren\u00f3 &#8216;La Promesa&#8216;, en La 1 de RTVE, hace ahora dos a\u00f1os y medio, la cadena&hellip;\n","protected":false},"author":2,"featured_media":111912,"comment_status":"","ping_status":"","sticky":false,"template":"","format":"standard","meta":{"footnotes":""},"categories":[171],"tags":[253,146,147,25,24,23,214],"class_list":{"0":"post-111911","1":"post","2":"type-post","3":"status-publish","4":"format-standard","5":"has-post-thumbnail","7":"category-tv","8":"tag-discover","9":"tag-entertainment","10":"tag-entretenimiento","11":"tag-es","12":"tag-espana","13":"tag-spain","14":"tag-tv"},"share_on_mastodon":{"url":"","error":""},"_links":{"self":[{"href":"https:\/\/www.europesays.com\/es\/wp-json\/wp\/v2\/posts\/111911","targetHints":{"allow":["GET"]}}],"collection":[{"href":"https:\/\/www.europesays.com\/es\/wp-json\/wp\/v2\/posts"}],"about":[{"href":"https:\/\/www.europesays.com\/es\/wp-json\/wp\/v2\/types\/post"}],"author":[{"embeddable":true,"href":"https:\/\/www.europesays.com\/es\/wp-json\/wp\/v2\/users\/2"}],"replies":[{"embeddable":true,"href":"https:\/\/www.europesays.com\/es\/wp-json\/wp\/v2\/comments?post=111911"}],"version-history":[{"count":0,"href":"https:\/\/www.europesays.com\/es\/wp-json\/wp\/v2\/posts\/111911\/revisions"}],"wp:featuredmedia":[{"embeddable":true,"href":"https:\/\/www.europesays.com\/es\/wp-json\/wp\/v2\/media\/111912"}],"wp:attachment":[{"href":"https:\/\/www.europesays.com\/es\/wp-json\/wp\/v2\/media?parent=111911"}],"wp:term":[{"taxonomy":"category","embeddable":true,"href":"https:\/\/www.europesays.com\/es\/wp-json\/wp\/v2\/categories?post=111911"},{"taxonomy":"post_tag","embeddable":true,"href":"https:\/\/www.europesays.com\/es\/wp-json\/wp\/v2\/tags?post=111911"}],"curies":[{"name":"wp","href":"https:\/\/api.w.org\/{rel}","templated":true}]}}