{"id":111913,"date":"2025-09-13T08:21:07","date_gmt":"2025-09-13T08:21:07","guid":{"rendered":"https:\/\/www.europesays.com\/es\/111913\/"},"modified":"2025-09-13T08:21:07","modified_gmt":"2025-09-13T08:21:07","slug":"scary-movie-6-publica-la-lista-de-peliculas-de-terror-que-seran-victimas-de-su-parodia-y-no-se-libra-nadie","status":"publish","type":"post","link":"https:\/\/www.europesays.com\/es\/111913\/","title":{"rendered":"&#8216;Scary Movie 6&#8217; publica la lista de pel\u00edculas de terror que ser\u00e1n v\u00edctimas de su parodia y no se libra nadie"},"content":{"rendered":"<p class=\"c-paragraph\"><b\/>Este verano los fans de la <b>spoof movie<\/b>\u00a0hemos tenido un fest\u00edn con <b>Ag\u00e1rralo como puedas.<\/b> De forma inesperada, esta secuela con <b>Liam Neeson y Pamela Anderson<\/b> ha resucitado el ilustre subg\u00e9nero de la comedia par\u00f3dica, si bien se ha materializado cuando ya est\u00e1n en marcha los regresos de otras cabeceras adscritas a este \u00e1mbito como <b>La loca historia de las galaxias, This is Spinal Tap <\/b>o, claro, <b>Scary Movie<\/b>.<\/p>\n<p class=\"c-paragraph\">La que vendr\u00eda a ser su sexta entrega recibi\u00f3 luz verde en abril y ahora mismo est\u00e1 planeado su estreno para el<b> 12 de junio de 2026<\/b>. Como la \u00faltima pel\u00edcula hasta la fecha, <b>Scary Movie 5<\/b>, lleg\u00f3 a cines<b> en 2013<\/b>, claramente hablamos de una resurrecci\u00f3n, quiz\u00e1 impulsada por el excelente estado del terror actual.\u00a0<\/p>\n<p class=\"c-paragraph\">Desde que empleara el t\u00edtulo anteriormente barajado para <b>Scream<\/b>, las pel\u00edculas de Scary Movie han querido burlarse de los \u00e9xitos de terror cercanos, y es ahora lo que se propone hacer con Scary Movie 6. Donde regresa, adem\u00e1s, buena parte de los art\u00edfices originales para asegurar el fervor de los fans antiguos.<\/p>\n<p class=\"c-paragraph\"><b>Anna Faris y Regina Hall<\/b> volver\u00e1n a ser las protagonistas (Cindy y Brenda) luego de su breve ausencia en Scary Movie 5. Tambi\u00e9n regresan los<b> hermanos Wayans <\/b>como directores y guionistas, en lo que supone un gran evento ya que los Wayans se apartaron de la saga all\u00e1 por<b> <\/b><b>Scary Movie 3<\/b>, al sentirse insultados por la intenci\u00f3n de <b>Miramax<\/b> (esto es, de <b>Harvey Weinstein<\/b>) de no subirles el sueldo tras los films previos. <b>Shawn y Marlon Wayans <\/b>retoman el control de su obra, y Marlon acaba de dar en <a href=\"https:\/\/comicbook.com\/movies\/news\/scary-movie-6-horror-movie-spoofs-marlon-wayans-response-comments\/\" rel=\"nofollow noreferrer noopener\" target=\"_blank\">Comic Book<\/a><a href=\"\"> <\/a>la informaci\u00f3n m\u00e1s preciada sobre la nueva entrega.<\/p>\n<p class=\"c-paragraph\">Esto es: las pel\u00edculas de terror que parodiar\u00e1 y se entremezclar\u00e1n en su trama. En esta lista hallamos sagas que ya coexist\u00edan con Scary Movie pero han regresado hace poco (caso de la mencionada Scream y de <b>S\u00e9 lo que hicisteis el \u00faltimo verano<\/b>), as\u00ed como otros t\u00edtulos: <b>Heretic, Longlegs, D\u00e9jame salir, Nop<\/b> y uno de los grandes \u00e9xitos de este 2025, <b>Los pecadores<\/b>. Los Wayans quieren recurrir a pel\u00edculas muy recientes, y as\u00ed garantizar el reconocimiento autom\u00e1tico del p\u00fablico. Por suerte, hay mucho material.<\/p>\n<p class=\"c-paragraph\">\u201cHay tantas pel\u00edculas de terror geniales <b>entre las que elegir<\/b> que nos lo vamos a pasar en grande\u201d, ha concluido Marlon Wayans.<\/p>\n","protected":false},"excerpt":{"rendered":"Este verano los fans de la spoof movie\u00a0hemos tenido un fest\u00edn con Ag\u00e1rralo como puedas. De forma inesperada,&hellip;\n","protected":false},"author":2,"featured_media":111914,"comment_status":"","ping_status":"","sticky":false,"template":"","format":"standard","meta":{"footnotes":""},"categories":[169],"tags":[177,146,147,25,24,1076,176,4417,175,38053,5336,2877,23],"class_list":{"0":"post-111913","1":"post","2":"type-post","3":"status-publish","4":"format-standard","5":"has-post-thumbnail","7":"category-cine","8":"tag-cine","9":"tag-entertainment","10":"tag-entretenimiento","11":"tag-es","12":"tag-espana","13":"tag-estos","14":"tag-film","15":"tag-los","16":"tag-movies","17":"tag-pecadores","18":"tag-scream","19":"tag-son","20":"tag-spain"},"share_on_mastodon":{"url":"","error":""},"_links":{"self":[{"href":"https:\/\/www.europesays.com\/es\/wp-json\/wp\/v2\/posts\/111913","targetHints":{"allow":["GET"]}}],"collection":[{"href":"https:\/\/www.europesays.com\/es\/wp-json\/wp\/v2\/posts"}],"about":[{"href":"https:\/\/www.europesays.com\/es\/wp-json\/wp\/v2\/types\/post"}],"author":[{"embeddable":true,"href":"https:\/\/www.europesays.com\/es\/wp-json\/wp\/v2\/users\/2"}],"replies":[{"embeddable":true,"href":"https:\/\/www.europesays.com\/es\/wp-json\/wp\/v2\/comments?post=111913"}],"version-history":[{"count":0,"href":"https:\/\/www.europesays.com\/es\/wp-json\/wp\/v2\/posts\/111913\/revisions"}],"wp:featuredmedia":[{"embeddable":true,"href":"https:\/\/www.europesays.com\/es\/wp-json\/wp\/v2\/media\/111914"}],"wp:attachment":[{"href":"https:\/\/www.europesays.com\/es\/wp-json\/wp\/v2\/media?parent=111913"}],"wp:term":[{"taxonomy":"category","embeddable":true,"href":"https:\/\/www.europesays.com\/es\/wp-json\/wp\/v2\/categories?post=111913"},{"taxonomy":"post_tag","embeddable":true,"href":"https:\/\/www.europesays.com\/es\/wp-json\/wp\/v2\/tags?post=111913"}],"curies":[{"name":"wp","href":"https:\/\/api.w.org\/{rel}","templated":true}]}}