{"id":111915,"date":"2025-09-13T08:22:05","date_gmt":"2025-09-13T08:22:05","guid":{"rendered":"https:\/\/www.europesays.com\/es\/111915\/"},"modified":"2025-09-13T08:22:05","modified_gmt":"2025-09-13T08:22:05","slug":"maria-perez-aumenta-su-leyenda-con-un-tercer-oro-mundial-ya-es-la-mejor-espanola-de-la-historia-el-mundo","status":"publish","type":"post","link":"https:\/\/www.europesays.com\/es\/111915\/","title":{"rendered":"Mar\u00eda P\u00e9rez aumenta su leyenda con un tercer oro mundial: ya es la mejor espa\u00f1ola de la historia &#8211; El Mundo"},"content":{"rendered":"<ol>\n<li><a href=\"https:\/\/news.google.com\/rss\/articles\/CBMijAFBVV95cUxPazhoa21Hb0FYYmlTUHZDRU9PQzF2LWVHQV9SR2ZndHVGVzZYOTFFSlJ0S3FlZTZVRVNtZTlYenVDa1RSdjR6ZVplSlBYZE1VRGRCelRLQ0YwWGlYakZkVVJSb3I0S3pwWXJnZEdWOWtFOXVVNjdNUnVqenJldEZacVZhLW1kdUF3UExaedIBjAFBVV95cUxPdVVabTJ5VUdGRjBiVHFGbDVBbHZ4OG53MVBzT2tMVUl3SS1FeU5TT1pQb3lxUGt3SFlNcjV5MUt2ZllScUlRRUhycjhNR0VFZk9FVUtDX29Fc3F3TGdQZXFZa0hsWWRNczFRZk82NVF0ZEhEa1IwNDlDVUtxZXpOTDQzWjJ2ay1GVjU5Zw?oc=5\" target=\"_blank\" rel=\"nofollow noopener\">Mar\u00eda P\u00e9rez aumenta su leyenda con un tercer oro mundial: ya es la mejor espa\u00f1ola de la historia<\/a>&nbsp;&nbsp;El Mundo<\/li>\n<li><a href=\"https:\/\/news.google.com\/rss\/articles\/CBMikgFBVV95cUxPbWpxRjRxZ0UyLTRJSEZST1ZscFN5c2VXM1JEajgyM0k1NkJEeDRTaFFrSW04V01QSVA4N1NuN0RMZEhnR3c4cFBkZk1Xd0dIa283Y1FRdmcwRWZubFVsMHJBSUM5cTdRTnJvU2pmbmhxbXJrMVlhOThQR3VWU01VaGFjQm13WUs1QTdCM0czakRyd9IBpgFBVV95cUxNUUxFNjk0UUZ5UGltZUFhTHdkOGtDSlc4V216dlpXZnNIUzk2d29VYWQwODVmTGFvd0R5TTZZUHFzay10WGF5OFNVbmJaVjBObU1Tc3ZXUVVmTldRWWZjN2J1dV9ybUxvZjhhTTZ2M2s1OFJwX0JrdVFHbXdpN3hFdjlFR0U0Z3BFUGZubjNkX0xQcmhKbGJJUVdaaDV6Zkc3RTFCMTNB?oc=5\" target=\"_blank\" rel=\"nofollow noopener\">Mar\u00eda P\u00e9rez arrasa en Tokio y se proclama campeona de 35 kil\u00f3metros marcha<\/a>&nbsp;&nbsp;Cadena SER<\/li>\n<li><a href=\"https:\/\/news.google.com\/rss\/articles\/CBMixgFBVV95cUxPTDJMWkFocFBZVjh3WFlyb0UwVGJSSGJndWxSVWRSM0FDQmR5bXZGS1JORzVTbUxINzdnQV9FR3Y5UXhvSjZuZFc1MGQ3N280UE5PWDJOWnFaMXVLd0ZUWkFzRkRiMGs2WG00TVRKRGdpM3hkT3E5VlF2OGpDZFZ5aF9aQkhUbV95ZDMyRUE5Slp6QUpIQmh3d1o1YWJGTmx5WVR6RnI0c3FNMGdSQmw1em1PN0pudkZXWnlLaWlrLURKcC1XbWc?oc=5\" target=\"_blank\" rel=\"nofollow noopener\">Mar\u00eda P\u00e9rez, la diosa de la marcha, consigue espl\u00e9ndidamente su tercer t\u00edtulo mundial<\/a>&nbsp;&nbsp;EL PA\u00cdS<\/li>\n<li><a href=\"https:\/\/news.google.com\/rss\/articles\/CBMiowFBVV95cUxPcnFPUDRwbWRvWHpWRDdhRl9FYXBjc3o1cWw0T25iS19iMzI1dkYzOHJqQnZ6Y0hnTkpUTFA4QlZLVVNNTFg3SDN0ZEJrTHNoSmdKUG5Nck1rekpjeWpVaGtCZFVPRzZnMWVTMzhqeTdWd2xSUV9uWlZsY3ZqSTdYdzF2WVRUblpwZjNDa1VULWYwUkRpdEFfaFpzUmdKMlZQSkc40gG3AUFVX3lxTFBPQUhpdjVyY0FHQWY0b3VXXy03cndNRV8wTldyOEJ2WDZBQXJOcUhoVFRPQnlyU0JNdHBkeHNxVDl0bDBFQVUxMEx6d0xwYU81UnVORWV4bEJLUUlaanlabDlBaG03Q1E1dDlsenpSZjFHVmdMdUtmd3NLQkUyTDVXbk9uMExqZUVsUmoxc2xmNkVhSXJPUUhlTlZRYzNtaGtieTN4Wno3V0taV21pYXphVGdhNzJEdw?oc=5\" target=\"_blank\" rel=\"nofollow noopener\">\u201cAntes de competir siempre pienso que no hay nadie mejor que yo\u201d<\/a>&nbsp;&nbsp;Diario AS<\/li>\n<li><a href=\"https:\/\/news.google.com\/rss\/articles\/CBMipgFBVV95cUxOdmlwclZmYWFhaVpiUXhKNUdUbDJ0QjVGdm84N3dIcjVHNzNmeTlNejR4SkZIbkZnVUFQV25TeEpyZzlKQWJCbDV2RGc3WWVEdmxpaWRuanJ6XzRtclpMZ0YxbTVybEM5VVdjN0NrVjRES2lwdm5hMV8wUThjcEltalQyeDI5REtYb2FhekZ5Zm14ZFRSM3RiR2oybnpwLXdhNzIyZnNB0gGmAUFVX3lxTFBKcVItU09aVkxqWDl1YXduZFBsaDVFTWxyQTZLQi1VMzJEUFJzWmx4U0pybHBaeGlnNTQ1OEFjRThTNFJ4eUpOdkxyWmZ1bWFPLXdCVE1pMjRRY2VMd0k3WUtoWVFVeVZkWFRLZ3Jxd2hRdE1MN0Z0TEJOTkN1OURVZ0FXTlA5ZDI1cm1pS3NiM0lwOFdiWlZKRUhSWU0zR2pMblYtQ3c?oc=5\" target=\"_blank\" rel=\"nofollow noopener\">Mar\u00eda P\u00e9rez y una medalla de oro que prepar\u00f3 en altura con su gran amiga&#8230; y rival<\/a>&nbsp;&nbsp;MARCA<\/li>\n<\/ol>\n","protected":false},"excerpt":{"rendered":"Mar\u00eda P\u00e9rez aumenta su leyenda con un tercer oro mundial: ya es la mejor espa\u00f1ola de la historia&nbsp;&nbsp;El&hellip;\n","protected":false},"author":2,"featured_media":111916,"comment_status":"","ping_status":"","sticky":false,"template":"","format":"standard","meta":{"footnotes":""},"categories":[93],"tags":[11485,168,6053,25,24,38009,38054,23,167],"class_list":{"0":"post-111915","1":"post","2":"type-post","3":"status-publish","4":"format-standard","5":"has-post-thumbnail","7":"category-deportes","8":"tag-atletismo","9":"tag-deportes","10":"tag-deportes-mas-deporte","11":"tag-es","12":"tag-espana","13":"tag-maria-perez","14":"tag-mundial-de-atletismo","15":"tag-spain","16":"tag-sports"},"share_on_mastodon":{"url":"","error":""},"_links":{"self":[{"href":"https:\/\/www.europesays.com\/es\/wp-json\/wp\/v2\/posts\/111915","targetHints":{"allow":["GET"]}}],"collection":[{"href":"https:\/\/www.europesays.com\/es\/wp-json\/wp\/v2\/posts"}],"about":[{"href":"https:\/\/www.europesays.com\/es\/wp-json\/wp\/v2\/types\/post"}],"author":[{"embeddable":true,"href":"https:\/\/www.europesays.com\/es\/wp-json\/wp\/v2\/users\/2"}],"replies":[{"embeddable":true,"href":"https:\/\/www.europesays.com\/es\/wp-json\/wp\/v2\/comments?post=111915"}],"version-history":[{"count":0,"href":"https:\/\/www.europesays.com\/es\/wp-json\/wp\/v2\/posts\/111915\/revisions"}],"wp:featuredmedia":[{"embeddable":true,"href":"https:\/\/www.europesays.com\/es\/wp-json\/wp\/v2\/media\/111916"}],"wp:attachment":[{"href":"https:\/\/www.europesays.com\/es\/wp-json\/wp\/v2\/media?parent=111915"}],"wp:term":[{"taxonomy":"category","embeddable":true,"href":"https:\/\/www.europesays.com\/es\/wp-json\/wp\/v2\/categories?post=111915"},{"taxonomy":"post_tag","embeddable":true,"href":"https:\/\/www.europesays.com\/es\/wp-json\/wp\/v2\/tags?post=111915"}],"curies":[{"name":"wp","href":"https:\/\/api.w.org\/{rel}","templated":true}]}}