{"id":111917,"date":"2025-09-13T08:24:09","date_gmt":"2025-09-13T08:24:09","guid":{"rendered":"https:\/\/www.europesays.com\/es\/111917\/"},"modified":"2025-09-13T08:24:09","modified_gmt":"2025-09-13T08:24:09","slug":"no-se-me-va-a-olvidar-en-la-vida","status":"publish","type":"post","link":"https:\/\/www.europesays.com\/es\/111917\/","title":{"rendered":"\u00abNo se me va a olvidar en la vida\u00bb"},"content":{"rendered":"<p><img decoding=\"async\" class=\"voc-author__img\" src=\"https:\/\/www.europesays.com\/es\/wp-content\/uploads\/2025\/08\/1755001989_832_autor-7150-foto-1.jpeg\" alt=\"Marina Ortiz Cort\u00e9s\"\/><\/p>\n<p class=\"voc-p\" style=\"\"><strong>Anabel Pantoja<\/strong> reapareci\u00f3 este viernes en televisi\u00f3n tras m\u00e1s de tres a\u00f1os alejada de los plat\u00f3s. La que fuera colaboradora de &#8216;S\u00e1lvame&#8217; abandon\u00f3 el programa tras su ruptura con <strong>Omar S\u00e1nchez<\/strong> y en toda la etapa de su nueva vida ha permanecido apartada de las c\u00e1maras. Pero &#8216;Bailando con las estrellas&#8217; ha sido la oportunidad que estaba buscando para volver a la peque\u00f1a pantalla en un formato m\u00e1s amable, y ha querido ofrecer un adelanto 24 horas antes al salir primero en <a href=\"https:\/\/www.abc.es\/gente\/vida-personal-santi-acosta-presentador-viernes-telecinco-20250912194634-nt.html\" target=\"_self\" data-voc-vtm-id=\"in-text-traffic\" title=\"&#039;\u00a1De viernes!&#039;\" data-mrf-link=\"www.abc.es\" rel=\"nofollow noopener\">&#8216;\u00a1De viernes!&#8217;<\/a>. <\/p>\n<p class=\"voc-p\" style=\"\">Sin embargo, su retorno significaba un enfrentamiento con el que quiz\u00e1s no contaba. Anabel ha tenido que volver a verse con <strong>Lydia Lozano<\/strong>, que en alg\u00fan momento lleg\u00f3 a ser una buena amiga suya y con la que, sin embargo, hac\u00eda a\u00f1os que no se encontraba. La periodista tambi\u00e9n estaba de <a href=\"https:\/\/www.abc.es\/play\/television\/noticias\/filtran-pastizal-embolsara-lydia-lozano-fichaje-viernes-20250902095156-nt.html\" target=\"_self\" data-voc-vtm-id=\"in-text-traffic\" title=\"estreno en Mediaset\" data-mrf-link=\"www.abc.es\" rel=\"nofollow noopener\">estreno en Mediaset<\/a>, por lo que fue una noche llena de emociones fuertes. Seg\u00fan ha desvelado, desde que la sobrina de Isabel Pantoja abandon\u00f3 la televisi\u00f3n en 2022 no hab\u00edan vuelto a tener una conversaci\u00f3n, aunque s\u00ed hab\u00edan cruzado algunas palabras en momentos determinados.<\/p>\n<p class=\"voc-p\" style=\"\">Lydia ha asumido la culpa de este distanciamiento, explicando que puso por delante su profesi\u00f3n antes que la amistad. \u00ab<strong>Nos hicimos no \u00edntimas, era un flechazo<\/strong>. Nos hemos re\u00eddo tanto, por eso estoy dudando de qu\u00e9 bronca, es que no tengo capacidad de acordarme de una bronca con Anabel. Y siento decir que me dej\u00e9 llevar por una cosa que sali\u00f3 de esta casa, pero que se par\u00f3, pues yo segu\u00ed con la historia y <a href=\"https:\/\/www.abc.es\/play\/television\/noticias\/lydia-lozano-revela-bombazo-informativo-paralizo-telecinco-20240613100233-nt.html\" target=\"_self\" data-voc-vtm-id=\"in-text-traffic\" title=\"cont\u00e9 todos los malos rollos\" data-mrf-link=\"www.abc.es\" rel=\"nofollow noopener\">cont\u00e9 todos los malos rollos<\/a> que hab\u00eda tenido con David y creo que es lo peor, creo que nunca me deb\u00ed meter ah\u00ed. Desde aqu\u00ed<strong> te pido perd\u00f3n<\/strong>\u00bb, ha compartido.<\/p>\n<p class=\"voc-p\" style=\"\">\u00abDesde que yo me fui <strong>no he vuelto a hablar con ell<\/strong>a, o sea, hemos intercambiado mensajes y dem\u00e1s porque me han felicitado en momentos de mi vida y yo se lo agradezco porque ante todo yo la educaci\u00f3n y dem\u00e1s, pero bueno\u00bb, ha explicado <a href=\"https:\/\/www.abc.es\/play\/television\/noticias\/abci-grito-desesperado-anabel-pantoja-hace-silencio-salvame-basta-202208121013_noticia.html\" target=\"_self\" data-voc-vtm-id=\"in-text-traffic\" title=\"Anabel Pantoja\" data-mrf-link=\"www.abc.es\" rel=\"nofollow noopener\">Anabel Pantoja<\/a> en respuesta cuando se ha producido el reencuentro, en el que ambas se han emocionado. <\/p>\n<p class=\"voc-p\" style=\"\">Seg\u00fan ha dicho Anabel, no siente que sea \u00ab<strong>nadie para juzgarla<\/strong>\u00bb, y considera que ella hubiera reaccionado igual si se hubiera equivocado. \u00abPorque las dos somos muy lloronas\u00bb, ha comentado, mostrando su vulnerabilidad. Ha dejado claro que no iban a airear sus trapos sucios en televisi\u00f3n y que la conversaci\u00f3n que ten\u00edan pendiente tendr\u00eda lugar en privado, pero s\u00ed ha lanzado una peque\u00f1a pulla: \u00abT\u00fa est\u00e1s trabajando lo que pasa que <strong>mi embarazo no vuelve, y eso ya sucedi\u00f3 ah\u00ed<\/strong>. Entonces no pasa nada porque yo cometo errores, pero me refiero que t\u00fa eres periodista y t\u00fa tienes que dar informaci\u00f3n, eso no se me va a olvidar en la vida, pero yo te quer\u00eda mucho y t\u00fa sabes que yo, cuando est\u00e1bamos ah\u00ed en ese plat\u00f3, cuando t\u00fa llorabas qui\u00e9n iba detr\u00e1s, era yo\u00bb.<\/p>\n<p>Reportar un error<\/p>\n","protected":false},"excerpt":{"rendered":"Anabel Pantoja reapareci\u00f3 este viernes en televisi\u00f3n tras m\u00e1s de tres a\u00f1os alejada de los plat\u00f3s. La que&hellip;\n","protected":false},"author":2,"featured_media":111918,"comment_status":"","ping_status":"","sticky":false,"template":"","format":"standard","meta":{"footnotes":""},"categories":[91],"tags":[11306,146,147,25,24,14101,30591,10878,20070,6216,23],"class_list":{"0":"post-111917","1":"post","2":"type-post","3":"status-publish","4":"format-standard","5":"has-post-thumbnail","7":"category-entretenimiento","8":"tag-anabel","9":"tag-entertainment","10":"tag-entretenimiento","11":"tag-es","12":"tag-espana","13":"tag-lozano","14":"tag-lydia","15":"tag-pantoja","16":"tag-reencuentro","17":"tag-reproches","18":"tag-spain"},"share_on_mastodon":{"url":"","error":""},"_links":{"self":[{"href":"https:\/\/www.europesays.com\/es\/wp-json\/wp\/v2\/posts\/111917","targetHints":{"allow":["GET"]}}],"collection":[{"href":"https:\/\/www.europesays.com\/es\/wp-json\/wp\/v2\/posts"}],"about":[{"href":"https:\/\/www.europesays.com\/es\/wp-json\/wp\/v2\/types\/post"}],"author":[{"embeddable":true,"href":"https:\/\/www.europesays.com\/es\/wp-json\/wp\/v2\/users\/2"}],"replies":[{"embeddable":true,"href":"https:\/\/www.europesays.com\/es\/wp-json\/wp\/v2\/comments?post=111917"}],"version-history":[{"count":0,"href":"https:\/\/www.europesays.com\/es\/wp-json\/wp\/v2\/posts\/111917\/revisions"}],"wp:featuredmedia":[{"embeddable":true,"href":"https:\/\/www.europesays.com\/es\/wp-json\/wp\/v2\/media\/111918"}],"wp:attachment":[{"href":"https:\/\/www.europesays.com\/es\/wp-json\/wp\/v2\/media?parent=111917"}],"wp:term":[{"taxonomy":"category","embeddable":true,"href":"https:\/\/www.europesays.com\/es\/wp-json\/wp\/v2\/categories?post=111917"},{"taxonomy":"post_tag","embeddable":true,"href":"https:\/\/www.europesays.com\/es\/wp-json\/wp\/v2\/tags?post=111917"}],"curies":[{"name":"wp","href":"https:\/\/api.w.org\/{rel}","templated":true}]}}