{"id":111927,"date":"2025-09-13T08:31:14","date_gmt":"2025-09-13T08:31:14","guid":{"rendered":"https:\/\/www.europesays.com\/es\/111927\/"},"modified":"2025-09-13T08:31:14","modified_gmt":"2025-09-13T08:31:14","slug":"los-toros-amorfos-de-garcigrande","status":"publish","type":"post","link":"https:\/\/www.europesays.com\/es\/111927\/","title":{"rendered":"Los toros amorfos de Garcigrande"},"content":{"rendered":"<p>La tarde empez\u00f3 a gafarse el d\u00eda anterior, cuando al anochecer se conoci\u00f3 que Morante de la Puebla no toreaba en Valladolid. Adi\u00f3s llenazo, adi\u00f3s expectaciones m\u00e1ximas, adi\u00f3s d\u00eda glorioso para la ciudad, especialmente para hoteleros y hosteleros; porque quien m\u00e1s quien menos auguraba un aluvi\u00f3n de devoluciones en las taquillas, reventas incluidos. Pero, no. Ya desde ma\u00f1anita se ve\u00eda poco traj\u00edn devolutorio, as\u00ed que la empresa Tauroemoci\u00f3n no tuvo m\u00e1s remedio que volver a colocar el cartel de No Hay Billetes. Tal cual.<\/p>\n<p>En efecto, la Plaza se fue llenando hasta los topes, al punto de que hubo de retrasarse el pase\u00edllo para que el personal pudiera acomodarse en los tendidos. Eso no empece que la gente se acordase del gran ausente, porque el morantismo tiene cuerda para rato.<\/p>\n<p>Pero, ya digo, alg\u00fan gafe deb\u00eda andar suelto por las inmediaciones del coso del paseo de Zorrilla, porque tras la lidia del primer toro por Emilio de Justo, sustituto de Morante, se pudo apreciar que los toros de Garcigrande ten\u00edan doble uso. Como lo leen. Y si no que se lo pregunten a Emilio, que hubo de estudiar concienzudamente a un toro adolorido que doblaba las manos con frecuencia y se hac\u00eda el longuis cuando amagaba con meter la cara en el capote y enseguida hac\u00eda un regate al torero, en busca de la banda\u2026 de la taleguilla, pero en plan Vinicius. Un toro desconcertante, al que acab\u00f3 metiendo en la muleta el de Torrejoncillo, porque tambi\u00e9n el toro acab\u00f3 metiendo la cabeza en el trapo con nobleza y recorrido, de tal forma que si no lo pincha De Justo le corta la oreja. \u00bfQui\u00e9n entiende a los toros de lidia? Ser\u00e1 una rareza puntual, pensamos, pero, \u00a1qui\u00e1!<\/p>\n<p>Sali\u00f3 el segundo de la tarde, un colorado de Garcigrande fuerte y enterizo, adem\u00e1s de bien encornado y\u2026 \u00a1m\u00e1s de lo mismo! Se paraba ante la panza del capote de Roca Rey, husmeaba la tela y flirteaba con el torero con una especie de juego diab\u00f3lico de las cuatro esquinas, hasta que, en un revoltijo inesperado, ech\u00f3 mano al torero, y se ceb\u00f3 con \u00e9l en el suelo, con el peruano hecho un ovillo en las cercan\u00edas del estribo de la barrera. Se oli\u00f3 la tragedia, pero, por fortuna, Roca Rey se incorpor\u00f3, palp\u00e1ndose su costillar derecho, con claros s\u00edntomas de asfixia. \u00a1Vaya prenda de toro!, se oy\u00f3 decir; pero, nastris. De nuevo uno de Garcigrande se puso a embestir por derecho y Andr\u00e9s se hart\u00f3 de traerlo empapado en su muleta durante una faena intensa y por momentos brillante que llevaba camino de premio gordo. L\u00e1stima de pinchazo, que redujo en premio a una oreja. Se fue Andr\u00e9s Roca Rey a la enfermer\u00eda por su pie, tieso como un h\u00fasar, proclamando su superlativa capacidad para superar contingencias negativas y para mantenerse intocable en su prestigio y cotizaci\u00f3n. Este peruano, digan lo que quieran, marca la diferencia con el resto del escalaf\u00f3n.<\/p>\n<p>A partir de ah\u00ed, con Roca en la enfermar\u00eda la corrida tom\u00f3 otro rumbo. Y otro contraste; porque eso es lo que representa el jovenc\u00edsimo Marco P\u00e9rez: un contraste. Su insultante pubertad, de adolescente precoz, contrasta con la de los colegas que tiene a su lado en los patios de cuadrillas y en el ruedo frente al toro. Este Marco marca ya la pauta que debe utilizar para no verse apabullado por la solera de los consagrados. Y lo consigue, porque es un compendio de audacia, astucia, alegr\u00eda y desparpajo, que se pasa a los toros talludos por el faj\u00edn como quien lava. Al igual que sus compa\u00f1eros hubo de resolver los problemas de dualidad de car\u00e1cter que ofrecieron ayer los toros de Garcigrande; pero vaya si lo resolvi\u00f3. Levant\u00f3 clamores en los tendidos, dando la impresi\u00f3n de que un recluta les pod\u00eda dar un ba\u00f1o a dos toreros de alto rango; pero pinch\u00f3 antes de la estocada mortal y el premio qued\u00f3 en oreja, aunque le pidieron las dos. Justo premio.<\/p>\n<p>Llegados a este punto, la tarde se fue amuermando de forma paulatina. Se puso fr\u00eda, sin saber por qu\u00e9. Y de esa friura la primera v\u00edctima fue Emilio de Justo, a quien no le echaron cuentas durante su meritoria actuaci\u00f3n ante un toro amorfo, de nobleza pajuna, sin dejar de ser artera. Dichosos toros de Garcigrande, que regatean con la mirada a todo bicho viviente que se mueve por el ruedo, y eso desconcierta una barbaridad, sobre todo a los miembros de las cuadrillas, que las pasaron moradas para colocar banderillas. Todos, menos Rafael Gonz\u00e1lez, que estuvo colosal toda la tarde, con la capa y los palos. Su jefe de fila, Marco P\u00e9rez, debi\u00f3 quedar prendado de la forma de torear con torer\u00eda que tiene este subalterno. Tampoco Marco tuvo fortuna en el quinto toro (lo lidi\u00f3 al estar Roca Rey en la enfermer\u00eda), que dej\u00f3 media vaina del cuerno en la muy mullida arena del ruedo vallisoletano. Toda la faena transcurri\u00f3 con un fondo de bronca soberana, porque el p\u00fablico consideraba que deb\u00eda ser devuelto a los corrales, ya mediada la faena. Siento decirlo, pero mis paisanos taurinos est\u00e1n in albis en reglamentaci\u00f3n taurina. El presidente, cumpli\u00f3 con su deber y el animal se fue al limbo de los toros amorfos sin pena ni gloria.<\/p>\n<p>No hizo m\u00e1s que arrastrarse al garcigrande que se desgraci\u00f3 en el ruedo, cuando la bronca adquiri\u00f3 caracteres de \u00e9pica\u2026 o de \u00e9poca, mientras arrastraban al pobre animal y Marco hipaba en el callej\u00f3n. \u00a1Qu\u00e9 alboroto! A todo esto, aparece Roca Rey en la boca del callej\u00f3n que conduce a la enfermar\u00eda y se queda estupefacto con la griter\u00eda descomunal. \u00a1Fuera!, \u00a1fuera! \u00a1fuera!, gritaba la plebe. \u00ab\u00bfSera a m\u00ed?\u00bb, debi\u00f3 pensar el torero; pero parece ser que iba dirigida al presidente, que impert\u00e9rrito segu\u00eda en el palco, m\u00e1s tranquilo que siempre y m\u00e1s desconcertado que nunca. Despu\u00e9s, gritaban \u00a1torero!, \u00a1torero!&#8230; y tampoco se aclaraban los matadores, \u00bfEra a Marco? \u00bfA Roca? Que locura de incongruencias. El toro, incierto y brusco, no le dio opciones al matador; as\u00ed que cogimos el portante y nos fuimos cada mochuelo a su olivo. Aqu\u00ed el firmante, se fue con un l\u00edo monumental en la mollera. No hay quien entienda al p\u00fablico taurino de mi tierra, ni a los toros amorfos de Garcigrande.<\/p>\n","protected":false},"excerpt":{"rendered":"La tarde empez\u00f3 a gafarse el d\u00eda anterior, cuando al anochecer se conoci\u00f3 que Morante de la Puebla&hellip;\n","protected":false},"author":2,"featured_media":111928,"comment_status":"","ping_status":"","sticky":false,"template":"","format":"standard","meta":{"footnotes":""},"categories":[277],"tags":[373,168,25,24,4317,1392,33899,4316,23,167,625,374,444,1607,10111],"class_list":{"0":"post-111927","1":"post","2":"type-post","3":"status-publish","4":"format-standard","5":"has-post-thumbnail","7":"category-toreo","8":"tag-bullfighting","9":"tag-deportes","10":"tag-es","11":"tag-espana","12":"tag-la-puebla-de-montalban","13":"tag-morante-de-la-puebla","14":"tag-paseo-de-zorrilla","15":"tag-roca-rey","16":"tag-spain","17":"tag-sports","18":"tag-tauromaquia","19":"tag-toreo","20":"tag-toros","21":"tag-valladolid","22":"tag-vinicius-junior"},"share_on_mastodon":{"url":"","error":""},"_links":{"self":[{"href":"https:\/\/www.europesays.com\/es\/wp-json\/wp\/v2\/posts\/111927","targetHints":{"allow":["GET"]}}],"collection":[{"href":"https:\/\/www.europesays.com\/es\/wp-json\/wp\/v2\/posts"}],"about":[{"href":"https:\/\/www.europesays.com\/es\/wp-json\/wp\/v2\/types\/post"}],"author":[{"embeddable":true,"href":"https:\/\/www.europesays.com\/es\/wp-json\/wp\/v2\/users\/2"}],"replies":[{"embeddable":true,"href":"https:\/\/www.europesays.com\/es\/wp-json\/wp\/v2\/comments?post=111927"}],"version-history":[{"count":0,"href":"https:\/\/www.europesays.com\/es\/wp-json\/wp\/v2\/posts\/111927\/revisions"}],"wp:featuredmedia":[{"embeddable":true,"href":"https:\/\/www.europesays.com\/es\/wp-json\/wp\/v2\/media\/111928"}],"wp:attachment":[{"href":"https:\/\/www.europesays.com\/es\/wp-json\/wp\/v2\/media?parent=111927"}],"wp:term":[{"taxonomy":"category","embeddable":true,"href":"https:\/\/www.europesays.com\/es\/wp-json\/wp\/v2\/categories?post=111927"},{"taxonomy":"post_tag","embeddable":true,"href":"https:\/\/www.europesays.com\/es\/wp-json\/wp\/v2\/tags?post=111927"}],"curies":[{"name":"wp","href":"https:\/\/api.w.org\/{rel}","templated":true}]}}