{"id":111929,"date":"2025-09-13T08:34:07","date_gmt":"2025-09-13T08:34:07","guid":{"rendered":"https:\/\/www.europesays.com\/es\/111929\/"},"modified":"2025-09-13T08:34:07","modified_gmt":"2025-09-13T08:34:07","slug":"gane-a-alcaraz-cuando-teniamos-12-anos","status":"publish","type":"post","link":"https:\/\/www.europesays.com\/es\/111929\/","title":{"rendered":"Gan\u00e9 a Alcaraz cuando ten\u00edamos 12 a\u00f1os"},"content":{"rendered":"<p data-mrf-recirculation=\"Links P\u00e1rrafos\" class=\"ue-c-article__paragraph paragraph\"><strong>Dinamarca presenta este fin de semana en Marbella un quinteto joven<\/strong> y con opciones de asentarse en la \u00e9lite de la Copa Davis. <strong>Holger Rune y Elmer Moeller<\/strong>, los dos primeros espadas del conjunto escandinavo, tienen apenas 22 a\u00f1os. <strong>August Holmgren, el 176 de la ATP y que pas\u00f3 dos rondas en el \u00faltimo Wimbledon, cuenta con 27. Un a\u00f1o m\u00e1s tienen Christian Sigsgaard y Johannes Ingildsen<\/strong>, que como Holmgren dio tarde el salto al profesionalismo tras pasar por las universidades americanas.<\/p>\n<p data-mrf-recirculation=\"Links P\u00e1rrafos\" class=\"ue-c-article__paragraph paragraph\">Rune y Moeller, los elegidos para los individuales, son de la misma generaci\u00f3n que Carlos Alcaraz, flamante campe\u00f3n del US Open, n\u00famero uno mundial y baja sensible de la Armada.\u00a0<\/p>\n<p data-mrf-recirculation=\"Links P\u00e1rrafos\" class=\"ue-c-article__paragraph paragraph\">\u201c<strong>Nos enfrentamos varias veces de peque\u00f1os. De hecho, puedo decir que le gan\u00e9 cuando ten\u00edamos 12 a\u00f1os. La \u00faltima vez, creo que fue en la final del Europeo sub 16 y me gan\u00f3<\/strong>\u201d, cuenta Elmer a MARCA. Fue \u00e9l quien dio el punto decisivo a su pa\u00eds en la \u00faltima serie frente a Serbia tras deshacerse de Hamad Medjedovic. \u201cCarlos siempre tuvo un talento especial\u201d.<\/p>\n<blockquote class=\"ue-c-article__blockquote\">\n<p>Que Rune haya despuntado antes que yo lo que significa es lo bueno que es<\/p>\n<p>Elmer Moeller<\/p><\/blockquote>\n<p data-mrf-recirculation=\"Links P\u00e1rrafos\" class=\"ue-c-article__paragraph paragraph\">Holger y Moeller llegaron a ser los dos mejores jugadores del continente en el clasificaci\u00f3n de Tennis Europe. Nacido en Aarhus, Elmer se form\u00f3 en la escuela sueca. \u201c<strong>Soy el t\u00edpico jugador que se crece en Copa Davis<\/strong>\u201d, afirma. Su balance es de cinco victorias y tres derrotas, siempre en individuales. Este s\u00e1bado se las ver\u00e1 en el segundo punto de la serie con Jaume Munar.\u00a0<\/p>\n<p data-mrf-recirculation=\"Links P\u00e1rrafos\" class=\"ue-c-article__paragraph paragraph\">La pandemia por el coronavirus le dej\u00f3 sin mucho bagaje como junior, donde no tuvo ranking ITF al no tener triunfos en los &#8216;Grand Slam&#8217; de la categor\u00eda. \u00abQue Rune haya despuntado antes que yo lo que significa es lo bueno que es \u00e9l. Al final, s\u00f3lo tengo 22 a\u00f1os\u00bb, reflexiona.\u00a0<br \/>\u200b<\/p>\n<p>Se esperan 500 aficionados daneses en la grada<br \/>\u200b<\/p>\n<p data-mrf-recirculation=\"Links P\u00e1rrafos\" class=\"ue-c-article__paragraph paragraph\">Dinamarca no estar\u00e1 sola en la pista Manolo Santana de Puente Romano. Unos 500 seguidores daneses han comprado su entrada para animar al conjunto escandinavo.\u00a0<\/p>\n","protected":false},"excerpt":{"rendered":"Dinamarca presenta este fin de semana en Marbella un quinteto joven y con opciones de asentarse en la&hellip;\n","protected":false},"author":2,"featured_media":111930,"comment_status":"","ping_status":"","sticky":false,"template":"","format":"standard","meta":{"footnotes":""},"categories":[274],"tags":[168,25,24,23,167,327,326],"class_list":{"0":"post-111929","1":"post","2":"type-post","3":"status-publish","4":"format-standard","5":"has-post-thumbnail","7":"category-tenis","8":"tag-deportes","9":"tag-es","10":"tag-espana","11":"tag-spain","12":"tag-sports","13":"tag-tenis","14":"tag-tennis"},"share_on_mastodon":{"url":"","error":""},"_links":{"self":[{"href":"https:\/\/www.europesays.com\/es\/wp-json\/wp\/v2\/posts\/111929","targetHints":{"allow":["GET"]}}],"collection":[{"href":"https:\/\/www.europesays.com\/es\/wp-json\/wp\/v2\/posts"}],"about":[{"href":"https:\/\/www.europesays.com\/es\/wp-json\/wp\/v2\/types\/post"}],"author":[{"embeddable":true,"href":"https:\/\/www.europesays.com\/es\/wp-json\/wp\/v2\/users\/2"}],"replies":[{"embeddable":true,"href":"https:\/\/www.europesays.com\/es\/wp-json\/wp\/v2\/comments?post=111929"}],"version-history":[{"count":0,"href":"https:\/\/www.europesays.com\/es\/wp-json\/wp\/v2\/posts\/111929\/revisions"}],"wp:featuredmedia":[{"embeddable":true,"href":"https:\/\/www.europesays.com\/es\/wp-json\/wp\/v2\/media\/111930"}],"wp:attachment":[{"href":"https:\/\/www.europesays.com\/es\/wp-json\/wp\/v2\/media?parent=111929"}],"wp:term":[{"taxonomy":"category","embeddable":true,"href":"https:\/\/www.europesays.com\/es\/wp-json\/wp\/v2\/categories?post=111929"},{"taxonomy":"post_tag","embeddable":true,"href":"https:\/\/www.europesays.com\/es\/wp-json\/wp\/v2\/tags?post=111929"}],"curies":[{"name":"wp","href":"https:\/\/api.w.org\/{rel}","templated":true}]}}