{"id":111931,"date":"2025-09-13T08:35:12","date_gmt":"2025-09-13T08:35:12","guid":{"rendered":"https:\/\/www.europesays.com\/es\/111931\/"},"modified":"2025-09-13T08:35:12","modified_gmt":"2025-09-13T08:35:12","slug":"triplete-de-philipsen-y-bonificacion-para-vingegaard-ante","status":"publish","type":"post","link":"https:\/\/www.europesays.com\/es\/111931\/","title":{"rendered":"Triplete de Philipsen y bonificaci\u00f3n para Vingegaard ante&#8230;"},"content":{"rendered":"<p>                    El belga remata en Guijuelo un lanzamiento perfecto de sus compa\u00f1eros del Alpecin-Deceunick para firmar su tercera victoria en esta Vuelta. Vingegaard bonifica 4&#8243; en el sprint intermedio y afrontar\u00e1 la etapa decisiva con 44&#8243; de ventaja sobre Almeida.<\/p>\n<p class=\"c-news-list__author\">Fernando Belda. Fotos: Rafa G\u00f3mez \/ Luis \u00c1ngel G\u00f3mez (Sprint Cycling Agency)<\/p>\n<p class=\"c-mainarticle__date\">\n<p>                    12 de septiembre de 2025 (18:28 CET)<\/p>\n<p>                                                                                                                                        <img fetchpriority=\"high\" decoding=\"async\" src=\"https:\/\/www.europesays.com\/es\/wp-content\/uploads\/2025\/09\/triplete-de-jasper-philipsen-en-la-vuelta.jpeg\" alt=\"Triplete de Jasper Philipsen en La Vuelta\" title=\"Triplete de Jasper Philipsen en La Vuelta\" class=\"c-mainarticle__img\" loading=\"eager\" width=\"790\" height=\"454\"\/><\/p>\n<p>                    Triplete de Jasper Philipsen en La Vuelta<\/p>\n<p><strong>Jasper Philipsen y Jonas Vingegaard salen como triunfadores<\/strong> de una <strong>etapa de transici\u00f3n<\/strong> (Rueda &#8211; Guijuelo sobre<b>\u00a0<\/b>161,9 km llanos) que no tuvo demasiada\u00a0 historia pese a que la <strong>amenaza del viento <\/strong>gener\u00f3 algunos momentos de tensi\u00f3n.\u00a0<\/p>\n<p>La 19\u00aa etapa se puede resumir en una <strong>fuga en solitario de Jakub Otruba<\/strong>\u00a0condenada al fracaso; en\u00a0los <strong>4&#8243; de bonificaci\u00f3n que ha cogido Vingegaard<\/strong> en el sprint especial de Salamanca aprovechando\u00a0el despiste del UAE; y en la cantada\u00a0<strong>volata en Guijuelo<\/strong>, en terreno ligeramente ascendente, en la que <strong>Jasper Philipsen remat\u00f3 un lanzamiento de libro<\/strong> por parte del treno del Alpecin &#8211; Deceuninck, con\u00a0Jonas Rickaert y\u00a0Edward Planckaert sirviendo en bandeja de plata el <strong>tercer triunfo del belga en esta edici\u00f3n de La Vuelta<\/strong>. Que es adem\u00e1s su sexta en la ronda espa\u00f1ola, la sexta de la temporada y la n\u00famero 57 como profesional.\u00a0<\/p>\n<blockquote class=\"twitter-tweet\"><p>&#13;<\/p>\n<p dir=\"ltr\" lang=\"es\">\ud83d\ude80\u00a1\u00a1TERCERA VICTORIA PARA JASPER PHILIPSEN EN LA <a href=\"https:\/\/twitter.com\/hashtag\/Vuelta25?src=hash&amp;ref_src=twsrc%5Etfw\" rel=\"nofollow noopener\" target=\"_blank\">#Vuelta25<\/a>!!<\/p>\n<p>Gran &#8216;sprint&#8217; el que le ha preparado el Alpecin para el belga<\/p>\n<p>\u2705(gana el favorito de <a href=\"https:\/\/twitter.com\/pedrodelgadoweb?ref_src=twsrc%5Etfw\" rel=\"nofollow noopener\" target=\"_blank\">@pedrodelgadoweb<\/a>)<\/p>\n<p>\ud83d\udd34<a href=\"https:\/\/twitter.com\/hashtag\/VueltaRTVE12s?src=hash&amp;ref_src=twsrc%5Etfw\" rel=\"nofollow noopener\" target=\"_blank\">#VueltaRTVE12s<\/a> EN DIRECTO: <a href=\"https:\/\/t.co\/jHxYOgvkXu\" rel=\"nofollow\">https:\/\/t.co\/jHxYOgvkXu<\/a> <a href=\"https:\/\/t.co\/4WFIsLvxBP\" rel=\"nofollow\">pic.twitter.com\/4WFIsLvxBP<\/a><\/p>\n<p>&#13;<br \/>\n\u2014 Teledeporte (@teledeporte) <a href=\"https:\/\/twitter.com\/teledeporte\/status\/1966529848773415101?ref_src=twsrc%5Etfw\" rel=\"nofollow noopener\" target=\"_blank\">September 12, 2025<\/a><\/p><\/blockquote>\n<p>Philipsen<strong> certific\u00f3\u00a0su triplete<\/strong> por delante de <strong>Mads Pedersen<\/strong>\u00a0(Lidl-Trek) y <strong>Orluis Aular<\/strong>\u00a0(Movistar Team). Con su segundo puesto en meta m\u00e1s el cuarto en el sprint intermedio, <strong>Pedersen se ha asegurado el maillot verde <\/strong>de la clasificaci\u00f3n por puntos con el solo hecho de acabar la carrera.\u00a0<\/p>\n<p>Ma\u00f1ana, <strong>Jonas Vingegaard y Joao Almeida se juegan la Vuelta a Espa\u00f1a<\/strong> en la batalla final por la Sierra de Guadarrama, con<strong> la Bola del Mundo como juez<\/strong>, <strong>separados por 44&#8243;<\/strong> tras los cuatro que ha bonificado\u00a0el dan\u00e9s en Salamanca.<strong> Tom Pidcock <\/strong>es tercero a 2\u00b443&#8243;,<strong>\u00a0Jai Hindley<\/strong> cuarto a 3\u00b422&#8243;, y <strong>Giulio\u00a0Pellizzari <\/strong>quinto a 4\u00b423&#8243;. Adem\u00e1s del maillot rojo de l\u00edder est\u00e1 en juego el<strong> tercer puesto del caj\u00f3n<\/strong> (con\u00a039&#8243;\u00a0de ventaja de Pidcock sobre Hindley) y el <strong>maillot blanco <\/strong>de mejor joven, al que aspiran Pellizzari y\u00a0Matthew Riccitello con\u00a058&#8243; de ventaja para el italiano. <strong>Ma\u00f1ana todo quedar\u00e1 visto para sentencia<\/strong> en la Bola del Mundo. No va m\u00e1s.\u00a0<\/p>\n<p><img decoding=\"async\" loading=\"lazy\" alt=\"Se vivieron algunos momentos de tensi\u00f3n por la amenaza del viento y los posibles abanicos\" data-id=\"14471964\" data-resize=\"null\" height=\"520\" src=\"https:\/\/www.europesays.com\/es\/wp-content\/uploads\/2025\/09\/se-vivieron-algunos-momentos-de-tension-por-la-amenaza-del-viento-y-los-posibles-abanicos.jpeg\" title=\"Se vivieron algunos momentos de tensi\u00f3n por la amenaza del viento y los posibles abanicos\" width=\"800\"\/>&#13;<br \/>\nSe vivieron algunos momentos de tensi\u00f3n por la amenaza del viento y los posibles abanicos&#13;<\/p>\n<p>\u00a0<\/p>\n<p>Fuga en solitario y amenaza de abanicos<\/p>\n<p>Antes de la traca final de monta\u00f1a por la Sierra de Guadarrama, La Vuelta afrontaba una <strong>etapa llana\u00a0de 161,9 km<\/strong> entre dos localidades denominaci\u00f3n de origen, la vallisoletana de Rueda, conocida por su D.O. de vino, y la salmantina de Guijuelo, una de las cuatro D.O. de jam\u00f3n ib\u00e9rico. Se presentaba como la<strong> pen\u00faltima oportunidad para los velocistas<\/strong>, y sus equipos no la quisieron desaprovechar.<\/p>\n<p>Nada m\u00e1s darse el banderazo de salida <strong>Jakub Otruba<\/strong> (Caja Rural-Seguros RGA) lanz\u00f3 el primer ataque, seguido por <strong>Victor Guernalec <\/strong>(Ark\u00e9a-B&amp;B Hotels). No hubo reacci\u00f3n en el pelot\u00f3n, que dio por buena la fuga, y el checo y el franc\u00e9s cogieron tres minutos de ventaja. Guernalec\u00a0se descolg\u00f3\u00a0y <strong>Otruba sigui\u00f3 en solitario <\/strong>alcanzando\u00a0en el km 30 los\u00a0cuatro minutos de adelanto sobre un pelot\u00f3n en el que <strong>empezaban a trabajar Alpecin y Lotto<\/strong>. A partir de ah\u00ed su renta fue menguando hasta estabilizarse en torno a los dos minutos. Siempre le tuvieron controlado.\u00a0<\/p>\n<p><img decoding=\"async\" loading=\"lazy\" alt=\"Jakub Otruba, fuga en solitario\" data-id=\"14471941\" data-resize=\"null\" height=\"520\" src=\"https:\/\/www.europesays.com\/es\/wp-content\/uploads\/2025\/09\/jakub-otruba-fuga-en-solitario.jpeg\" title=\"Jakub Otruba, fuga en solitario\" width=\"800\"\/>&#13;<br \/>\nJakub Otruba, protagonista de una larga fuga en solitario&#13;<\/p>\n<p>Durante su larga cabalgada, Otruba -ganador este a\u00f1o de una etapa en el GP Internacional Torres Vedras- fue<strong> amonestado con una tarjeta amarilla\u00a0<\/strong>por el Colegio de Comisarios <strong>por postura irregular<\/strong> en un tramo descendente.<\/p>\n<p>Transitando por carreteras muy abiertas, con la amenaza del viento lateral, Visma y UAE tomaban posiciones entrando en los\u00a065 km finales. Poco despu\u00e9s (-58) estaba situado el <strong>sprint bonificado de Salamanca<\/strong>, donde <strong>Vingegaard y el Visma pillaron dormidos<\/strong>\u00a0al UAE, cogiendo el maillot rojo\u00a0<strong>cuatro segundos de bonificaci\u00f3n que aumentan su renta con Almeida hasta los 44<\/strong> de cara a la batalla final.<\/p>\n<blockquote class=\"twitter-tweet\"><p>&#13;<\/p>\n<p dir=\"ltr\" lang=\"da\">\ud83c\udfc1- 58,9 km | Stage 1\u20e39\u20e3 Etapa 1\u20e39\u20e3 | <a href=\"https:\/\/twitter.com\/hashtag\/LaVuelta25?src=hash&amp;ref_src=twsrc%5Etfw\" rel=\"nofollow noopener\" target=\"_blank\">#LaVuelta25<\/a><\/p>\n<p>\ud83d\udc4f Vingegaard and Visma are attentive in the intermediate sprint!<\/p>\n<p>\ud83d\udc4f \u00a1Vingegaard y Visma, los m\u00e1s astutos en el sprint intermedio!<\/p>\n<p>\ud83d\udc9a \ud835\udc12\ud835\udc00\ud835\udc0b\ud835\udc00\ud835\udc0c\ud835\udc00\ud835\udc0d\ud835\udc02\ud835\udc00<\/p>\n<p>1\u20e3 \ud83c\udde8\ud83c\uddff Jakub Otruba &#8211; <a href=\"https:\/\/twitter.com\/CajaRural_RGA?ref_src=twsrc%5Etfw\" rel=\"nofollow noopener\" target=\"_blank\">@cajaRural_RGA<\/a> | 20 p. &#8211; 6&#8243;<br \/>&#13;<br \/>\n2\u20e3 \ud83c\udde9\ud83c\uddf0 Jonas Vingegaard\u2026 <a href=\"https:\/\/t.co\/3ZuExiDYaT\" rel=\"nofollow\">pic.twitter.com\/3ZuExiDYaT<\/a><\/p>\n<p>&#13;<br \/>\n\u2014 La Vuelta (@lavuelta) <a href=\"https:\/\/twitter.com\/lavuelta\/status\/1966512763112431916?ref_src=twsrc%5Etfw\" rel=\"nofollow noopener\" target=\"_blank\">September 12, 2025<\/a><\/p><\/blockquote>\n<p>Esta aceleraci\u00f3n se comi\u00f3 la renta de <strong>Jakub Otruba<\/strong>,<strong>\u00a0cazado a 52 kil\u00f3metros <\/strong>de meta tras casi 110 de aventura. Volvi\u00f3 la calma al pelot\u00f3n y fue Burgos Burpellet BH, por mediaci\u00f3n de <strong>Mario Aparicio <\/strong>y <strong>Sergio Chumil<\/strong>, quien busc\u00f3\u00a0sorprender\u00a0a 40 del final. A d\u00fao iniciaron una fuga que apenas dur\u00f3 siete kil\u00f3metros por la <strong>aceleraci\u00f3n del pelot\u00f3n ante un intento de abanicos<\/strong> por parte del equipo del l\u00edder. <strong>Se vivieron momentos de\u00a0tensi\u00f3n<\/strong>, que se fueron diluyendo con la volata en Guijuelo ya en la mente de todos.\u00a0<\/p>\n<p>INEOS Grenadiers, Groupama-FDJ\u00a0y Movistar Team se dejaron ver en cabeza\u00a0en los diez kil\u00f3metros\u00a0finales.El equipo brit\u00e1nico, con Filippo Ganna haciendo una contrarreloj al frente del pelot\u00f3n, condujo al grupo hasta el \u00faltimo kil\u00f3metro, donde el tren del Alpecin-Deceuninck tom\u00f3 la iniciativa para hacer un lanzamiento magistral\u00a0a\u00a0<strong>Jasper Philipsen, que remataba su\u00a0triplete. <\/strong>Tras ganar en\u00a0Tur\u00edn y en Zaragoza, el belga se confirmaba en Guijuelo,\u00a0la capital del jam\u00f3n, como<strong> el mejor velocista de La Vuelta 2025.<\/strong><\/p>\n<p><img decoding=\"async\" loading=\"lazy\" alt=\"sprint\" data-id=\"14471987\" data-resize=\"null\" height=\"520\" src=\"https:\/\/www.europesays.com\/es\/wp-content\/uploads\/2025\/09\/sprint.jpeg\" title=\"sprint\" width=\"800\"\/><\/p>\n<p>Ma\u00f1ana s\u00e1bado la 20\u00aa etapa (Robledo de Chavela &#8211;\u00a0Bola del Mundo. Puerto de Navacerrada, de 164,8\u00a0km)\u00a0decidir\u00e1 todo lo que queda por decidir en esta Vuelta a Espa\u00f1a. \u00daltima batalla por la Sierra de Guadarrama sobre un <strong>exigente trazado\u00a0con cinco\u00a0puertos<\/strong>: <strong>La Escondida <\/strong>(9 km al 4,1%), <strong>La Paradilla <\/strong>(5,8 km al 5,4%), <strong>El Alto del Le\u00f3n <\/strong>(7 km al 7,3%), <strong>Navacerrada<\/strong> (6,9 km al 7,6%) y<strong>\u00a0la Bola del Mundo<\/strong>\u00a0(12,3 km al 8,6%), con sus infernales\u00a0<strong>3,5 km de cemento<\/strong>\u00a0hasta la\u00a0cumbre<strong>\u00a0al 11,5%<\/strong>\u00a0con\u00a0tramos de hasta el 22%. Un terreno de gran dureza en el que todo puede pasar.\u00a0Las medidas de seguridad ser\u00e1n excepcionales y\u00a0los \u00faltimos kil\u00f3metros estar\u00e1n vallados.<\/p>\n<p>\u00a0<\/p>\n<p><img decoding=\"async\" loading=\"lazy\" alt=\"Etapa 20\" height=\"520\" src=\"https:\/\/www.europesays.com\/es\/wp-content\/uploads\/2025\/09\/etapa-20.jpeg\" width=\"800\"\/><\/p>\n<p>\u00a0<\/p>\n<p>CLASIFICACI\u00d3N 19\u00aa ETAPA<\/p>\n<p><img decoding=\"async\" loading=\"lazy\" alt=\"clasificacion etapa 19\" data-id=\"14472023\" data-resize=\"null\" height=\"486\" src=\"https:\/\/www.europesays.com\/es\/wp-content\/uploads\/2025\/09\/clasificacion-etapa-19.jpeg\" title=\"clasificacion etapa 19\" width=\"800\"\/>&#13;<br \/>\nFuente:\u00a0firstcycling.com&#13;<\/p>\n<p>\u00a0<\/p>\n<p><script async src=\"https:\/\/platform.twitter.com\/widgets.js\" charset=\"utf-8\"><\/script><\/p>\n","protected":false},"excerpt":{"rendered":"El belga remata en Guijuelo un lanzamiento perfecto de sus compa\u00f1eros del Alpecin-Deceunick para firmar su tercera victoria&hellip;\n","protected":false},"author":2,"featured_media":111932,"comment_status":"","ping_status":"","sticky":false,"template":"","format":"standard","meta":{"footnotes":""},"categories":[273],"tags":[313,312,168,25,24,23,167],"class_list":{"0":"post-111931","1":"post","2":"type-post","3":"status-publish","4":"format-standard","5":"has-post-thumbnail","7":"category-ciclismo","8":"tag-ciclismo","9":"tag-cycling","10":"tag-deportes","11":"tag-es","12":"tag-espana","13":"tag-spain","14":"tag-sports"},"share_on_mastodon":{"url":"","error":""},"_links":{"self":[{"href":"https:\/\/www.europesays.com\/es\/wp-json\/wp\/v2\/posts\/111931","targetHints":{"allow":["GET"]}}],"collection":[{"href":"https:\/\/www.europesays.com\/es\/wp-json\/wp\/v2\/posts"}],"about":[{"href":"https:\/\/www.europesays.com\/es\/wp-json\/wp\/v2\/types\/post"}],"author":[{"embeddable":true,"href":"https:\/\/www.europesays.com\/es\/wp-json\/wp\/v2\/users\/2"}],"replies":[{"embeddable":true,"href":"https:\/\/www.europesays.com\/es\/wp-json\/wp\/v2\/comments?post=111931"}],"version-history":[{"count":0,"href":"https:\/\/www.europesays.com\/es\/wp-json\/wp\/v2\/posts\/111931\/revisions"}],"wp:featuredmedia":[{"embeddable":true,"href":"https:\/\/www.europesays.com\/es\/wp-json\/wp\/v2\/media\/111932"}],"wp:attachment":[{"href":"https:\/\/www.europesays.com\/es\/wp-json\/wp\/v2\/media?parent=111931"}],"wp:term":[{"taxonomy":"category","embeddable":true,"href":"https:\/\/www.europesays.com\/es\/wp-json\/wp\/v2\/categories?post=111931"},{"taxonomy":"post_tag","embeddable":true,"href":"https:\/\/www.europesays.com\/es\/wp-json\/wp\/v2\/tags?post=111931"}],"curies":[{"name":"wp","href":"https:\/\/api.w.org\/{rel}","templated":true}]}}