{"id":111943,"date":"2025-09-13T08:42:08","date_gmt":"2025-09-13T08:42:08","guid":{"rendered":"https:\/\/www.europesays.com\/es\/111943\/"},"modified":"2025-09-13T08:42:08","modified_gmt":"2025-09-13T08:42:08","slug":"de-viernes-sube-con-rocio-flores-en-plato-y-lidera-con-record-frente-al-batacazo-de-sonsoles-onega","status":"publish","type":"post","link":"https:\/\/www.europesays.com\/es\/111943\/","title":{"rendered":"De viernes sube con Roc\u00edo Flores en plat\u00f3 y lidera con r\u00e9cord frente al batacazo de Sonsoles \u00d3nega"},"content":{"rendered":"<p class=\"ft-text\"><a class=\"ft-link ft-link--decoration\" href=\"https:\/\/www.elperiodico.com\/es\/temas\/viernes-1931903\" target=\"_blank\" rel=\"nofollow noopener\"><strong>&#8216;De viernes<\/strong><\/a><a class=\"ft-link ft-link--decoration\" href=\"https:\/\/www.elperiodico.com\/es\/temas\/viernes-1931903\" target=\"_blank\" rel=\"nofollow noopener\">&#8216; <\/a>vuelve a liderar por segunda semana consecutiva su franja. El programa de Bea Archidona y Santi Acosta sube hasta el <strong>14,9%<\/strong> y <strong>983.000<\/strong> espectadores con la entrevista a <strong>Roc\u00edo Flores<\/strong> en plat\u00f3, anotando su mejor cuota del a\u00f1o. Es su segunda victoria en este incio de temporada antes de competir contra <strong>&#8216;La Voz&#8217;. <\/strong><\/p>\n<p class=\"ft-text\">Antes de la llegada del programa de <strong>Eva Gonz\u00e1lez<\/strong>, Antena 3 apost\u00f3 por el viernes para el nuevo especial de <strong>Sonsoles \u00d3nega<\/strong> y <strong>&#8216;Hablando en plata&#8217;,<\/strong> que pincha con un flojo <strong>7,9%<\/strong> y <strong>689.000<\/strong> seguidores.<\/p>\n<p class=\"ft-text\">Por su parte,<strong> &#8216;Equipo de Investigaci\u00f3n&#8217;<\/strong> estren\u00f3 nueva temporada por debajo del cine de Cuatro. El programa de Gloria Serra anota un correcto <strong>5,9%<\/strong> y suma <strong>540.000<\/strong> televidentes de media.<\/p>\n<p>PRIME TIMETelecinco<\/p>\n<p class=\"ft-text\">De viernes: 14,9% y 983.000<\/p>\n<p>La 1<\/p>\n<p class=\"ft-text\">Viaje al centro de la tele: 8,3% y 779.000 \/ 8,3% y 743.000 \/ 10,7% y 777.000<\/p>\n<p>Antena 3<\/p>\n<p class=\"ft-text\">Hablando en plata: Volver a Empezar: 7,9% y 689.000<\/p>\n<p>Cuatro<\/p>\n<p class=\"ft-text\">First Dates: 4,8% y 442.000<\/p>\n<p class=\"ft-text\">El Blockbuster: Hasta el \u00faltimo hombre: 6,8% y 534.000<\/p>\n<p>laSexta<\/p>\n<p class=\"ft-text\">laSexta Clave: 4,6% y 391.000<\/p>\n<p class=\"ft-text\">laSexta Columna: 6,9% y 638.000<\/p>\n<p class=\"ft-text\">Equipo de Investigaci\u00f3n: 5,9% y 540.000 \/ 4,7% y 321.000<\/p>\n<p>La 2<\/p>\n<p class=\"ft-text\">Cifras y letras: 2,3% y 173.000 \/ 3,7% y 318.000 \/ 5,7% y 527.000<\/p>\n<p class=\"ft-text\">Plano general: 3,8% y 361.000<\/p>\n<p class=\"ft-text\">Historia de nuestro cine: 3,7% y 282.000<\/p>\n<p><strong>LATE NIGHT<\/strong> La 1<\/p>\n<p class=\"ft-text\">Viaje al centro de la tele: 8% y 408.000<\/p>\n<p>Cuatro<\/p>\n<p class=\"ft-text\">Cine Cuatro: En el nombre del padre: 6,5% y 195.000<\/p>\n<p>Antena 3<\/p>\n<p class=\"ft-text\">Hablando en plata: 6,3% y 258.000<\/p>\n<p>laSexta<\/p>\n<p class=\"ft-text\">Equipo de Investigaci\u00f3n: 4,3% y 164.000 \/ 5% y 109.000<\/p>\n<p>TARDEAntena 3<\/p>\n<p class=\"ft-text\">Sue\u00f1os de libertad: 12,6% y 1.079.000<\/p>\n<p class=\"ft-text\">Y Ahora Sonsoles: 10,2% y 720.000<\/p>\n<p class=\"ft-text\">Pasapalabra: 21,2% y 1.533.000<\/p>\n<p>La 1<\/p>\n<p class=\"ft-text\">Malas lenguas: 9,1% y 762.000<\/p>\n<p class=\"ft-text\">Valle Salvaje: 10,4% y 774.000<\/p>\n<p class=\"ft-text\">La promesa: 13,2% y 888.000<\/p>\n<p class=\"ft-text\">Malas lenguas: 7,5% y 490.000<\/p>\n<p class=\"ft-text\">Aqu\u00ed la tierra: 9,8% y 737.000<\/p>\n<p>Telecinco<\/p>\n<p class=\"ft-text\">El tiempo justo: 8,7% y 698.000<\/p>\n<p class=\"ft-text\">El diario de Jorge: 10% y 662.000<\/p>\n<p class=\"ft-text\">Ag\u00e1rrate al sill\u00f3n: 7,7% y 575.000<\/p>\n<p>laSexta<\/p>\n<p class=\"ft-text\">Zapeando: 5,4% y 459.000<\/p>\n<p class=\"ft-text\">M\u00e1s Vale Tarde: 7% y 488.000<\/p>\n<p>Cuatro<\/p>\n<p class=\"ft-text\">Todo es mentira: 6,9% y 558.000<\/p>\n<p class=\"ft-text\">Lo sabe, no lo sabe: 5,8% y 380.000<\/p>\n<p>La 2<\/p>\n<p class=\"ft-text\">Saber y ganar: 2,5% y 223.000 \/ 5,8% y 513.000<\/p>\n<p class=\"ft-text\">La vuelta: 8% y 638.000<\/p>\n<p class=\"ft-text\">Paul va a Hollywood: 3,4% y 234.000<\/p>\n<p class=\"ft-text\">Diario de un n\u00f3mada: 2,8% y 188.000<\/p>\n<p class=\"ft-text\">Malas lenguas: 2,4% y 154.000<\/p>\n<p>MA\u00d1ANAAntena 3<\/p>\n<p class=\"ft-text\">Espejo P\u00fablico: 12,5% y 302.000<\/p>\n<p class=\"ft-text\">Cocina Abierta de Karlos Argui\u00f1ano: 17% y 745.000<\/p>\n<p class=\"ft-text\">La ruleta de la suerte: 22,5% y 1.563.000<\/p>\n<p>La 1<\/p>\n<p class=\"ft-text\">La Hora de La 1: 17,7% y 312.000<\/p>\n<p class=\"ft-text\">Ma\u00f1aneros 360: 15,3% y 443.000 \/ 11,5% y 886.000<\/p>\n<p>laSexta<\/p>\n<p class=\"ft-text\">Aruser@s: 12,2% y 147.000 \/ 14,6% y 303.000<\/p>\n<p class=\"ft-text\">Al Rojo Vivo: 9,2% y 310.000<\/p>\n<p>Telecinco<\/p>\n<p class=\"ft-text\">La mirada cr\u00edtica: 10,8% y 157.000<\/p>\n<p class=\"ft-text\">El programa de Ana Rosa: 10,8% y 259.000<\/p>\n<p class=\"ft-text\">Vamos a ver: 9,4% y 577.000<\/p>\n<p>Cuatro<\/p>\n<p class=\"ft-text\">Alerta Cobra: 3,5% y 59.000 \/ 4,1% y 91.000<\/p>\n<p class=\"ft-text\">En boca de todos: 6,3% y 186.000<\/p>\n<p>La 2<\/p>\n<p class=\"ft-text\">El Cazador: 2,5% y 89.000 \/ 1,8% y 118.000<\/p>\n<p>INFORMATIVOSTarde<\/p>\n<p class=\"ft-text\">Antena 3 Noticias 1: 24,2% y 2.146.000<\/p>\n<p class=\"ft-text\">Telediario 1: 12,8% y 1.140.000<\/p>\n<p class=\"ft-text\">Informativos Telecinco 15H: 9,8% y 871.000<\/p>\n<p class=\"ft-text\">laSexta Noticias 14H: 8,1% y 625.000<\/p>\n<p class=\"ft-text\">Noticias Cuatro 1: 6,1% y 431.000<\/p>\n<p>Noche<\/p>\n<p class=\"ft-text\">Antena 3 Noticias 2: 19,6% y 1.711.000<\/p>\n<p class=\"ft-text\">Telediario 2: 10,3% y 897.000<\/p>\n<p class=\"ft-text\">Informativos Telecinco 21H: 8% y 705.000<\/p>\n<p class=\"ft-text\">laSexta Noticias 20H: 6,9% y 476.000<\/p>\n<p class=\"ft-text\">Noticias Cuatro 2: 4,8% y 333.000<\/p>\n<p>R\u00c1NKING<\/p>\n<p class=\"ft-text\"><strong>Diario<\/strong>: Antena 3 (12,7%), La 1 (10,8%), Telecinco (10,2%), laSexta (6,6%), Cuatro (5,7%), La 2 (3,9%).<\/p>\n<p class=\"ft-text\"><strong>Mes<\/strong>: Antena 3 (13,6%), La 1 (11,9%), Telecinco (9,2%), laSexta (6,1%), Cuatro (5,3%), La 2 (3%).<\/p>\n","protected":false},"excerpt":{"rendered":"&#8216;De viernes&#8216; vuelve a liderar por segunda semana consecutiva su franja. El programa de Bea Archidona y Santi&hellip;\n","protected":false},"author":2,"featured_media":111944,"comment_status":"","ping_status":"","sticky":false,"template":"","format":"standard","meta":{"footnotes":""},"categories":[171],"tags":[4040,5659,38059,30593,146,147,25,24,9646,9721,3152,1646,2056,23,7247,692,214,381],"class_list":{"0":"post-111943","1":"post","2":"type-post","3":"status-publish","4":"format-standard","5":"has-post-thumbnail","7":"category-tv","8":"tag-antena-3","9":"tag-audiencias-television","10":"tag-batacazo","11":"tag-de-viernes","12":"tag-entertainment","13":"tag-entretenimiento","14":"tag-es","15":"tag-espana","16":"tag-flores","17":"tag-plato","18":"tag-rocio","19":"tag-sonsoles","20":"tag-sonsoles-onega","21":"tag-spain","22":"tag-sube","23":"tag-telecinco","24":"tag-tv","25":"tag-viernes"},"share_on_mastodon":{"url":"","error":""},"_links":{"self":[{"href":"https:\/\/www.europesays.com\/es\/wp-json\/wp\/v2\/posts\/111943","targetHints":{"allow":["GET"]}}],"collection":[{"href":"https:\/\/www.europesays.com\/es\/wp-json\/wp\/v2\/posts"}],"about":[{"href":"https:\/\/www.europesays.com\/es\/wp-json\/wp\/v2\/types\/post"}],"author":[{"embeddable":true,"href":"https:\/\/www.europesays.com\/es\/wp-json\/wp\/v2\/users\/2"}],"replies":[{"embeddable":true,"href":"https:\/\/www.europesays.com\/es\/wp-json\/wp\/v2\/comments?post=111943"}],"version-history":[{"count":0,"href":"https:\/\/www.europesays.com\/es\/wp-json\/wp\/v2\/posts\/111943\/revisions"}],"wp:featuredmedia":[{"embeddable":true,"href":"https:\/\/www.europesays.com\/es\/wp-json\/wp\/v2\/media\/111944"}],"wp:attachment":[{"href":"https:\/\/www.europesays.com\/es\/wp-json\/wp\/v2\/media?parent=111943"}],"wp:term":[{"taxonomy":"category","embeddable":true,"href":"https:\/\/www.europesays.com\/es\/wp-json\/wp\/v2\/categories?post=111943"},{"taxonomy":"post_tag","embeddable":true,"href":"https:\/\/www.europesays.com\/es\/wp-json\/wp\/v2\/tags?post=111943"}],"curies":[{"name":"wp","href":"https:\/\/api.w.org\/{rel}","templated":true}]}}