{"id":11195,"date":"2025-07-29T08:01:09","date_gmt":"2025-07-29T08:01:09","guid":{"rendered":"https:\/\/www.europesays.com\/es\/11195\/"},"modified":"2025-07-29T08:01:09","modified_gmt":"2025-07-29T08:01:09","slug":"prosegur-duplica-su-beneficio-en-el-primer-semestre-expansion","status":"publish","type":"post","link":"https:\/\/www.europesays.com\/es\/11195\/","title":{"rendered":"Prosegur duplica su beneficio en el primer semestre &#8211; Expansi\u00f3n"},"content":{"rendered":"<ol>\n<li><a href=\"https:\/\/news.google.com\/rss\/articles\/CBMigAFBVV95cUxOVG5DR1dWeTh1UF9QZUlqTTdfWUw2QlFxZk5rQnZiNXhiTHd3R29VX21TbVRjSkc3SnpMVWYwX2Fib0huTXZmZWptWWlhdkNhd3g3b09MOHNJcnFfd1FzSHZwQ3V6WGxBeVN6S0dEWUJ1RlozcVJ6RDhFS1ZyRFpnStIBgAFBVV95cUxPVjVObEg4a09sUno5c3JWMzdmQkowY2M5aV9vTUdIRUdudElHaTFfdS1VT3p3cUV4STVVVHg1VEQybjZyRldqWVloU2JlelFzUzRtWnRzWndMRGVqQ3lENndUWkl1V3ZqZ29sWlhEemp4UTM2RzVZdDVVcDZnVmRYaw?oc=5\" target=\"_blank\" rel=\"nofollow noopener\">Prosegur duplica su beneficio en el primer semestre<\/a>&nbsp;&nbsp;Expansi\u00f3n<\/li>\n<li><a href=\"https:\/\/news.google.com\/rss\/articles\/CBMikgFBVV95cUxNU2l0RzJMTnFnY1c2RlA1VEFDR2tGNWQ1OWROWWNuYVdYZDJCcUNvZ3J6TDdwRk1GbGduVkY0ZXFESlJ3RHBDMUt0UUpUWXZmSHllNndMZHp2OFViVWIzcUZYbHhXaVlXeEp4MGlNQlc5UUJZeXdXbFdaTWotRlV4Rm1KYnpfSTNaN1FnUU5JcW5fUdIBlwFBVV95cUxONGp2UUtBcEcyczFpR3p1UkRncERRUmZZbmdmSkdXYWZsaktyMnpJN3MtNFgyVlhKTlN6X3FwZFZ5SnNESnQxNy1rOUx4c3FHb1BzY05EWE9oaFdjaGNwWVpXY0ZnbDNoX2hkQkhfOHRTWl9PODl4TlNqdmJyQjIzazlMZjJ3NEh0Z09PQ2psU1FEZWhmVTJB?oc=5\" target=\"_blank\" rel=\"nofollow noopener\">Prosegur Cash elev\u00f3 su beneficio neto un 22,2% en el primer semestre, hasta los 48 millones<\/a>&nbsp;&nbsp;El Confidencial<\/li>\n<li><a href=\"https:\/\/news.google.com\/rss\/articles\/CBMiiwFBVV95cUxQMTJadGFWNDlDc1BuMUVFYVNBaXc1TV9fQkFoTWY1XzctcllsTktsTGJwOUpTNTVVeVJiYTJzT2tvYkFUTXI5ZHhBR1N4OUQ5QWJ1V09YR25vRnBYZDBVandxdnJHWVY5Wmp1U1lCLVNsWjlITklKRWRjbGxyNHpnbTJyUE9YVGxQcDU4?oc=5\" target=\"_blank\" rel=\"nofollow noopener\">Prosegur Cash gana 48 millones de euros, un 22,2% m\u00e1s<\/a>&nbsp;&nbsp;Yahoo.co<\/li>\n<li><a href=\"https:\/\/news.google.com\/rss\/articles\/CBMi6AFBVV95cUxPMlpIbFR4X1ZSQk10ZEw1U1Q4S3ZXR0prWDQxbDZyYkZhd3FOM05BMXdqdnBlczJUT1B6ZERPTV9YMFB1aTJJek1ONERNQXFmMVdZS3NUenFxTFdESUVHVlN6THRHYXhYekE5eG5qOWxCNWFqN2lmUGxfUktGTFZUb3NUdXhtdFp6MzVVeVJFbUZYM2hCdExKcGRZQUJBcHV2amM4eFhQWmVwQk5pNXZIQnltVzhXMlp6WWROU09zX1VSOVZtcTFDNVBpQUtBVk5SVnVQNm1ZVEtid1U2X0NLYkV5d3JEVG9p?oc=5\" target=\"_blank\" rel=\"nofollow noopener\">Prosegur Cash gana 46 millones hasta junio, un 20% m\u00e1s, y factura m\u00e1s de 1.000 millones<\/a>&nbsp;&nbsp;La Vanguardia<\/li>\n<li><a href=\"https:\/\/news.google.com\/rss\/articles\/CBMi2wFBVV95cUxON1piYkMxaUNFWFNGdWVobUlCemFIZENZUnJVSktodk1kZUdhcTZmUThfTG9rQjN0MWNsc0JtVjNUcWZvZE42a1I2MjdFR2NIVWFqYUxzSWI5a1RFNUdBbnFqUmpUSC1Zam1YRmZZVXIwLXd4bUt3QVktdU83eDB4SW41cS05RnVXYWpES0xkdVJOalVwTXZ4dWRTZG9DTXFkTHg3YnUya0NpcHIyd0FhMEdINU5wR243VmdQX1VxZkVEdFE3dVRWMklwbVZDYkVvbFp3SFpDb0gtaUU?oc=5\" target=\"_blank\" rel=\"nofollow noopener\">Prosegur gan\u00f3 64 millones hasta junio, el 80 % m\u00e1s, y prev\u00e9 que el crecimiento se mantenga Por EFE<\/a>&nbsp;&nbsp;Investing.com Espa\u00f1ol<\/li>\n<\/ol>\n","protected":false},"excerpt":{"rendered":"Prosegur duplica su beneficio en el primer semestre&nbsp;&nbsp;Expansi\u00f3n Prosegur Cash elev\u00f3 su beneficio neto un 22,2% en el&hellip;\n","protected":false},"author":2,"featured_media":11196,"comment_status":"","ping_status":"","sticky":false,"template":"","format":"standard","meta":{"footnotes":""},"categories":[80],"tags":[82,95,94,2308,25,24,23],"class_list":{"0":"post-11195","1":"post","2":"type-post","3":"status-publish","4":"format-standard","5":"has-post-thumbnail","7":"category-economia","8":"tag-business","9":"tag-economia","10":"tag-economy","11":"tag-empresas","12":"tag-es","13":"tag-espana","14":"tag-spain"},"share_on_mastodon":{"url":"","error":""},"_links":{"self":[{"href":"https:\/\/www.europesays.com\/es\/wp-json\/wp\/v2\/posts\/11195","targetHints":{"allow":["GET"]}}],"collection":[{"href":"https:\/\/www.europesays.com\/es\/wp-json\/wp\/v2\/posts"}],"about":[{"href":"https:\/\/www.europesays.com\/es\/wp-json\/wp\/v2\/types\/post"}],"author":[{"embeddable":true,"href":"https:\/\/www.europesays.com\/es\/wp-json\/wp\/v2\/users\/2"}],"replies":[{"embeddable":true,"href":"https:\/\/www.europesays.com\/es\/wp-json\/wp\/v2\/comments?post=11195"}],"version-history":[{"count":0,"href":"https:\/\/www.europesays.com\/es\/wp-json\/wp\/v2\/posts\/11195\/revisions"}],"wp:featuredmedia":[{"embeddable":true,"href":"https:\/\/www.europesays.com\/es\/wp-json\/wp\/v2\/media\/11196"}],"wp:attachment":[{"href":"https:\/\/www.europesays.com\/es\/wp-json\/wp\/v2\/media?parent=11195"}],"wp:term":[{"taxonomy":"category","embeddable":true,"href":"https:\/\/www.europesays.com\/es\/wp-json\/wp\/v2\/categories?post=11195"},{"taxonomy":"post_tag","embeddable":true,"href":"https:\/\/www.europesays.com\/es\/wp-json\/wp\/v2\/tags?post=11195"}],"curies":[{"name":"wp","href":"https:\/\/api.w.org\/{rel}","templated":true}]}}