{"id":111958,"date":"2025-09-13T08:53:06","date_gmt":"2025-09-13T08:53:06","guid":{"rendered":"https:\/\/www.europesays.com\/es\/111958\/"},"modified":"2025-09-13T08:53:06","modified_gmt":"2025-09-13T08:53:06","slug":"un-nuevo-blendio-sinfin-el-diario-montanes","status":"publish","type":"post","link":"https:\/\/www.europesays.com\/es\/111958\/","title":{"rendered":"Un nuevo Blendio Sinf\u00edn | El Diario Monta\u00f1\u00e9s"},"content":{"rendered":"<p>El Blendio Sinf\u00edn ha cambiado de entrenador, pero su esencia sigue presente mientras la identidad del cuadro santanderino se mantiene intacta, a pesar del cambio  &#8230; apresurado del \u00faltimo verano, que llev\u00f3 a Rub\u00e9n Garabaya hasta Macedonia del Norte y a Jos\u00e9 Manuel Herrero Lon, casi toda una vida en el club desde la desaparici\u00f3n del Teka, a dar un paso al frente y tomar las riendas del otro equipo de su vida. <\/p>\n<p class=\"v-p\">El pivote no vestir\u00e1 m\u00e1s el 29, pero afronta un reto may\u00fasculo: poner la primera piedra del proyecto sinfinista, que \u00aba medio plazo\u00bb aspira a regresar a Asobal. Como todo en la vida, los planes llevan su tiempo y alcanzar la \u00e9lite del balonmano espa\u00f1ol no es una excepci\u00f3n. As\u00ed que Lon tiene muy claro que la temporada que inician hoy ante Conf\u00eda Base Oviedo en Vallob\u00edn (18.30 horas) tiene un prop\u00f3sito fundamental para el futuro del club. <\/p>\n<p class=\"v-p\">El nuevo entrenador sinfinista asegura que el principal objetivo de la entidad santanderina pasa por confiar en la cantera y en su evoluci\u00f3n: \u00abQueremos que la gente joven que ha subido al primer equipo se asiente en Plata y nos permita tener, de cara a las pr\u00f3ximas temporadas, el mayor n\u00famero de efectivos de casa que den el nivel\u00bb necesario para preparar ese asalto a cotas m\u00e1s altas. A\u00fan as\u00ed, en La Albericia no cierran la puerta a acceder a la fase de ascenso.<\/p>\n<p class=\"v-p\">\u00abLa intenci\u00f3n es no cerrarnos a nada, pero pensando siempre en el d\u00eda a d\u00eda, en el siguiente entrenamiento, en la pr\u00f3xima jornada, en el rival que viene a continuaci\u00f3n. Siempre enfocados en el futuro cercano\u00bb. As\u00ed desgrana Lon las l\u00edneas maestras de su Blendio Sinf\u00edn, un proyecto \u00aben construcci\u00f3n\u00bb que no elude la responsabilidad de hacer frente a un ramillete de plantillas forjadas a golpe de talonario. \u00abHay que ser consciente de lo que tenemos. A\u00fan as\u00ed, aspiramos a ser un equipo que no tenga miedo a nadie y que consiga el respeto de los rivales\u00bb. No hab\u00eda dudas de la inclusi\u00f3n del car\u00e1cter, el compromiso y el sacrificio en el dec\u00e1logo de un Sinf\u00edn acostumbrado a rentabilizar al m\u00e1ximo cualquiera de sus recursos.<\/p>\n<p>417.000 euros y cantera<\/p>\n<p class=\"v-p\">Para la segunda temporada en Plata, los de negro anuncian un presupuesto de 417.585 euros con una plantilla forjada en las categor\u00edas auton\u00f3micas y la ambici\u00f3n de escribir su propia historia en La Albericia.<\/p>\n<p class=\"v-p\">Desde la entidad capitalina definen este nuevo curso en el segundo escal\u00f3n del balonmano masculino espa\u00f1ol como \u00abuna categor\u00eda en la que puede pasar cualquier cosa y esa cualidad impide hacer predicciones\u00bb, explica el nuevo entrenador sinfinista. \u00abSer\u00e1 con el paso de los partidos cuando veamos como el equipo va respondiendo y podamos concretar m\u00e1s los objetivos a nivel deportivo\u00bb. <\/p>\n<p class=\"v-p\">De momento, viendo el listado de rivales de los santanderinos, \u00abhay un equipo muy superior por plantilla, como es el San Pablo Burgos, los dos descendidos de la pasada temporada de Asobal \u2013Anaitasuna y Benidorm,\u2013 y a ellos se suma el Sagunto, que hizo un gran esfuerzo econ\u00f3mico para apostar por el ascenso\u00bb. Con semejante hoja de ruta y sin perder de vista ese futuro pr\u00f3ximo al que apelan desde el cuerpo t\u00e9cnico, el papel de los canteranos que han dado el salto al primer equipo gracias al convenio de filialidad con el Lafuente Pereda resulta fundamental para el devenir sinfinista.<\/p>\n<p class=\"v-p\">As\u00ed que la apuesta pasa por la juventud y talento local como l\u00edneas maestras para afrontar la Liga y Copa de Rey. \u00abTenemos que ser un club de cantera e ir creando un bloque de jugadores de aqu\u00ed para traer de fuera solo a aquellos que cubran determinadas carencias y que mejoren lo que sale de la cas\u00bb, a\u00f1ade Lon <\/p>\n<p class=\"v-p\">La llegada de jugadores como el lateral derecho argentino Federico Saud, o los porteros Pol Quiroga y Pol Sanz refuerzan una plantilla joven y con proyecci\u00f3n que \u00abgarantiza compromiso y trabajo\u00bb, asegura el entrenador que debutar\u00e1 en la categor\u00eda defendiendo esa esencia sinfinista: \u00abNo puedo prometer que vamos a ganar, pero s\u00ed la entrega de todos para conseguirlo\u00bb.<\/p>\n","protected":false},"excerpt":{"rendered":"El Blendio Sinf\u00edn ha cambiado de entrenador, pero su esencia sigue presente mientras la identidad del cuadro santanderino&hellip;\n","protected":false},"author":2,"featured_media":111959,"comment_status":"","ping_status":"","sticky":false,"template":"","format":"standard","meta":{"footnotes":""},"categories":[278],"tags":[376,9183,168,25,24,375,524,1034,23,167],"class_list":{"0":"post-111958","1":"post","2":"type-post","3":"status-publish","4":"format-standard","5":"has-post-thumbnail","7":"category-balonmano","8":"tag-balonmano","9":"tag-blendio","10":"tag-deportes","11":"tag-es","12":"tag-espana","13":"tag-handball","14":"tag-nuevo","15":"tag-sinfin","16":"tag-spain","17":"tag-sports"},"share_on_mastodon":{"url":"","error":""},"_links":{"self":[{"href":"https:\/\/www.europesays.com\/es\/wp-json\/wp\/v2\/posts\/111958","targetHints":{"allow":["GET"]}}],"collection":[{"href":"https:\/\/www.europesays.com\/es\/wp-json\/wp\/v2\/posts"}],"about":[{"href":"https:\/\/www.europesays.com\/es\/wp-json\/wp\/v2\/types\/post"}],"author":[{"embeddable":true,"href":"https:\/\/www.europesays.com\/es\/wp-json\/wp\/v2\/users\/2"}],"replies":[{"embeddable":true,"href":"https:\/\/www.europesays.com\/es\/wp-json\/wp\/v2\/comments?post=111958"}],"version-history":[{"count":0,"href":"https:\/\/www.europesays.com\/es\/wp-json\/wp\/v2\/posts\/111958\/revisions"}],"wp:featuredmedia":[{"embeddable":true,"href":"https:\/\/www.europesays.com\/es\/wp-json\/wp\/v2\/media\/111959"}],"wp:attachment":[{"href":"https:\/\/www.europesays.com\/es\/wp-json\/wp\/v2\/media?parent=111958"}],"wp:term":[{"taxonomy":"category","embeddable":true,"href":"https:\/\/www.europesays.com\/es\/wp-json\/wp\/v2\/categories?post=111958"},{"taxonomy":"post_tag","embeddable":true,"href":"https:\/\/www.europesays.com\/es\/wp-json\/wp\/v2\/tags?post=111958"}],"curies":[{"name":"wp","href":"https:\/\/api.w.org\/{rel}","templated":true}]}}