{"id":111962,"date":"2025-09-13T08:55:09","date_gmt":"2025-09-13T08:55:09","guid":{"rendered":"https:\/\/www.europesays.com\/es\/111962\/"},"modified":"2025-09-13T08:55:09","modified_gmt":"2025-09-13T08:55:09","slug":"ufc-hard-wuck-rompe-la-relacion-con-la-antigua-final-de-tuf","status":"publish","type":"post","link":"https:\/\/www.europesays.com\/es\/111962\/","title":{"rendered":"UFC Hard-Wuck rompe la relaci\u00f3n con la antigua final de TUF"},"content":{"rendered":"<p>        <a href=\"https:\/\/noticiashuesca.com\/wp-content\/uploads\/2025\/09\/1757737169_0x0.jpg\" data-caption=\"\" rel=\"nofollow noopener\" target=\"_blank\"><img loading=\"lazy\" decoding=\"async\" width=\"640\" height=\"426\" class=\"entry-thumb td-modal-image\" src=\"https:\/\/www.europesays.com\/es\/wp-content\/uploads\/2025\/09\/1757737169_0x0-640x426.jpg\"   alt=\"\" title=\"1757737169_0x0.jpg\"\/><\/a><\/p>\n<p>Las Vegas, Nevada \u2013 15 de diciembre: la CEO de UFC, Dana White, fue vista en el escenario en una conferencia de prensa estacional el 15 de diciembre de 2023 en UFC 2024 MGM Garden Arena. (Foto de Chris Ugar\/Jafa LLC de Getty Fig.)<\/p>\n<p>JAFA LLC a trav\u00e9s de la imagen Getty<\/p>\n<p>Dana White y su equipo son como los ganadores y los interesantes guerreros que terminan.<\/p>\n<p>Las l\u00edneas que los combatientes de UFC pueden perder tambi\u00e9n carecen de la capacidad de terminar que pueden encontrarse en una posici\u00f3n fuerte.<\/p>\n<p>Desafortunadamente, el ex finalista de Ultimate Fighter, Austin Habbard, tiene ambos.<\/p>\n<p>Seg\u00fan la publicaci\u00f3n del rastreador de la lista de UFC, se informa que la diferencia sospechosa en la pelea a trav\u00e9s de una parada de 33 a\u00f1os ha aumentado a la cl\u00e1usula perdida y la diferencia sospechosa.<\/p>\n<p>Tof Run le dio a Hubbard una segunda oportunidad<\/p>\n<p>Boston, Massachusetts \u2013 16 de agosto: Austin Habbard posa para un retrato durante una sesi\u00f3n de fotos de UFC el 16 de agosto de 2023 en Boston de Massachusetts. (Foto de Mike Roach\/Fifar LLC)<\/p>\n<p>LLC Scall<\/p>\n<p>El mejor momento de Hubbard lleg\u00f3 cuando derrot\u00f3 a Roosevelt Roberts en la semifinal de combate final en marzo de 2021. Despu\u00e9s de ser liberado en 2021, la victoria coloc\u00f3 a Habbord en el UFC.<\/p>\n<p>Aunque perdi\u00f3 ante Kurt Hallbag en UFC 292 en agosto de 2023, regres\u00f3 a la campa\u00f1a de estreno en el deporte.<\/p>\n<p>Las \u00faltimas cinco peleas de Hubbard<\/p>\n<ul>\n<li><strong>23 de agosto de 2025 \u2013 Noche de pelea de UFC<\/strong><br \/>Da\u00f1o \u00b7 Zhu Rangju (26-6) \u00b7 Decisi\u00f3n (un\u00e1nime)<\/li>\n<li><strong>29 de marzo de 2025 \u2013 Noche de pelea de UFC<\/strong><br \/>Da\u00f1o \u00b7 Merkel Mederos (9-1) \u00b7 Decisi\u00f3n (dividida)<\/li>\n<li><strong>5 de octubre de 2024 \u2013 UFC 307: Pereira vs. Range<\/strong><br \/>Da\u00f1o \u00b7 Alexander Hern\u00e1ndez (14-8) \u00b7 Decisi\u00f3n (dividida)<\/li>\n<li><strong>27 de abril de 2024 \u2013 Noche de pelea de UFC<\/strong><br \/>Win \u00b7 Missel Figlak (8-1) \u00b7 Decisi\u00f3n (un\u00e1nime)<\/li>\n<li><strong>19 de agosto de 2023 \u2013 UFC 292: Sterling vs. O\u2019Malie<\/strong><br \/>Da\u00f1o \u00b7 Cart es (19-7) \u00b7 Sumisi\u00f3n (Triangle Chok), R2, 2:39<\/li>\n<\/ul>\n<p>Por qu\u00e9 es probable que UFC contin\u00fae<\/p>\n<p>Aunque Habbard es un luchador de juego que siempre sale y da grandes esfuerzos, aparentemente ha golpeado su techo en UFC y la altura no es lo suficientemente alta como para mantenerlo en la categor\u00eda de peso ligero extremadamente competitivo.<\/p>\n<p>Nunca termin\u00f3 que la verdad no se beneficie. Temprano el s\u00e1bado, no hubo reconocimiento de Habbord o UFC para partir de la promoci\u00f3n.<\/p>\n<p>\u00bfQu\u00e9 podr\u00eda ser para Hubbard?<\/p>\n<p>Los combatientes profesionales de Hoobard ser\u00edan interesantes para correr con la liga. Hay sed de artistas marciales mixtos estadounidenses que pueden competir al m\u00e1s alto nivel y mostrar a Hubbard que puede hacerlo.<\/p>\n<p>El <a class=\"color-link\" href=\"https:\/\/pflmma.com\/news\/middleweight-contender-bryan-battle-signs-exclusive-multiyear-contract-with-professional-fighters-league\" target=\"_blank\" rel=\"nofollow noopener noreferrer\" data-ga-track=\"ExternalLink:https:\/\/pflmma.com\/news\/middleweight-contender-bryan-battle-signs-exclusive-multiyear-contract-with-professional-fighters-league\" aria-label=\"PFL just signed Bryan Battle\">PFL apenas firm\u00f3 la Guerra de Bryan<\/a> En un acuerdo despu\u00e9s de ser liberado de UFC. Los combatientes como Corey Anderson, Lorisa Pacheko, Olivia Aubin Marser, Ryan Badar y otros han encontrado la vida y la estabilidad financiera despu\u00e9s de firmar con otras promociones.<\/p>\n<p>Si Habbard tiene la oportunidad de poder hacer algo de ruido en el PFL.<\/p>\n<p><a href=\"https:\/\/www.forbes.com\/sites\/brianmazique\/2025\/09\/13\/ufc-cuts-ties-with-hard-luck-former-tuf-finalist\/?rand=247\" rel=\"nofollow noopener\" target=\"_blank\">Enlace fuente<\/a><\/p>\n","protected":false},"excerpt":{"rendered":"Las Vegas, Nevada \u2013 15 de diciembre: la CEO de UFC, Dana White, fue vista en el escenario&hellip;\n","protected":false},"author":2,"featured_media":111963,"comment_status":"","ping_status":"","sticky":false,"template":"","format":"standard","meta":{"footnotes":""},"categories":[276],"tags":[168,25,24,23,167,343],"class_list":{"0":"post-111962","1":"post","2":"type-post","3":"status-publish","4":"format-standard","5":"has-post-thumbnail","7":"category-ufc","8":"tag-deportes","9":"tag-es","10":"tag-espana","11":"tag-spain","12":"tag-sports","13":"tag-ufc"},"share_on_mastodon":{"url":"","error":""},"_links":{"self":[{"href":"https:\/\/www.europesays.com\/es\/wp-json\/wp\/v2\/posts\/111962","targetHints":{"allow":["GET"]}}],"collection":[{"href":"https:\/\/www.europesays.com\/es\/wp-json\/wp\/v2\/posts"}],"about":[{"href":"https:\/\/www.europesays.com\/es\/wp-json\/wp\/v2\/types\/post"}],"author":[{"embeddable":true,"href":"https:\/\/www.europesays.com\/es\/wp-json\/wp\/v2\/users\/2"}],"replies":[{"embeddable":true,"href":"https:\/\/www.europesays.com\/es\/wp-json\/wp\/v2\/comments?post=111962"}],"version-history":[{"count":0,"href":"https:\/\/www.europesays.com\/es\/wp-json\/wp\/v2\/posts\/111962\/revisions"}],"wp:featuredmedia":[{"embeddable":true,"href":"https:\/\/www.europesays.com\/es\/wp-json\/wp\/v2\/media\/111963"}],"wp:attachment":[{"href":"https:\/\/www.europesays.com\/es\/wp-json\/wp\/v2\/media?parent=111962"}],"wp:term":[{"taxonomy":"category","embeddable":true,"href":"https:\/\/www.europesays.com\/es\/wp-json\/wp\/v2\/categories?post=111962"},{"taxonomy":"post_tag","embeddable":true,"href":"https:\/\/www.europesays.com\/es\/wp-json\/wp\/v2\/tags?post=111962"}],"curies":[{"name":"wp","href":"https:\/\/api.w.org\/{rel}","templated":true}]}}