{"id":111974,"date":"2025-09-13T09:03:12","date_gmt":"2025-09-13T09:03:12","guid":{"rendered":"https:\/\/www.europesays.com\/es\/111974\/"},"modified":"2025-09-13T09:03:12","modified_gmt":"2025-09-13T09:03:12","slug":"el-museo-nacional-de-arte-romano-de-merida-finalizara-sus-obras-de-ampliacion-en-octubre","status":"publish","type":"post","link":"https:\/\/www.europesays.com\/es\/111974\/","title":{"rendered":"El Museo Nacional de Arte Romano de M\u00e9rida finalizar\u00e1 sus obras de ampliaci\u00f3n en octubre"},"content":{"rendered":"<p class=\"ft-text\">Las <strong>obras de ampliaci\u00f3n<\/strong> del Museo Nacional de Arte Romano (<a class=\"ft-link ft-link--decoration\" href=\"https:\/\/www.cultura.gob.es\/mnromano\/home.html\" rel=\"nofollow noopener\" target=\"_blank\">MNAR<\/a>) de M\u00e9rida <strong>finalizar\u00e1n en \u00ablas pr\u00f3ximas semanas\u00bb, m\u00e1ximo el mes de octubre<\/strong>, dentro de la<strong> <\/strong><a class=\"ft-link ft-link--decoration\" href=\"https:\/\/www.elperiodicoextremadura.com\/merida\/2025\/05\/26\/museo-arte-romano-merida-cierra-117820674.html\" target=\"_blank\" rel=\"nofollow noopener\">inversi\u00f3n de m\u00e1s de 8 millones de euros<\/a> realizada por el Ministerio de Cultura para ampliar el edificio dise\u00f1ado por el arquitecto Rafael Moneo.<\/p>\n<p class=\"ft-text\">As\u00ed lo anunci\u00f3 el <strong>delegado de Gobierno en Extremadura, Jos\u00e9 Luis Quintana, tras visitar las obras ayer acompa\u00f1ado por la directora del museo, Trinidad Nogales<\/strong>. De esta forma, se dotar\u00e1 de equipamiento al nuevo espacio, mientras que<strong> la inauguraci\u00f3n se llevar\u00e1 a cabo a primeros de 2026<\/strong>, inform\u00f3 el delegado.<\/p>\n<p class=\"ft-text\">En ese sentido, subray\u00f3 que se trata de una \u00abapuesta decidida\u00bb del Ministerio de Cultura por este museo, que ya era \u00abverdaderamente ejemplar\u00bb, pero, adem\u00e1s, con este a\u00f1adido \u00abimportant\u00edsimo\u00bb, \u00abnos podemos convertir en un <strong>aut\u00e9ntico referente del mundo muse\u00edstico romano<\/strong>\u00ab.<\/p>\n<p>Espacio grandioso de exposiciones<\/p>\n<p class=\"ft-text\">La zona de ampliaci\u00f3n contar\u00e1 con un <strong>espacio de exposici\u00f3n temporales \u00abgrandioso\u00bb, seg\u00fan la directora, con entrada diferenciada para los visitantes<\/strong>. En este sentido, Nogales destac\u00f3 que estas exposiciones temporales sirven para que el visitante que ya conoce el museo finalice su experiencia con nuevas ofertas.<\/p>\n<p class=\"ft-text\">Adem\u00e1s, habr\u00e1 nuevas <strong>\u00e1reas educativas, de dep\u00f3sito y de investigaci\u00f3n<\/strong>, que en este caso aumenta en un cien por cien, al igual que la biblioteca, detall\u00f3. El museo tambi\u00e9n contar\u00e1 con un<strong> nuevo sal\u00f3n de actos con 250 butacas<\/strong>, que albergar\u00e1 en el \u00faltimo trimestre de 2026 el importante <strong>Congreso Internacional sobre Bronces de la Antig\u00fcedad<\/strong>, anunci\u00f3.<\/p>\n<p>El dise\u00f1o de Moneo<\/p>\n<p class=\"ft-text\">Por otro lado, la directora hizo hincapi\u00e9 en que, <strong>aunque las dos zonas del museo se diferencian claramente desde el exterior, por dentro parece que \u00abuno no ha salido del edificio\u00bb<\/strong>. Por su parte, el delegado de Gobierno destac\u00f3 que se trata de una <strong>ampliaci\u00f3n integrada<\/strong> y subray\u00f3 que el dise\u00f1o de Moneo supuso \u00ab<strong>un antes y un despu\u00e9s<\/strong> en la arquitectura mundial\u00bb, al conservar la calzada romana y hacer un edificio que por s\u00ed mismo llamaba la atenci\u00f3n.<\/p>\n<p class=\"ft-text\">Asimismo, Nogales expres\u00f3 que ha sido una \u00abfortuna\u00bb que Moneo, <strong>uno de los mejores arquitectos del mundo y autor del edificio actual, haya asumido la ampliaci\u00f3n \u00abporque no siempre es posible\u00bb<\/strong>. De hecho, seg\u00fan la directora, Moneo comenta que se cierra as\u00ed \u00abun circulo en su trayecto profesional\u00bb y que considera que el dise\u00f1o del MNAR \u00able abri\u00f3 las puertas de EEUU\u00bb para la direcci\u00f3n de la Escuela de Arquitectura de Harvard.<\/p>\n","protected":false},"excerpt":{"rendered":"Las obras de ampliaci\u00f3n del Museo Nacional de Arte Romano (MNAR) de M\u00e9rida finalizar\u00e1n en \u00ablas pr\u00f3ximas semanas\u00bb,&hellip;\n","protected":false},"author":2,"featured_media":111975,"comment_status":"","ping_status":"","sticky":false,"template":"","format":"standard","meta":{"footnotes":""},"categories":[173],"tags":[229,233,231,230,232,234,146,147,25,10558,24,241,582,7236,251,470,813,474,2498,23],"class_list":{"0":"post-111974","1":"post","2":"type-post","3":"status-publish","4":"format-standard","5":"has-post-thumbnail","7":"category-arte-y-diseno","8":"tag-arte","9":"tag-arte-y-diseno","10":"tag-arts","11":"tag-arts-and-design","12":"tag-design","13":"tag-diseno","14":"tag-entertainment","15":"tag-entretenimiento","16":"tag-es","17":"tag-espacio","18":"tag-espana","19":"tag-exposiciones","20":"tag-gobierno","21":"tag-merida","22":"tag-ministerio-de-cultura","23":"tag-museo","24":"tag-nacional","25":"tag-obras","26":"tag-romano","27":"tag-spain"},"share_on_mastodon":{"url":"","error":""},"_links":{"self":[{"href":"https:\/\/www.europesays.com\/es\/wp-json\/wp\/v2\/posts\/111974","targetHints":{"allow":["GET"]}}],"collection":[{"href":"https:\/\/www.europesays.com\/es\/wp-json\/wp\/v2\/posts"}],"about":[{"href":"https:\/\/www.europesays.com\/es\/wp-json\/wp\/v2\/types\/post"}],"author":[{"embeddable":true,"href":"https:\/\/www.europesays.com\/es\/wp-json\/wp\/v2\/users\/2"}],"replies":[{"embeddable":true,"href":"https:\/\/www.europesays.com\/es\/wp-json\/wp\/v2\/comments?post=111974"}],"version-history":[{"count":0,"href":"https:\/\/www.europesays.com\/es\/wp-json\/wp\/v2\/posts\/111974\/revisions"}],"wp:featuredmedia":[{"embeddable":true,"href":"https:\/\/www.europesays.com\/es\/wp-json\/wp\/v2\/media\/111975"}],"wp:attachment":[{"href":"https:\/\/www.europesays.com\/es\/wp-json\/wp\/v2\/media?parent=111974"}],"wp:term":[{"taxonomy":"category","embeddable":true,"href":"https:\/\/www.europesays.com\/es\/wp-json\/wp\/v2\/categories?post=111974"},{"taxonomy":"post_tag","embeddable":true,"href":"https:\/\/www.europesays.com\/es\/wp-json\/wp\/v2\/tags?post=111974"}],"curies":[{"name":"wp","href":"https:\/\/api.w.org\/{rel}","templated":true}]}}