{"id":111986,"date":"2025-09-13T09:12:07","date_gmt":"2025-09-13T09:12:07","guid":{"rendered":"https:\/\/www.europesays.com\/es\/111986\/"},"modified":"2025-09-13T09:12:07","modified_gmt":"2025-09-13T09:12:07","slug":"standard-and-poors-sp-mejora-el-rating-de-espana-por-primera-vez-en-seis-anos-economia-y-negocios","status":"publish","type":"post","link":"https:\/\/www.europesays.com\/es\/111986\/","title":{"rendered":"Standard and Poor\u2019s (S&#038;P) mejora el rating de Espa\u00f1a por primera vez en seis a\u00f1os | Econom\u00eda y negocios"},"content":{"rendered":"<p>Una de las agencias de calificaci\u00f3n m\u00e1s importante, Standard and Poor\u2019s, premia la buena evoluci\u00f3n de la econom\u00eda espa\u00f1ola con una mejora del rating soberano de Espa\u00f1a pasando a tener un notable alto. Esto supone un espaldarazo a la pol\u00edtica econ\u00f3mica del Gobierno y va a permitir ahorrar en intereses de la deuda. <\/p>\n<p>M\u00e1s informaci\u00f3n<\/p>\n<p>Seg\u00fan un comunicado este viernes, Espa\u00f1a pasa a tener un rating de A+, lo que significa subir un escal\u00f3n respecto al nivel de los \u00faltimos a\u00f1os. Las agencias de calificaci\u00f3n valoran a la hora de decidir el nivel de rating el riesgo soberano, es decir, las posibilidades de impago y la evoluci\u00f3n de las finanzas p\u00fablicas. Los buenos datos en este sentido son los que han permitido la mejora que se acaba de anunciar. <\/p>\n<p>De hecho, el comunicado de Standard and Poor\u2019s menciona el fuerte crecimiento econ\u00f3mico de los \u00faltimos a\u00f1os y el menor riesgo que en otros pa\u00edses por los aranceles porque exportamos menos a Estados Unidos como razones para esta mejora. <\/p>\n<p>El ministro de Econom\u00eda, Carlos Cuerpo, ha celebrado de esta mejora de calificaci\u00f3n en su cuenta de X. \u00abLa agencia de calificaci\u00f3n S&amp;P ha mejorado la calificaci\u00f3n de nuestra deuda, confirmando el gran desempe\u00f1o y las buenas perspectivas de la econom\u00eda para pr\u00f3ximos a\u00f1os. Resultado de un trabajo bien hecho y pol\u00edtica econ\u00f3mica que funciona\u00bb, ha escrito el ministro en su cuenta de X. <\/p>\n<blockquote class=\"twitter-tweet\">\n<p lang=\"es\" dir=\"ltr\">\u00a1Buenas noticias econ\u00f3micas!<\/p>\n<p>\u27a1\ufe0fLa agencia de calificaci\u00f3n S&amp;P ha mejorado la calificaci\u00f3n de nuestra deuda, confirmando el gran desempe\u00f1o y las buenas perspectivas de la econom\u00eda \ud83c\uddea\ud83c\uddf8para pr\u00f3ximos a\u00f1os<\/p>\n<p>Resultado de un trabajo bien hecho y pol\u00edtica econ\u00f3mica que funciona<\/p>\n<p>Seguimos <a href=\"https:\/\/t.co\/WViN6jcT5B\" rel=\"nofollow\">pic.twitter.com\/WViN6jcT5B<\/a><\/p>\n<p>\u2014 Carlos Cuerpo (@carlos_cuerpo) <a href=\"https:\/\/twitter.com\/carlos_cuerpo\/status\/1966597711467073887?ref_src=twsrc%5Etfw\" rel=\"nofollow noopener\" target=\"_blank\">September 12, 2025<\/a><\/p><\/blockquote>\n<p><script async src=\"https:\/\/platform.twitter.com\/widgets.js\" charset=\"utf-8\"><\/script><\/p>\n","protected":false},"excerpt":{"rendered":"Una de las agencias de calificaci\u00f3n m\u00e1s importante, Standard and Poor\u2019s, premia la buena evoluci\u00f3n de la econom\u00eda&hellip;\n","protected":false},"author":2,"featured_media":111987,"comment_status":"","ping_status":"","sticky":false,"template":"","format":"standard","meta":{"footnotes":""},"categories":[80],"tags":[82,4170,95,94,25,24,38062,2746,38063,38064,23,38065,38066],"class_list":{"0":"post-111986","1":"post","2":"type-post","3":"status-publish","4":"format-standard","5":"has-post-thumbnail","7":"category-economia","8":"tag-business","9":"tag-crisis","10":"tag-economia","11":"tag-economy","12":"tag-es","13":"tag-espana","14":"tag-federal-government-shutdown","15":"tag-finance","16":"tag-government-shutdown","17":"tag-shutdown","18":"tag-spain","19":"tag-standard-poors","20":"tag-us-government-shutdown"},"share_on_mastodon":{"url":"","error":""},"_links":{"self":[{"href":"https:\/\/www.europesays.com\/es\/wp-json\/wp\/v2\/posts\/111986","targetHints":{"allow":["GET"]}}],"collection":[{"href":"https:\/\/www.europesays.com\/es\/wp-json\/wp\/v2\/posts"}],"about":[{"href":"https:\/\/www.europesays.com\/es\/wp-json\/wp\/v2\/types\/post"}],"author":[{"embeddable":true,"href":"https:\/\/www.europesays.com\/es\/wp-json\/wp\/v2\/users\/2"}],"replies":[{"embeddable":true,"href":"https:\/\/www.europesays.com\/es\/wp-json\/wp\/v2\/comments?post=111986"}],"version-history":[{"count":0,"href":"https:\/\/www.europesays.com\/es\/wp-json\/wp\/v2\/posts\/111986\/revisions"}],"wp:featuredmedia":[{"embeddable":true,"href":"https:\/\/www.europesays.com\/es\/wp-json\/wp\/v2\/media\/111987"}],"wp:attachment":[{"href":"https:\/\/www.europesays.com\/es\/wp-json\/wp\/v2\/media?parent=111986"}],"wp:term":[{"taxonomy":"category","embeddable":true,"href":"https:\/\/www.europesays.com\/es\/wp-json\/wp\/v2\/categories?post=111986"},{"taxonomy":"post_tag","embeddable":true,"href":"https:\/\/www.europesays.com\/es\/wp-json\/wp\/v2\/tags?post=111986"}],"curies":[{"name":"wp","href":"https:\/\/api.w.org\/{rel}","templated":true}]}}