{"id":111999,"date":"2025-09-13T09:21:07","date_gmt":"2025-09-13T09:21:07","guid":{"rendered":"https:\/\/www.europesays.com\/es\/111999\/"},"modified":"2025-09-13T09:21:07","modified_gmt":"2025-09-13T09:21:07","slug":"las-zonas-criticas-de-boicots-en-las-etapas-finales-de-la-vuelta-a-espana-por-madrid","status":"publish","type":"post","link":"https:\/\/www.europesays.com\/es\/111999\/","title":{"rendered":"Las zonas cr\u00edticas de boicots en las etapas finales de la Vuelta a Espa\u00f1a por Madrid"},"content":{"rendered":"<p style=\"\">La regi\u00f3n de Madrid est\u00e1 desde hoy nuevamente blindada. La llegada de la Vuelta a Espa\u00f1a de ciclismo va a suponer, y as\u00ed lo reconocen las propias Fuerzas de Seguridad, un pulso con cientos de manifestantes que van a aprovechar ese escaparate mundial para protestar  &#8230; por la ocupaci\u00f3n de Gaza. Fuentes del dispositivo explican a ABC que <a href=\"https:\/\/www.abc.es\/espana\/madrid\/jaque-final-vuelta-madrid-policia-pone-lupa-20250910193102-nt.html\" target=\"_self\" data-voc-vtm-id=\"in-text-traffic\" title=\"hay al menos cinco protestas\" data-mrf-link=\"www.abc.es\" rel=\"nofollow noopener\">hay al menos cinco protestas<\/a>, algunas de ellas comunicadas por cauces legales a la Delegaci\u00f3n del Gobierno, que preocupan; o, al menos, son las que m\u00e1s riesgo tienen de que puedan desembocar en altercados, como ha ocurrido en etapas previas de esta 80\u00aa edici\u00f3n.<\/p>\n<p class=\"voc-p\" style=\"\">Como ha venido informando ABC esta \u00faltima semana, la J<strong>efatura Superior de Polic\u00eda Nacional<\/strong>, Municipal de Madrid y Comandancia de la Guardia Civil van a echar el resto en evitar que se lleve a cabo alg\u00fan boicot; sin embargo, distintas fuentes de los tres Cuerpos explican que \u00abeso va a ser muy dif\u00edcil\u00bb: \u00abVa a haber much\u00edsimos agentes en las calles y en la etapa de la sierra del s\u00e1bado, pero si quieren cortar el recorrido, lo pueden hacer\u00bb, coinciden, en referencia a los grupos organizados violentos, que ser\u00e1n una minor\u00eda de los que protesten. Hablamos de todo el espectro de la ultraizquierda madrile\u00f1a, desde los Bukaneros del Rayo Vallecano (donde entran tambi\u00e9n las facciones autodenominadas antifascistas) al Movimiento Antirrepresivo, que es el m\u00e1s radical y numeroso. Han estado reuni\u00e9ndose de manera discreta para ir preparando altercados.<\/p>\n<p class=\"voc-p\" style=\"\">Pero no son los \u00fanicos. En Madrid capital, coincidiendo con la \u00faltima etapa, la m\u00e1s televisada, la asociaci\u00f3n contra el cant\u00f3n de limpieza de Montecarmelo ha organizado una protesta el domingo por la ma\u00f1ana, desde las 11.30. A partir de las cinco de la tarde, est\u00e1 previsto que el pelot\u00f3n, con el Premier Tech, equipo israel\u00ed, incluido, atraviese ese barrio del distrito de Fuencarral-El Pardo.<\/p>\n<p class=\"voc-p\" style=\"\">M\u00e1s al norte, en la zona del monte, hay preparada otra concentraci\u00f3n tambi\u00e9n en contra de la carrera ciclista; aunque la m\u00e1s masiva y de mayor riesgo es la bautizada &#8216;Por genocida, fuera Israel de la Vuelta&#8217;. La convocan Deporte sin Genocidio. Boicot a Israel; la Red Solidaria contra la Ocupaci\u00f3n de Palestina; y el movimiento BDS (Boicot, Desinversiones y Sanciones), fundado en 2005 por Omar Barghouti y Ramy Shaath. Este \u00faltimo considera que el Estado jud\u00edo practica el &#8216;apartheid&#8217;. Son apoyados por miembros de Podemos, del Partido Comunista de Espa\u00f1a, la red de &#8216;guerrilla period\u00edstica&#8217; Lo que Somos, Spanish Revolution, algunas organizaciones por el derecho a la vivienda, el sindicato CGT e Insumisas contra el Rearme, entre otros muchos grupos. Cuentan con el apoyo, al <a href=\"https:\/\/www.abc.es\/deportes\/ciclismo\/director-israel-abandona-vuelta-motivos-personales-20250912153554-nt.html\" target=\"_self\" data-voc-vtm-id=\"in-text-traffic\" title=\"menos como voceros en redes sociales\" data-mrf-link=\"www.abc.es\" rel=\"nofollow noopener\">menos como voceros en redes sociales<\/a>, de radicales del Pa\u00eds Vasco, regi\u00f3n donde se produjeron algunos incidentes al principio de la competici\u00f3n. Una de las posibilidades con las que trabajan los servicios de Informaci\u00f3n policiales es que gente de fuera acuda a Madrid para sumarse a las revueltas.<\/p>\n<p>\nDe la sierra, al centro\n<\/p>\n<p class=\"voc-p\" style=\"\">Las fuentes policiales consultadas precisan que \u00abes m\u00e1s f\u00e1cil cortar una carretera en la etapa del s\u00e1bado, que discurre por \u00e1reas rurales, pero para ellos es m\u00e1s efectivo medi\u00e1ticamente hacerlo en la del domingo, dentro de Madrid ciudad\u00bb. Por eso, los convocantes animan a acudir con tiempo a la zona del centro (\u00abal menos, a las 16 horas\u00bb), para evitar ser expulsados por los cortes de circulaci\u00f3n.<\/p>\n<p class=\"voc-p\" style=\"\">Tambi\u00e9n se\u00f1alan en las informaciones que est\u00e1n divulgando por sus canales los puntos m\u00e1s importantes para ellos, donde la visibilidad ser\u00eda mayor: <a href=\"https:\/\/www.abc.es\/deportes\/ciclismo\/curva-palestina-valladolid-gritan-ciclistas-20250911162756-nt.html\" target=\"_self\" data-voc-vtm-id=\"in-text-traffic\" title=\"Atocha, Callao y ermita de San Antonio de la Florida\" data-mrf-link=\"www.abc.es\" rel=\"nofollow noopener\">Atocha, Callao y ermita de San Antonio de la Florida<\/a>. Es decir, v\u00edas amplias del centro donde no faltar\u00e1n tiros de c\u00e1maras de televisi\u00f3n. Los investigadores se\u00f1alan tambi\u00e9n como complicadas, tanto por su estrechez como por su cercan\u00eda al barrio de Lavapi\u00e9s (donde se re\u00fane buena parte del movimiento antisistema de Madrid), calles como Mayor y la carrera de San Jer\u00f3nimo, que nacen en la Puerta del Sol. Los convocantes animan a acudir con kufiyas, banderas, ropa roja, negra, verde y blanca&#8230; Para conseguir m\u00e1s visibilidad y, adem\u00e1s, para reconocerse entre ellos. Esa \u00faltima etapa va desde Alalpardo hasta la meta final en la capital.<\/p>\n<p class=\"voc-p\" style=\"\">En cuanto a hoy, la jornada 20\u00aa y previa ser\u00e1 entre Robledo de Chavela y la Bola del Mundo-Puerto de Navacerrada. Ese dispositivo ser\u00e1 completamente de la Guardia Civil, al ser su demarcaci\u00f3n. Se han convocado a grupos de manifestantes en: la gasolinera hacia la carretera de Valmaqueda, a las 11 horas; plaza de la Virgen de Gracia de San Lorenzo de El Escorial (13.15); Ayuntamiento de Cercedilla (15.30); Fonda Real del Puerto de Navacerrada (14-15 horas); y estaci\u00f3n de Cercedilla y casa de la Cultura de Navacerrada (11.30).<\/p>\n","protected":false},"excerpt":{"rendered":"La regi\u00f3n de Madrid est\u00e1 desde hoy nuevamente blindada. La llegada de la Vuelta a Espa\u00f1a de ciclismo&hellip;\n","protected":false},"author":2,"featured_media":112000,"comment_status":"","ping_status":"","sticky":false,"template":"","format":"standard","meta":{"footnotes":""},"categories":[273],"tags":[37075,313,6621,312,168,25,24,7167,6686,205,23,167,1357,7996],"class_list":{"0":"post-111999","1":"post","2":"type-post","3":"status-publish","4":"format-standard","5":"has-post-thumbnail","7":"category-ciclismo","8":"tag-boicots","9":"tag-ciclismo","10":"tag-criticas","11":"tag-cycling","12":"tag-deportes","13":"tag-es","14":"tag-espana","15":"tag-etapas","16":"tag-finales","17":"tag-madrid","18":"tag-spain","19":"tag-sports","20":"tag-vuelta","21":"tag-zonas"},"share_on_mastodon":{"url":"","error":""},"_links":{"self":[{"href":"https:\/\/www.europesays.com\/es\/wp-json\/wp\/v2\/posts\/111999","targetHints":{"allow":["GET"]}}],"collection":[{"href":"https:\/\/www.europesays.com\/es\/wp-json\/wp\/v2\/posts"}],"about":[{"href":"https:\/\/www.europesays.com\/es\/wp-json\/wp\/v2\/types\/post"}],"author":[{"embeddable":true,"href":"https:\/\/www.europesays.com\/es\/wp-json\/wp\/v2\/users\/2"}],"replies":[{"embeddable":true,"href":"https:\/\/www.europesays.com\/es\/wp-json\/wp\/v2\/comments?post=111999"}],"version-history":[{"count":0,"href":"https:\/\/www.europesays.com\/es\/wp-json\/wp\/v2\/posts\/111999\/revisions"}],"wp:featuredmedia":[{"embeddable":true,"href":"https:\/\/www.europesays.com\/es\/wp-json\/wp\/v2\/media\/112000"}],"wp:attachment":[{"href":"https:\/\/www.europesays.com\/es\/wp-json\/wp\/v2\/media?parent=111999"}],"wp:term":[{"taxonomy":"category","embeddable":true,"href":"https:\/\/www.europesays.com\/es\/wp-json\/wp\/v2\/categories?post=111999"},{"taxonomy":"post_tag","embeddable":true,"href":"https:\/\/www.europesays.com\/es\/wp-json\/wp\/v2\/tags?post=111999"}],"curies":[{"name":"wp","href":"https:\/\/api.w.org\/{rel}","templated":true}]}}