{"id":112001,"date":"2025-09-13T09:23:05","date_gmt":"2025-09-13T09:23:05","guid":{"rendered":"https:\/\/www.europesays.com\/es\/112001\/"},"modified":"2025-09-13T09:23:05","modified_gmt":"2025-09-13T09:23:05","slug":"dos-duelos-de-nivel-para-sa-tintina-es-castell","status":"publish","type":"post","link":"https:\/\/www.europesays.com\/es\/112001\/","title":{"rendered":"Dos duelos de nivel para Sa Tintina Es Castell"},"content":{"rendered":"<p><a href=\"https:\/\/www.menorca.info\/etiqueta\/Sa+Tintina+Es+Castell.html?utm_source=Inline-tag&amp;utm_medium=internal\" rel=\"nofollow noopener\" target=\"_blank\">Sa Tintina Es Castell<\/a> arranca este fin de semana su pretemporada, la quinta en <a href=\"https:\/\/www.menorca.info\/etiqueta\/Tercera+FEB.html?utm_source=Inline-tag&amp;utm_medium=internal\" rel=\"nofollow noopener\" target=\"_blank\">Tercera FEB<\/a>. Los de Ra\u00fal Jodra <strong>afrontan sus primeros compromisos de preparaci\u00f3n en el marco del Trofeu Itegra Illes Balears<\/strong> tras dos intensas semanas de entrenamientos con el objetivo de empezar a dar forma a un equipo renovado y con ambiciones.<\/p>\n<p><strong>El primer test llegar\u00e1 este s\u00e1bado en casa (12h) frente a B\u00e0squet Sa Real<\/strong>, un conjunto que combina experiencia y nuevos refuerzos. El equipo ibicenco, salvado la pasada temporada en las \u00faltimas jornadas, se presenta liderado por Nacho Mart\u00edn y Javier Mendori, adem\u00e1s de las incorporaciones del base bielorruso Matsvei Litouka y Davie Coffie. Este curso, su reto pasa por asentarse en un exigente grupo C-B.<\/p>\n<p><strong>El domingo (18.30h), de nuevo en el \u2018Sergio Llull\u2019, ser\u00e1 el turno del Flanigan Calvi\u00e0<\/strong>, reci\u00e9n ascendido desde la Liga Escribano. Pese a su condici\u00f3n de debutante, el club mallorqu\u00edn ha conformado una plantilla interesante, mezclando juventud y experiencia. Destacan los talentos locales Alexis Pou y \u00c1lex Aguilera, junto a nombres contrastados en categor\u00edas FEB como Marc Garc\u00eda.<\/p>\n<p>Por parte de Sa Tintina Es Castell, la pretemporada supone el inicio de un nuevo proyecto liderado por Ra\u00fal Jodra, que ha implantado desde su llegada un estilo de juego definido y moderno. El verano trajo consigo un profundo cambio en la plantilla, con<strong> fichajes de peso<\/strong> como Mart\u00ed Corbera \u2014a quien ya dirigi\u00f3 en el Sese\u2014, V\u00edctor Fern\u00e1ndez, que vivir\u00e1 su primera experiencia lejos de Melilla, y Guillem Garc\u00eda, debutante en el baloncesto semiprofesional. A ellos se suman las renovaciones de piezas fundamentales como Josep Gasc\u00f3n y Souleymane Jules.<\/p>\n","protected":false},"excerpt":{"rendered":"Sa Tintina Es Castell arranca este fin de semana su pretemporada, la quinta en Tercera FEB. Los de&hellip;\n","protected":false},"author":2,"featured_media":112002,"comment_status":"","ping_status":"","sticky":false,"template":"","format":"standard","meta":{"footnotes":""},"categories":[269],"tags":[299,13146,298,12268,168,25,24,12269,23,167,12270],"class_list":{"0":"post-112001","1":"post","2":"type-post","3":"status-publish","4":"format-standard","5":"has-post-thumbnail","7":"category-baloncesto","8":"tag-baloncesto","9":"tag-baloncesto-en-menorca","10":"tag-basketball","11":"tag-cb-es-castell","12":"tag-deportes","13":"tag-es","14":"tag-espana","15":"tag-sa-tintina-es-castell","16":"tag-spain","17":"tag-sports","18":"tag-tercera-feb"},"share_on_mastodon":{"url":"","error":""},"_links":{"self":[{"href":"https:\/\/www.europesays.com\/es\/wp-json\/wp\/v2\/posts\/112001","targetHints":{"allow":["GET"]}}],"collection":[{"href":"https:\/\/www.europesays.com\/es\/wp-json\/wp\/v2\/posts"}],"about":[{"href":"https:\/\/www.europesays.com\/es\/wp-json\/wp\/v2\/types\/post"}],"author":[{"embeddable":true,"href":"https:\/\/www.europesays.com\/es\/wp-json\/wp\/v2\/users\/2"}],"replies":[{"embeddable":true,"href":"https:\/\/www.europesays.com\/es\/wp-json\/wp\/v2\/comments?post=112001"}],"version-history":[{"count":0,"href":"https:\/\/www.europesays.com\/es\/wp-json\/wp\/v2\/posts\/112001\/revisions"}],"wp:featuredmedia":[{"embeddable":true,"href":"https:\/\/www.europesays.com\/es\/wp-json\/wp\/v2\/media\/112002"}],"wp:attachment":[{"href":"https:\/\/www.europesays.com\/es\/wp-json\/wp\/v2\/media?parent=112001"}],"wp:term":[{"taxonomy":"category","embeddable":true,"href":"https:\/\/www.europesays.com\/es\/wp-json\/wp\/v2\/categories?post=112001"},{"taxonomy":"post_tag","embeddable":true,"href":"https:\/\/www.europesays.com\/es\/wp-json\/wp\/v2\/tags?post=112001"}],"curies":[{"name":"wp","href":"https:\/\/api.w.org\/{rel}","templated":true}]}}