{"id":112027,"date":"2025-09-13T09:40:23","date_gmt":"2025-09-13T09:40:23","guid":{"rendered":"https:\/\/www.europesays.com\/es\/112027\/"},"modified":"2025-09-13T09:40:23","modified_gmt":"2025-09-13T09:40:23","slug":"puerta-grande-de-olga-casado-en-la-primera-de-abono-de-salamanca","status":"publish","type":"post","link":"https:\/\/www.europesays.com\/es\/112027\/","title":{"rendered":"Puerta Grande de Olga Casado en la primera de abono de Salamanca"},"content":{"rendered":"<p class=\"paragraph\" id=\"paragraph_1\">Vuelven a sonar clarines y timbales en la segunda feria m\u00e1s importante de Castilla y Le\u00f3n \u2013antiguamente era la primera\u2013. En el papel un festejo mixto con dos novilleras punteras, una de ellas, Olga Casado, de lo m\u00e1s destacado este verano del escalaf\u00f3n y una rejoneadora consolidada. Pudiera parecer que ten\u00eda cierto tinte feminista adquiriendo marketing con aires de todo menos de Tauromaquia.<\/p>\n<p class=\"paragraph\" id=\"paragraph_2\">Arranca el pase\u00edllo en la centenaria Glorieta. Alguacilillas, terna y areneras mujeres, hasta la torilera\u2026 \u00a1Dios bendito! Picadores, banderilleros y encargados de recoger las deposiciones de los caballos por lo que sea no, son hombres.<\/p>\n<p class=\"paragraph\" id=\"paragraph_3\">\u201cMontecillo\u201d de Hdos. de \u00c1ngel S\u00e1nchez y S\u00e1nchez abre plaza con una <strong>Lea Vicens<\/strong> entregada, vestida de campera. Fallo con el primer rej\u00f3n de torear, el segundo ca\u00eddo y sin transmisi\u00f3n ninguna con la plaza. Banderillas sin pena ni gloria. Rejonazo de muerte trasero. Sin puntilla. Oreja cuando las mulillas ya estaban con el astado cargado y con escasa petici\u00f3n. Divisi\u00f3n de opiniones en la vuelta y t\u00edmida bronca al presidente por la oreja concedida.<\/p>\n<p><img loading=\"lazy\" decoding=\"async\" alt=\"La salmantina Raquel Mart\u00edn y la madrile\u00f1a Olga Casado momentos antes del pase\u00edllo\" height=\"2263\" src=\"https:\/\/www.europesays.com\/es\/wp-content\/uploads\/2025\/09\/1003743923505_258671768_1706x2263.jpg\" width=\"1706\" data-lazy-status=\"processed\" data-lazy-info=\"remove loading item 1\"\/><\/p>\n<p>                                                            La salmantina Raquel Mart\u00edn y la madrile\u00f1a Olga Casado momentos antes del pase\u00edllo<\/p>\n<p>                    BMF Toros<\/p>\n<p class=\"paragraph\" id=\"paragraph_4\">Lo que no falla y es \u00e9xito indiscutible de la empresa y su comuni\u00f3n con la Asociaci\u00f3n Juventud Taurina de Salamanca es la gran entrada de gente joven tanto en grada como en andanada. Lleno a rebosar en los espacios j\u00f3venes de la Plaza, y otro acierto, la vuelta de los gorrillas y acomodadores aut\u00e9nticos de la Plaza de toros tras el petardo de la corrida extraordinaria por San Juan de Sahag\u00fan, eso s\u00ed, estar\u00edan mejor sin los gorilas de brazos pintados y gorra negra que poco o nada tienen en sinton\u00eda con los sentimientos que desprende la plaza.<\/p>\n<p class=\"paragraph\" id=\"paragraph_5\">Bonitos lances de <strong>Raquel Mart\u00edn<\/strong> en el tercio para recibir al segundo de la tarde. Tremendo castigo de Pedro Iturralde en varas. Brindis de la novillera santamartina a sus compa\u00f1eras de cartel. Bonita faena muletera de la salmantina, especialmente en esas largas tandas con la mano derecha. Oreja.<\/p>\n<p class=\"paragraph\" id=\"paragraph_6\">Elegante <strong>Olga Casado<\/strong> en el saludo capotero del tercero de la tarde, mal picado el novillo de Montalvo, gaoneras de la novillera titular tras las varas. Brindis de la novillera madrile\u00f1a al empresario y matador de toros Antonio Barrera. Preciosas series con ambas manos. Empacada y estirada Olga Casado haciendo valer su toreo al natural. Media estocada desprendida. Oreja.<\/p>\n<p class=\"paragraph\" id=\"paragraph_7\">Dispuesta <strong>Lea Vicens<\/strong> a por el cuarto de la tarde de nombre \u201cFlor de Lis\u201d. Gran toreo equino de la rejoneadora, destacando con el caballo \u201cdiluvio\u201d. Pinchazo, cuarto de rej\u00f3n de muerte. Aviso y tres descabellos. Silencio.<\/p>\n<p><img decoding=\"async\" alt=\"Una imagen de la novillada en La Glorieta\" height=\"1012\" loading=\"lazy\" width=\"1706\" data-lazy-status=\"processed\" id=\"e1f17536e1\" src=\"https:\/\/www.elespanol.com\/castilla-y-leon\/region\/salamanca\/20250912\/puerta-grande-olga-casado-primera-abono-salamanca\/[\" https:=\"\" data-lazy-info=\"changed src\"\/><\/p>\n<p>                                                            Una imagen de la novillada en La Glorieta<\/p>\n<p>                    BMF Toros<\/p>\n<p class=\"paragraph\" id=\"paragraph_8\">Un churro de la ganader\u00eda de Montalvo hace quinto de la tarde, bien abrochado de nombre \u201cvivaracho\u201d, muy bien toreado a la ver\u00f3nica por parte de la novillera <strong>Raquel Mart\u00edn<\/strong> que brinda el utrero al p\u00fablico. Grandes series, tambi\u00e9n al natural. La novillera de Santa Marta haciendo las delicias del respetable. Innumerables pinchazos y estocada atravesada. Ovaci\u00f3n.<\/p>\n<p class=\"paragraph\" id=\"paragraph_9\">Sale disperso el sexto de la tarde, col\u00e1ndose a los vuelos del capote de Olga Casado, algo renqueante de la mano derecha. Impepinable en banderillas Iv\u00e1n Garc\u00eda que recoge la ovaci\u00f3n del respetable. Gran inicio con la muleta de Olga Casado, arranca el pasodoble \u201cMart\u00edn Ag\u00fcero\u201d, interpretado muy desafinadamente, por cierto, por la Banda Municipal de Alba de Tormes. Le sucede un grand\u00edsimo toreo al natural levantando de su letargo de charlataner\u00eda al tendido de \u201cperiodistas\u201d, el tendido 1. Pinchazo y estocada tendida. Oreja.<\/p>\n<p class=\"paragraph\" id=\"paragraph_10\"><strong>Plaza de Toros de Salamanca. Feria Virgen de la Vega. 1\u00aa de abono. Novillada mixta con picadores. 2 toros de Herederos de \u00c1ngel S\u00e1nchez y S\u00e1nchez y 4 novillos de Montalvo para:<\/strong><\/p>\n<ul>\n<li>&#8211; <strong>Lea Vicens, <\/strong>Oreja y Silencio.<strong\/><\/li>\n<li>&#8211; <strong>Raquel Mart\u00edn, <\/strong>Oreja y Ovaci\u00f3n tras aviso.<strong\/><\/li>\n<li>&#8211; <strong>Olga Casado, <\/strong>Oreja y Oreja. <strong\/><\/li>\n<\/ul>\n","protected":false},"excerpt":{"rendered":"Vuelven a sonar clarines y timbales en la segunda feria m\u00e1s importante de Castilla y Le\u00f3n \u2013antiguamente era&hellip;\n","protected":false},"author":2,"featured_media":112028,"comment_status":"","ping_status":"","sticky":false,"template":"","format":"standard","meta":{"footnotes":""},"categories":[277],"tags":[373,2598,168,25,24,10048,3614,34355,23,167,625,374],"class_list":{"0":"post-112027","1":"post","2":"type-post","3":"status-publish","4":"format-standard","5":"has-post-thumbnail","7":"category-toreo","8":"tag-bullfighting","9":"tag-corridas-toros","10":"tag-deportes","11":"tag-es","12":"tag-espana","13":"tag-plazas-de-toros","14":"tag-salamanca","15":"tag-salamanca-municipio","16":"tag-spain","17":"tag-sports","18":"tag-tauromaquia","19":"tag-toreo"},"share_on_mastodon":{"url":"","error":""},"_links":{"self":[{"href":"https:\/\/www.europesays.com\/es\/wp-json\/wp\/v2\/posts\/112027","targetHints":{"allow":["GET"]}}],"collection":[{"href":"https:\/\/www.europesays.com\/es\/wp-json\/wp\/v2\/posts"}],"about":[{"href":"https:\/\/www.europesays.com\/es\/wp-json\/wp\/v2\/types\/post"}],"author":[{"embeddable":true,"href":"https:\/\/www.europesays.com\/es\/wp-json\/wp\/v2\/users\/2"}],"replies":[{"embeddable":true,"href":"https:\/\/www.europesays.com\/es\/wp-json\/wp\/v2\/comments?post=112027"}],"version-history":[{"count":0,"href":"https:\/\/www.europesays.com\/es\/wp-json\/wp\/v2\/posts\/112027\/revisions"}],"wp:featuredmedia":[{"embeddable":true,"href":"https:\/\/www.europesays.com\/es\/wp-json\/wp\/v2\/media\/112028"}],"wp:attachment":[{"href":"https:\/\/www.europesays.com\/es\/wp-json\/wp\/v2\/media?parent=112027"}],"wp:term":[{"taxonomy":"category","embeddable":true,"href":"https:\/\/www.europesays.com\/es\/wp-json\/wp\/v2\/categories?post=112027"},{"taxonomy":"post_tag","embeddable":true,"href":"https:\/\/www.europesays.com\/es\/wp-json\/wp\/v2\/tags?post=112027"}],"curies":[{"name":"wp","href":"https:\/\/api.w.org\/{rel}","templated":true}]}}