{"id":112029,"date":"2025-09-13T09:43:11","date_gmt":"2025-09-13T09:43:11","guid":{"rendered":"https:\/\/www.europesays.com\/es\/112029\/"},"modified":"2025-09-13T09:43:11","modified_gmt":"2025-09-13T09:43:11","slug":"tsitsipas-el-drama-del-tenista-que-se-bloqueo-cuando-rozaba-el-exito","status":"publish","type":"post","link":"https:\/\/www.europesays.com\/es\/112029\/","title":{"rendered":"Tsitsipas, el drama del tenista que se bloque\u00f3 cuando rozaba el \u00e9xito"},"content":{"rendered":"\n<p> <strong>Stefanos Tsitsipas<\/strong> siempre fue un tenista diferente. A sus 27 a\u00f1os, el griego ha alcanzado <strong>una madurez que deb\u00eda de haberle acompa\u00f1ado en las pistas<\/strong>, pero los problemas f\u00edsicos <a href=\"https:\/\/www.elconfidencial.com\/deportes\/tenis\/2023-05-23\/stefanos-tsitsipas-roland-garros-dudas-nnmero-uno-titulos_3634234\/\" target=\"_self\" rel=\"nofollow noopener\">le han impedido estar donde se presupon\u00eda que deb\u00eda de llegar<\/a>. Era uno de esos jugadores que, por calidad, por juego y por edad, era candidato a ocupar el espacio que dejar\u00eda el Big Three cuando llegara su baj\u00f3n de rendimiento l\u00f3gico. Pero el heleno no ha logrado estar donde esperaba. <\/p>\n<p> En los \u00faltimos a\u00f1os, Tsitsipas ha entrado en <strong>una especie de bloqueo <\/strong>que le impide no solo estar en el nivel de juego que se le presupone, sino incluso competir ante los mejores. <a href=\"https:\/\/www.elconfidencial.com\/deportes\/tenis\/2025-07-04\/tsisipas-recibe-un-palo-historico-de-su-entrenador_4166003\/\" target=\"_self\" rel=\"nofollow noopener\">Los problemas f\u00edsicos derivados en inconsistencia en la pista y, la falta de resultados<\/a>, unidos a las <strong>reca\u00eddas de sus problemas de espalda,<\/strong> han dado lugar a que no se sienta c\u00f3modo en las pistas y, por tanto, que sufra ciertos temores que se hacen patentes a la hora de jugar un partido. <\/p>\n<p>              <img decoding=\"async\" class=\"inTextNews__img\" alt=\"Foto: carlos-alcaraz-us-open-sinner-ferrero\" src=\"https:\/\/www.europesays.com\/es\/wp-content\/uploads\/2025\/09\/f.elconfidencial.com\/original\/4b2\/f62\/a2e\/4b2f62a2ea659e79fc7337a82fa7ffe2.jpg\"  \/>     <\/p>\n<p>TE PUEDE INTERESAR<\/p>\n<p>      <a class=\"inTextNews__title\" href=\"https:\/\/www.elconfidencial.com\/deportes\/tenis\/2025-09-08\/carlos-alcaraz-us-open-sinner-ferrero_4204384\/\" onclick=\"window.ECCO.emit(&#039;amplitude&#039;, { dataEventName: &#039;click_related_article_module&#039;, data: { related_article_url: &#039;https:\/\/www.elconfidencial.com\/deportes\/tenis\/2025-09-08\/carlos-alcaraz-us-open-sinner-ferrero_4204384\/&#039;, related_article_author: &#039;Rafael La Casa&#039;, related_article_section: &#039;tenis&#039; } })\" rel=\"nofollow noopener\" target=\"_blank\"> \u00abEn apenas diez d\u00edas, mejor\u00f3\u00bb: la metamorfosis m\u00e1s brillante de Alcaraz le dio el US Open <\/a>   <\/p>\n<p>    Rafa La Casa   <\/p>\n<p> Fue en la previa de los partidos de Grecia en la Copa Davis cuando Tsitsipas, <strong>en un ejercicio de transparencia, realidad y cercan\u00eda<\/strong>, confirm\u00f3 ante los medios de comunicaci\u00f3n c\u00f3mo se siente. Explic\u00f3 c\u00f3mo le siguen mermando los problemas f\u00edsicos y, como esos dolores y molestias, le provocan inseguridades que hacen que<strong> se desvanezca el castillo de naipes<\/strong> sobre el que est\u00e1n construidas sus esperanzas. <a href=\"https:\/\/www.elconfidencial.com\/deportes\/tenis\/2023-08-17\/tsitsipas-insecto-master-1-000-canada-raqueta_3719596\/\" target=\"_self\" rel=\"nofollow noopener\">No tiene continuidad y, eso, le quema por dentro<\/a>. <\/p>\n<p> \u00ab<strong>Sigo peleando contra mi lesi\u00f3n<\/strong>, tratando de encontrar la manera de recuperarme del todo, a trav\u00e9s de especialistas e intentando entender bien lo que le sucede a mi cuerpo. Antes del US Open, en los entrenamientos, me sent\u00eda c\u00f3modo y recuperado&#8230; pero fue saltar a las pistas y los problemas regresaron.<strong> Siento mucho estr\u00e9s y ansiedad, creo que eso me influye bastante<\/strong>, y tengo mucha desconfianza en mi tenis porque he ganado pocos partidos este a\u00f1o\u00bb, explicaba el griego. <\/p>\n<p> Hace no demasiado tiempo, Tsitsipas apuntaba como uno de los <a href=\"https:\/\/www.elconfidencial.com\/deportes\/tenis\/2024-09-02\/novak-djokovic-us-open-derrota-big-three-nadal-federer-racha-historia_3953182\/\" target=\"_self\" rel=\"nofollow noopener\">m\u00e1s claros relevos generacionales a tenistas como Rafa Nadal, Roger Federer o Novak Djokovic<\/a>. Su espectacular juego desde el fondo de la pista, su brillante volea, su capacidad para sellar puntos sobre la red y el rev\u00e9s brillante con el que cuenta, sumados a su enorme envergadura, eran<strong> armas suficientes para confiar en que hab\u00eda nacido una estrella<\/strong>. Y as\u00ed lo demostraron sus primeros a\u00f1os. <\/p>\n<p> No tard\u00f3 en levantar sus primeros t\u00edtulos, con<strong> las ATP Finals como gran \u00e9xito<\/strong>, am\u00e9n de meterse en<strong> varias finales de Grand Slam <\/strong>como Roland Garros o el Open de Australia. Eso le permiti\u00f3 colocarse entre las diez mejores raquetas de la ATP e, incluso, <strong>ser el n\u00famero 3 del mundo<\/strong>, pero algo cambi\u00f3. Empezaron a aparecer las lesiones, las reca\u00eddas, rompi\u00f3 con su padre, Apostolos, que era su entrenador y, entonces, <a href=\"https:\/\/www.elconfidencial.com\/deportes\/tenis\/2023-04-26\/tsitsipas-alcaraz-gran-obstaculo-lo-que-le-diferencia-de-todos_3618185\/\" target=\"_self\" rel=\"nofollow noopener\">se fue diluyendo de las primeras posiciones<\/a>. <\/p>\n<p> \u00abSaltar a la pista para jugar un partido y sentir molestias inmediatamente es <strong>algo que me destroza an\u00edmicamente<\/strong>. Llevo mucho tiempo dedicando esfuerzo y trabajando incontables horas para recuperarme. Pero mentalmente, ver que no est\u00e1s en condiciones de competir despu\u00e9s de todos los sacrificios que realizas, me desestabiliza profundamente. <strong>He pasado por un gran trauma \u00faltimamente<\/strong> y no puedo prometer demasiado en los pr\u00f3ximos partidos\u00bb, afirmaba. <\/p>\n<p> La falta de continuidad sobre la pista <a href=\"https:\/\/www.atptour.com\/es\/players\/stefanos-tsitsipas\/te51\/rankings-breakdown?matchType=sgl&amp;rankType=roll\" target=\"_blank\" rel=\"nofollow noopener\">le ha hecho caer al puesto 27 de la ATP<\/a>, su peor r\u00e1nking desde 2017 y, aunque fue capaz de ganar en Dubai,<strong> este a\u00f1o est\u00e1 muy lejos de su mejor versi\u00f3n<\/strong>. Su objetivo es trabajar para sanarse por completo y, as\u00ed, volver a recuperar sensaciones que le hagan ser feliz. Y, por qu\u00e9 no, volver a ser ese tenista que so\u00f1aba con ser n\u00famero uno y pelear por los grandes t\u00edtulos. <strong>Tsitsipas quiere abandonar ese drama<\/strong> que le ha impedido ser feliz jugando al tenis. <\/p>\n<p> <strong>Stefanos Tsitsipas<\/strong> siempre fue un tenista diferente. A sus 27 a\u00f1os, el griego ha alcanzado <strong>una madurez que deb\u00eda de haberle acompa\u00f1ado en las pistas<\/strong>, pero los problemas f\u00edsicos <a href=\"https:\/\/www.elconfidencial.com\/deportes\/tenis\/2023-05-23\/stefanos-tsitsipas-roland-garros-dudas-nnmero-uno-titulos_3634234\/\" target=\"_self\" rel=\"nofollow noopener\">le han impedido estar donde se presupon\u00eda que deb\u00eda de llegar<\/a>. Era uno de esos jugadores que, por calidad, por juego y por edad, era candidato a ocupar el espacio que dejar\u00eda el Big Three cuando llegara su baj\u00f3n de rendimiento l\u00f3gico. Pero el heleno no ha logrado estar donde esperaba. <\/p>\n","protected":false},"excerpt":{"rendered":"Stefanos Tsitsipas siempre fue un tenista diferente. A sus 27 a\u00f1os, el griego ha alcanzado una madurez que&hellip;\n","protected":false},"author":2,"featured_media":112030,"comment_status":"","ping_status":"","sticky":false,"template":"","format":"standard","meta":{"footnotes":""},"categories":[274],"tags":[168,25,24,23,167,327,326],"class_list":{"0":"post-112029","1":"post","2":"type-post","3":"status-publish","4":"format-standard","5":"has-post-thumbnail","7":"category-tenis","8":"tag-deportes","9":"tag-es","10":"tag-espana","11":"tag-spain","12":"tag-sports","13":"tag-tenis","14":"tag-tennis"},"share_on_mastodon":{"url":"","error":""},"_links":{"self":[{"href":"https:\/\/www.europesays.com\/es\/wp-json\/wp\/v2\/posts\/112029","targetHints":{"allow":["GET"]}}],"collection":[{"href":"https:\/\/www.europesays.com\/es\/wp-json\/wp\/v2\/posts"}],"about":[{"href":"https:\/\/www.europesays.com\/es\/wp-json\/wp\/v2\/types\/post"}],"author":[{"embeddable":true,"href":"https:\/\/www.europesays.com\/es\/wp-json\/wp\/v2\/users\/2"}],"replies":[{"embeddable":true,"href":"https:\/\/www.europesays.com\/es\/wp-json\/wp\/v2\/comments?post=112029"}],"version-history":[{"count":0,"href":"https:\/\/www.europesays.com\/es\/wp-json\/wp\/v2\/posts\/112029\/revisions"}],"wp:featuredmedia":[{"embeddable":true,"href":"https:\/\/www.europesays.com\/es\/wp-json\/wp\/v2\/media\/112030"}],"wp:attachment":[{"href":"https:\/\/www.europesays.com\/es\/wp-json\/wp\/v2\/media?parent=112029"}],"wp:term":[{"taxonomy":"category","embeddable":true,"href":"https:\/\/www.europesays.com\/es\/wp-json\/wp\/v2\/categories?post=112029"},{"taxonomy":"post_tag","embeddable":true,"href":"https:\/\/www.europesays.com\/es\/wp-json\/wp\/v2\/tags?post=112029"}],"curies":[{"name":"wp","href":"https:\/\/api.w.org\/{rel}","templated":true}]}}