{"id":112033,"date":"2025-09-13T09:46:10","date_gmt":"2025-09-13T09:46:10","guid":{"rendered":"https:\/\/www.europesays.com\/es\/112033\/"},"modified":"2025-09-13T09:46:10","modified_gmt":"2025-09-13T09:46:10","slug":"quien-es-alan-ibrahimagic-el-entrenador-ayudante-que-ha-dirigido-los-partidos-de-alemania-en-el-eurobasket-2025","status":"publish","type":"post","link":"https:\/\/www.europesays.com\/es\/112033\/","title":{"rendered":"Qui\u00e9n es Alan Ibrahimagic, el entrenador ayudante que ha dirigido los partidos de Alemania en el Eurobasket 2025"},"content":{"rendered":"<p>Alemania se ha plantado en la final del EuroBasket 2025 y lo ha hecho con una situaci\u00f3n inesperada en el banquillo. Aunque oficialmente ejerce como ayudante, Alan Ibrahimagic ha asumido la direcci\u00f3n del equipo durante los partidos, <a href=\"https:\/\/www.gigantes.com\/selecciones\/mumbru-banquillo-alemania-eurobasket-ayudante-recuperacion\/\" rel=\"nofollow noopener\" target=\"_blank\">con \u00c1lex Mumbr\u00fa presente<\/a> junto al resto del cuerpo t\u00e9cnico.<\/p>\n<p>M\u00e1s |\u00a0<a href=\"https:\/\/www.gigantes.com\/selecciones\/eurobasket-2025-resultados-horarios-grupos-clasificacion-cuadro-formato\/\" target=\"_blank\" rel=\"noopener nofollow\">EuroBasket 2025: Resultados, horarios, grupos, clasificaci\u00f3n, cuadro y formato<\/a><br \/>\nQui\u00e9n es Alan Ibrahimagic<\/p>\n<p>El t\u00e9cnico berlin\u00e9s, de padres bosnios y tambi\u00e9n con nacionalidad australiana, cuenta con una trayectoria que est\u00e1 \u00edntimamente ligada al crecimiento del baloncesto germano en la \u00faltima d\u00e9cada. La selecci\u00f3n alemana vive un momento hist\u00f3rico, con la oportunidad de conquistar su segundo t\u00edtulo continental justo despu\u00e9s del bronce logrado en 2022 y el oro en el Mundial 2023. Influenciado por el baloncesto yugoslavo de su \u00e9poca, el papel de Ibrahimagic, lejos de quedar en un segundo plano, ha sido clave para que el equipo mantenga su solidez t\u00e1ctica y competitiva este verano.<\/p>\n<p>Nacido en Belgrado y asentado en Berl\u00edn, Ibrahimagic fue jugador de baloncesto hasta 2003. Comenz\u00f3 su andadura como t\u00e9cnico en el VfB Hermsdorf de la capital alemana, donde ya apuntaba maneras como entrenador de cantera. Pronto fue reclutado por el ALBA Berl\u00edn y la Federaci\u00f3n Alemana de Baloncesto, con la que trabaj\u00f3 en categor\u00edas inferiores como la sub-16, sub-18 y sub-20, convirti\u00e9ndose en uno de los nombres m\u00e1s respetados en la formaci\u00f3n de j\u00f3venes talentos. En el ALBA, fue entrenador ayudante de Gordon Herbert, anterior ex seleccionador alem\u00e1n, durante la temporada 2011-12.<\/p>\n<p>Ibrahimagic ha construido un s\u00f3lido palmar\u00e9s en categor\u00edas formativas. Con la sub-20 logr\u00f3 el bronce europeo en 2018 y 2019, un resultado hist\u00f3rico para el baloncesto alem\u00e1n. Posteriormente, condujo a la sub-18 al t\u00edtulo europeo en 2024 y en 2025 firm\u00f3 un hito al alcanzar la final del Mundial sub-19, cayendo \u00fanicamente ante Estados Unidos. El recorrido desde 2013 con las inferiores lo catapult\u00f3 a formar parte, de manera simult\u00e1nea, del staff t\u00e9cnico de la selecci\u00f3n absoluta en el Mundial 2019 -aunque no particip\u00f3 en el oro de 2023-. En el equipo del Eurobasket 2025, jugadores como Franz Wagner y Justus Hollatz fueron entrenados por \u00e9l en inferiores.<\/p>\n<p>La trayectoria de Alan Ibrahimagic<\/p>\n<ul>\n<li>VfB Hermsdorf \u2013 Entrenador de formaci\u00f3n<\/li>\n<li>IBBA Berl\u00edn \u2013 Entrenador de formaci\u00f3n<\/li>\n<li>Alba Berl\u00edn \u2013 Entrenador ayudante en la Bundesliga<\/li>\n<li>MHP Riesen Ludwigsburg \u2013 Entrenador ayudante en Bundesliga<\/li>\n<li>Selecci\u00f3n alemana U-16 \u2013 Seleccionador<\/li>\n<li>Selecci\u00f3n alemana U-18 \u2013 Seleccionador<\/li>\n<li>Selecci\u00f3n alemana U-19 \u2013 Seleccionador<\/li>\n<li>Selecci\u00f3n absoluta de Alemania \u2013 Entrenador ayudante<\/li>\n<\/ul>\n<p style=\"text-align: right;\">Foto: FIBA<\/p>\n<p><img decoding=\"async\" src=\"https:\/\/www.europesays.com\/es\/wp-content\/uploads\/2025\/09\/1757756768_760_mtracking.gif\" alt=\"Etiquetas de Mautic\" style=\"display:none;\"\/><\/p>\n<p><a href=\"https:\/\/www.gigantes.com\/tienda\/hemeroteca\/guia-de-la-liga-endesa-2025-26-no-1-560-septiembre-2025\/\" rel=\"nofollow noopener\" target=\"_blank\"><img loading=\"lazy\" decoding=\"async\" class=\"alignnone size-large wp-image-756436\" src=\"https:\/\/www.europesays.com\/es\/wp-content\/uploads\/2025\/09\/1757096050_733_WhatsApp-Image-2025-09-01-at-17.56.05-1024x1024.jpeg.webp.webp\" alt=\"\" width=\"680\" height=\"680\"  \/><\/a><\/p>\n<p>\t\t\t\t\t<img loading=\"lazy\" decoding=\"async\" src=\"https:\/\/www.europesays.com\/es\/wp-content\/uploads\/2025\/09\/1757096050_248_mano.png\" width=\"60\" height=\"60\" alt=\"Deliza hacia abajo\"\/>Sigue deslizando hacia abajo para ver m\u00e1s contenidos<\/p>\n","protected":false},"excerpt":{"rendered":"Alemania se ha plantado en la final del EuroBasket 2025 y lo ha hecho con una situaci\u00f3n inesperada&hellip;\n","protected":false},"author":2,"featured_media":112034,"comment_status":"","ping_status":"","sticky":false,"template":"","format":"standard","meta":{"footnotes":""},"categories":[269],"tags":[1660,299,298,168,25,24,301,23,167],"class_list":{"0":"post-112033","1":"post","2":"type-post","3":"status-publish","4":"format-standard","5":"has-post-thumbnail","7":"category-baloncesto","8":"tag-alemania","9":"tag-baloncesto","10":"tag-basketball","11":"tag-deportes","12":"tag-es","13":"tag-espana","14":"tag-eurobasket","15":"tag-spain","16":"tag-sports"},"share_on_mastodon":{"url":"","error":""},"_links":{"self":[{"href":"https:\/\/www.europesays.com\/es\/wp-json\/wp\/v2\/posts\/112033","targetHints":{"allow":["GET"]}}],"collection":[{"href":"https:\/\/www.europesays.com\/es\/wp-json\/wp\/v2\/posts"}],"about":[{"href":"https:\/\/www.europesays.com\/es\/wp-json\/wp\/v2\/types\/post"}],"author":[{"embeddable":true,"href":"https:\/\/www.europesays.com\/es\/wp-json\/wp\/v2\/users\/2"}],"replies":[{"embeddable":true,"href":"https:\/\/www.europesays.com\/es\/wp-json\/wp\/v2\/comments?post=112033"}],"version-history":[{"count":0,"href":"https:\/\/www.europesays.com\/es\/wp-json\/wp\/v2\/posts\/112033\/revisions"}],"wp:featuredmedia":[{"embeddable":true,"href":"https:\/\/www.europesays.com\/es\/wp-json\/wp\/v2\/media\/112034"}],"wp:attachment":[{"href":"https:\/\/www.europesays.com\/es\/wp-json\/wp\/v2\/media?parent=112033"}],"wp:term":[{"taxonomy":"category","embeddable":true,"href":"https:\/\/www.europesays.com\/es\/wp-json\/wp\/v2\/categories?post=112033"},{"taxonomy":"post_tag","embeddable":true,"href":"https:\/\/www.europesays.com\/es\/wp-json\/wp\/v2\/tags?post=112033"}],"curies":[{"name":"wp","href":"https:\/\/api.w.org\/{rel}","templated":true}]}}