{"id":112040,"date":"2025-09-13T09:51:21","date_gmt":"2025-09-13T09:51:21","guid":{"rendered":"https:\/\/www.europesays.com\/es\/112040\/"},"modified":"2025-09-13T09:51:21","modified_gmt":"2025-09-13T09:51:21","slug":"de-su-trabajo-diario-no-tenemos-ni-idea","status":"publish","type":"post","link":"https:\/\/www.europesays.com\/es\/112040\/","title":{"rendered":"De su trabajo diario no tenemos ni idea"},"content":{"rendered":"<p class=\"article-text\">\n        <strong>Movistar Plus+<\/strong> se ha encargado de abrir, este viernes 12 de septiembre, la III edici\u00f3n del South International Series Festival en la ciudad de C\u00e1diz, al que asiste <a href=\"https:\/\/www.eldiario.es\/vertele\" target=\"_blank\" data-mrf-recirculation=\"links-noticia\" class=\"link\" rel=\"nofollow noopener\"><strong>verTele<\/strong><\/a>. Lo ha hecho con la presentaci\u00f3n de su nueva serie estelar <strong>El Centro<\/strong>, que cuenta qui\u00e9nes y c\u00f3mo son los que trabajan en el <strong>CNI<\/strong>, y que se estrenar\u00e1 en la plataforma el pr\u00f3ximo <a href=\"https:\/\/www.eldiario.es\/vertele\/videos\/trailers-y-avances\/movistar-plus-lanza-trailer-fija-estreno-el-centro-serie-cni-aspira-sucesora-la-unidad_7_12589485.html\" data-mrf-recirculation=\"links-noticia\" class=\"link\" rel=\"nofollow noopener\" target=\"_blank\">9 de octubre<\/a>.\n    <\/p>\n<p>    <a href=\"https:\/\/www.eldiario.es\/series\/oasis-serie-ana-garces-bambu-netflix-protagonista-victoria-kantch_1_12592386.html\" data-mrf-recirculation=\"saber-mas\" data-dl-event=\"saber-mas\" rel=\"nofollow noopener\" target=\"_blank\"><\/p>\n<p class=\"know-more__title\">&#8216;Oasis&#8217;, la nueva serie de Bamb\u00fa para Netflix, desvela a su otra protagonista junto a Ana Garc\u00e9s<\/p>\n<p>            <img decoding=\"async\" class=\"lazy\" loading=\"lazy\" data-src=\"https:\/\/static.eldiario.es\/clip\/74720208-8252-4f81-a7c0-c8cb49c1f18c_16-9-aspect-ratio_default_0.jpg\" src=\"data:image\/svg+xml,%3Csvg xmlns=\" http:=\"\" viewbox=\"0 0 880 495\" alt=\"'Oasis', la nueva serie de Bamb\u00fa para Netflix, desvela a su otra protagonista junto a Ana Garc\u00e9s\"\/><\/p>\n<p>                        <\/a><\/p>\n<p class=\"article-text\">\n        Producida por Movistar Plus+ junto a Fontefilms, quiere presentar una \u201cversi\u00f3n intima y humana\u201d de las personas que realmente hacen el CNI, representadas en el acto por las actrices <strong>Elena Mart\u00edn, Clara Segura y Elisabet Casanovas<\/strong>. Las tres han profundizado en lo que han avanzado los distintos responsables sobre la inestimable colaboraci\u00f3n con el propio Centro Nacional de Inteligencia.\n    <\/p>\n<p class=\"article-text\">\n        Su <strong>creador, David Moreno<\/strong>, ha normalizado el origen de la historia porque le \u201capetec\u00eda hacer una serie de esp\u00edas\u201d, y encontr\u00f3 un punto en com\u00fan con Movistar Plus+: \u201cBuscamos el enfoque adecuado para hacerla, y les encajaba\u201d. Ese enfoque es el de <strong>una serie sobre personas<\/strong>, en concreto las que trabajan en el CNI.\n    <\/p>\n<p class=\"article-text\">\n        <strong>Carla P\u00e9rez de Alb\u00e9niz<\/strong>, la productora por parte de Fonte Films, celebra haber llegado a esa \u201cidea conjunta\u201d que tras apuntarla definitivamente a lo que quer\u00edan aline\u00f3 tambi\u00e9n a la plataforma, con un colaborador indispensable: <strong>\u201cLa colaboraci\u00f3n del CNI<\/strong> ha hecho que la serie sea m\u00e1s grande por todos los detalles que la hacen mas cre\u00edble y aut\u00e9ntica\u201d.\n    <\/p>\n<p class=\"article-text\">\n        Su compa\u00f1ero en la producci\u00f3n por parte de Movistar Plus+, <strong>Fran Ara\u00fajo<\/strong>, ha explicado la visi\u00f3n de la plataforma: \u201cDentro del cat\u00e1logo siempre intentamos <strong>representar la realidad espa\u00f1ola y contar las cosas de aqu\u00ed<\/strong>, nos interesa contar lo p\u00fablico. Hemos hecho otros centros de la polic\u00eda, y ten\u00edamos el deseo de trabajar con el CNI\u201d.\n    <\/p>\n<p>            <img decoding=\"async\" class=\"lazy\" loading=\"lazy\" data-src=\"https:\/\/static.eldiario.es\/clip\/327fa951-ac64-49bc-8f02-13ff335170f0_16-9-aspect-ratio_default_1125661.jpg\" src=\"data:image\/svg+xml,%3Csvg xmlns=\" http:=\"\" viewbox=\"0 0 6606 3716\" alt=\"La presentaci\u00f3n de 'El Centro' de Movistar Plus+\"\/><\/p>\n<p class=\"article-text\">\n        Dando el paso al rodaje, el <strong>director David Ulloa<\/strong> se ha mostrado encantado con las posibilidades: \u201cHa sido un regalo porque <strong>es un mundo que desconoc\u00eda absolutamente<\/strong>. Puedes tener ideas preconcebidas, pero vas hablando con ellos y viendo vocaciones, frustraciones&#8230; es lo que hemos querido plasmar a trav\u00e9s del reparto, y para que se viera en la serie. Ha sido una de las experiencias m\u00e1s especiales que he tenido\u201d.\n    <\/p>\n<p class=\"article-text\">\n        Introduciendo precisamente al elenco, y hablando sobre c\u00f3mo deb\u00eda ser la serie en su conjunto, Ulloa ha valorado: \u201cEl reto era hacerla cosmpolita, internacional, con muchas localizaciones diferentes, ir abriendo decorados\u2026 <strong>el reto era transmitir algo diferencial al thriller y que eso fuera la parte humana\u201d<\/strong>.\n    <\/p>\n<p>    <strong>La \u201cdistorsi\u00f3n\u201d entre sus dos mundos<\/strong><\/p>\n<p class=\"article-text\">\n        Esa humanidad, esa &#8216;serie sobre personas&#8217; que trabajan en el CNI, est\u00e1 interpretada por un reparto con <strong>Juan Diego Botto, Elena Mart\u00edn Gimeno, Israel Elejalde, Elisabet Casanovas, Clara Segura, David Lorente, Nacho S\u00e1nchez y Trist\u00e1n Ulloa<\/strong>. Y en la presentaci\u00f3n en el South, tres de sus actrices han tomado la palabra.\n    <\/p>\n<p class=\"article-text\">\n        <strong>Clara Segura<\/strong> es la \u201cjefaza\u201d del CNI, Aitana. La actriz ha explicado que siempre le ha \u201cfascinado lo que no se sabe de las personas que trabajan para una causa\u201d, por lo que para ella El Centro \u201cfue un privilegio\u201d. La int\u00e9rprete ha valorado especialmente poder acceder a agentes del CNI: \u201cHemos tenido un acompa\u00f1amiento, no es f\u00e1cil cuando no tienes informaci\u00f3n, y en este caso me ha fascinado poder preguntar, hablar\u2026 fuimos al CNI y fue un poco de pel\u00edcula o de serie, pero a su vez notas la distorsi\u00f3n que tenemos de las personas que trabajan ah\u00ed\u201d.\n    <\/p>\n<p class=\"article-text\">\n        Una distorsi\u00f3n respecto a su oficio, el de la interpretaci\u00f3n, que ha intentado explicar: \u201cDe entrada, est\u00e1n entusiasmados y dispuestos a ayudar. <strong>Nosotros venimos de otro mundo, somos visibles y recibimos reconocimiento, y para ellos es justo al rev\u00e9s<\/strong>. Trabajan, pero no vamos a saber lo bien que lo han hecho porque no te enteras, porque no pasa nada\u201d.\n    <\/p>\n<p class=\"article-text\">\n        Sobre su personaje, destaca que estuvo \u201cm\u00e1s activa antes, no tanto de despacho, pero ahora la vemos en un sitio de responsabilidad, y eso le pesa\u201d. Algo que precisamente le convenci\u00f3 a nivel personal: \u201cFue un lujo el hecho de poder contar con esa informaci\u00f3n, porque <strong>como profesional es cuando m\u00e1s te interesa un proyecto<\/strong>. Por lo que a m\u00ed me gust\u00f3 dedicarme a esto fue por eso, porque me gustaban todas las profesiones y esta te permite ser un poco todo eso cada d\u00eda\u201d. En El Centro, le toca nada menos que ser la directora del CNI.\n    <\/p>\n<p>            <img decoding=\"async\" class=\"lazy\" loading=\"lazy\" data-src=\"https:\/\/static.eldiario.es\/clip\/5a0934c7-75ce-40f6-ac2b-851ac7d7080c_16-9-aspect-ratio_default_1125662.jpg\" src=\"data:image\/svg+xml,%3Csvg xmlns=\" http:=\"\" viewbox=\"0 0 6720 3780\" alt=\"Elena Mart\u00edn, Clara Segura y Elisabet Casanovas\"\/><\/p>\n<p class=\"article-text\">\n        El personaje de <strong>Elena Mart\u00edn<\/strong> se acerca un poco a los que en la rueda de prensa atendemos a sus palabras desde las sillas, porque es periodista. En su caso corresponsal, a la que le afecta en primera persona el suceso que desencadena la serie, por lo que se lo toma personalmente. Para Mart\u00edn tambi\u00e9n ha sido un aprendizaje personal: \u201cLo bonito de hacer ficci\u00f3n es entrar en mundos que desconoces y aprender, y <strong>el mundo del periodismo siempre me ha interesado<\/strong>. No sab\u00eda ni me hab\u00eda adentrado en la vida de una corresponsal\u201d.\n    <\/p>\n<p class=\"article-text\">\n        En su caso, trabajar con una periodista y corresponsal como <strong>Cristina Solias<\/strong> le ayud\u00f3: \u201cFue muy importante entender c\u00f3mo alguien que empieza muy joven ya tiene un recorrido, no es una periodista que acaba de empezar, y eso me generaba muchas preguntas. Su <strong>motivaci\u00f3n de ir a un lugar que pone tu vida en riesgo<\/strong>, ir a un lugar del que la gente huye\u2026\u201d.\n    <\/p>\n<p class=\"article-text\">\n        A la hora de materializar el personaje, explica: \u201cAdem\u00e1s de los ensayos, que fueron muy gratificantes, para hilar fino e ir a la contra de ideas preconcebidas, hablar con una periodista como Cristina Solias, corresponsal en Mosc\u00fa que tambi\u00e9n estuvo en la guerra de Ucrania, y entender su motivaci\u00f3n, estar en el lugar en el que nacen las noticias, su adrenalina al tener info valiosa en sus manos&#8230; <strong>Cuando te hablan con pasi\u00f3n es f\u00e1cil llev\u00e1rtelo al personaje<\/strong>. El viaje ha sido muy bonito, no hab\u00eda trabajado en este g\u00e9nero adem\u00e1s\u201d.\n    <\/p>\n<p>            <img decoding=\"async\" class=\"lazy\" loading=\"lazy\" data-src=\"https:\/\/static.eldiario.es\/clip\/677f27d0-4bb9-4b9c-a1c0-7f152667d99c_16-9-discover-aspect-ratio_default_0.jpg\" src=\"data:image\/svg+xml,%3Csvg xmlns=\" http:=\"\" viewbox=\"0 0 1200 675\" alt=\"El equipo de 'El Centro', pasando por el photocall de C\u00e1diz\"\/><\/p>\n<p class=\"article-text\">\n        <strong>Elisabet Casanovas<\/strong>, por su parte, interpreta a la becaria de El Centro. Un perfil a menudo denostado, o infravalorado, que en la serie r\u00e1pidamente adquiere una importancia vital por una investigaci\u00f3n. La actriz deja claro que <strong>\u201cquer\u00edamos huir de los estereotipos de lo que significa ser esp\u00edas<\/strong>, saber detr\u00e1s de estas personas qu\u00e9 pasa, qu\u00e9 miedos hay, si les habr\u00e1 costado llegar, cu\u00e1les son sus inquietudes, c\u00f3mo se trabaja ah\u00ed\u2026\u201d\n    <\/p>\n<p class=\"article-text\">\n        Para ello, reconoce que \u201ccolaborar y tener respuestas de los que lo viven es un privilegio\u201d, agradeciendo al director haberles \u201cacompa\u00f1ado\u201d para que todos los actores est\u00e9n \u201cdentro de un tono que es m\u00e1s dif\u00edcil de lo que parece, por encontrar el no caer en el clich\u00e9\u201d. En su caso, al interpretar a la novata, ha reconocido que: \u201cA m\u00ed me surgieron dudas por <strong>si pod\u00eda hablar con alguien que llevase poco tiempo en su trabajo, como mi personaje<\/strong> en la serie. Los puntos de vista eran diferentes\u201d. Finalmente, lo logr\u00f3.\n    <\/p>\n<p>    \u201c<strong>Me quedo con haber conocido a gente que desconoc\u00eda y poner en valor lo que hacen\u201d<\/strong><\/p>\n<p class=\"article-text\">\n        Como creador y guionista, David Moreno tambi\u00e9n ha querido incidir en ese intento por alejarse de los clich\u00e9s que sobre todo nos vienen de la espectacularidad de las pel\u00edculas y series hoollywoodienses: \u201cEl imaginario colectivo tiene una idea sobre el CNI, piensas en lo que ves en la prensa\u2026 pero yo quer\u00eda entrar de verdad y ver c\u00f3mo es ese trabajo, porque no conocemos el mundo de la inteligencia. <strong>No son esp\u00edas, trabajan en inteligencia<\/strong>. Me apetec\u00eda contar algo lo m\u00e1s realista posible, y eso implica investigar de verdad y quitarte prejuicios\u201d.\n    <\/p>\n<p class=\"article-text\">\n        Como ha a\u00f1adido sobre los verdaderos agentes del CNI, <strong>\u201cde su trabajo diario no tenemos ni idea<\/strong>. Cuando funciona, cuando todo va bien, es cuando no se enteran. La de eventos que han podido pasar y no sabremos nunca&#8230; Todos los trabajos tienen su parte buena y la mala, el mundo de la inteligencia en cualquier parte del mundo se hace visible cuando se falla. Los servicios no dan informaci\u00f3n, y me parec\u00eda interesante hacerme preguntas\u201d.\n    <\/p>\n<p class=\"article-text\">\n        Desde la direcci\u00f3n, David Ulloa ha querido reflejar esos matices: \u201cPara los personajes, en esta serie o en cualquier otra, los grises siempre est\u00e1n mejor. Encontrar las imperfecciones en los protagonistas es m\u00e1s atractivo, como director me interesan los fallos, las dicotom\u00edas morales, que intenten resarcirse&#8230; la ambig\u00fcedad es m\u00e1s interesante que quedarse a un lado o al otro. <strong>Me quedo con haber conocido a gente que desconoc\u00eda y poner en valor lo que hacen<\/strong>, que desconocemos completamente\u201d.\n    <\/p>\n<p>    <a href=\"https:\/\/www.eldiario.es\/vertele\/noticias\/supervivientes-all-stars-ojo-no-ve-entresijos-gala-telecinco-vivimos-honduras_1_12597131.html\" data-mrf-recirculation=\"saber-mas-abajo\" data-dl-event=\"saber-mas-abajo\" rel=\"nofollow noopener\" target=\"_blank\"><\/p>\n<p class=\"know-more__title\">&#8216;Supervivientes All Stars&#8217; y lo que el ojo no ve: los entresijos de la gala de Telecinco que vivimos desde Honduras<\/p>\n<p>            <img decoding=\"async\" class=\"lazy\" loading=\"lazy\" data-src=\"https:\/\/static.eldiario.es\/clip\/2a9598c5-d433-46d0-9716-91a9c38a34a2_16-9-aspect-ratio_default_0.jpg\" src=\"data:image\/svg+xml,%3Csvg xmlns=\" http:=\"\" viewbox=\"0 0 880 495\" alt=\"'Supervivientes All Stars' y lo que el ojo no ve: los entresijos de la gala de Telecinco que vivimos desde Honduras\"\/><\/p>\n<p>                        <\/a><\/p>\n<p class=\"article-text\">\n        El realizador ha ahondado en ese reconocimiento: \u201cNos ha ayudado a entender cosas simples como qu\u00e9 hace esta gente. Eran preguntas absurdas: \u00bfC\u00f3mo entran, os conoc\u00e9is por los nombres, hay familias dentro? \u00bfOs podeis presentar como amigos? Nos han ense\u00f1ado sus traumas, sus flaqueos ante la traici\u00f3n de compa\u00f1eros\u2026 de todo eso se habla en la serie\u201d. Absorver toda esa informaci\u00f3n ha sido sencillo, pero tambi\u00e9n respetuoso: \u201cPara abordarla mi premisa fue ser lo menos invasivo posible, no interceder desde mi narrativa a lo que contaban. Mucha referencia del cine europeo, y no ya de espias sino de cine de los 90, 2000, ingleses, francesas&#8230; y es en lo que me siento c\u00f3modo. <strong>Dejas escapar un poco el thriller<\/strong>\u2026 pero si que dir\u00eda que hay referencias de ese tipo de cine para ahondar en la parte humana, contar lo sencillo en un \u00fanico plano, hilar su actuaci\u00f3n, dejar la c\u00e1mara encima&#8230; robarles la intimidad de los personajes, que es a lo que me he dedicado esos meses\u201d, ha concluido bromeando.\n    <\/p>\n","protected":false},"excerpt":{"rendered":"Movistar Plus+ se ha encargado de abrir, este viernes 12 de septiembre, la III edici\u00f3n del South International&hellip;\n","protected":false},"author":2,"featured_media":112041,"comment_status":"","ping_status":"","sticky":false,"template":"","format":"standard","meta":{"footnotes":""},"categories":[171],"tags":[245,38076,1819,158,146,147,25,24,13500,303,689,795,7741,156,23,2752,214],"class_list":{"0":"post-112040","1":"post","2":"type-post","3":"status-publish","4":"format-standard","5":"has-post-thumbnail","7":"category-tv","8":"tag-centro","9":"tag-cni","10":"tag-diario","11":"tag-el","12":"tag-entertainment","13":"tag-entretenimiento","14":"tag-es","15":"tag-espana","16":"tag-idea","17":"tag-movistar","18":"tag-no","19":"tag-nueva","20":"tag-plus","21":"tag-serie","22":"tag-spain","23":"tag-trabajo","24":"tag-tv"},"share_on_mastodon":{"url":"","error":""},"_links":{"self":[{"href":"https:\/\/www.europesays.com\/es\/wp-json\/wp\/v2\/posts\/112040","targetHints":{"allow":["GET"]}}],"collection":[{"href":"https:\/\/www.europesays.com\/es\/wp-json\/wp\/v2\/posts"}],"about":[{"href":"https:\/\/www.europesays.com\/es\/wp-json\/wp\/v2\/types\/post"}],"author":[{"embeddable":true,"href":"https:\/\/www.europesays.com\/es\/wp-json\/wp\/v2\/users\/2"}],"replies":[{"embeddable":true,"href":"https:\/\/www.europesays.com\/es\/wp-json\/wp\/v2\/comments?post=112040"}],"version-history":[{"count":0,"href":"https:\/\/www.europesays.com\/es\/wp-json\/wp\/v2\/posts\/112040\/revisions"}],"wp:featuredmedia":[{"embeddable":true,"href":"https:\/\/www.europesays.com\/es\/wp-json\/wp\/v2\/media\/112041"}],"wp:attachment":[{"href":"https:\/\/www.europesays.com\/es\/wp-json\/wp\/v2\/media?parent=112040"}],"wp:term":[{"taxonomy":"category","embeddable":true,"href":"https:\/\/www.europesays.com\/es\/wp-json\/wp\/v2\/categories?post=112040"},{"taxonomy":"post_tag","embeddable":true,"href":"https:\/\/www.europesays.com\/es\/wp-json\/wp\/v2\/tags?post=112040"}],"curies":[{"name":"wp","href":"https:\/\/api.w.org\/{rel}","templated":true}]}}