{"id":112048,"date":"2025-09-13T10:00:11","date_gmt":"2025-09-13T10:00:11","guid":{"rendered":"https:\/\/www.europesays.com\/es\/112048\/"},"modified":"2025-09-13T10:00:11","modified_gmt":"2025-09-13T10:00:11","slug":"hundido-en-mauritania-un-pesquero-de-capital-gallego-fue-rapidisimo","status":"publish","type":"post","link":"https:\/\/www.europesays.com\/es\/112048\/","title":{"rendered":"Hundido en Mauritania un pesquero de capital gallego: \u00abFue rapid\u00edsimo\u00bb"},"content":{"rendered":"<p class=\"ft-text\">El pesquero <strong>Tafra 3<\/strong>, de capital vigu\u00e9s a trav\u00e9s de la armadora Baipesca, se fue al fondo en la tarde noche de ayer viernes despu\u00e9s de haber sido embestido por un buque factor\u00eda, el Right Whale, de pabell\u00f3n de Gambia pero capital ruso. <strong>\u00abFue rapid\u00edsimo, rapid\u00edsimo\u00bb<\/strong>, han explicado a FARO fuentes pr\u00f3ximas a la compa\u00f1\u00eda con base en el puerto de Nuadib\u00fa. Se est\u00e1 buscando a cinco personas, todas de ascendencia mauritana. En la zona hay una profundidad limitada, de 31 brazas, han complementado las mismas fuentes. Al rescate acudieron los tambi\u00e9n pesqueros Rimbal 5 y Tafra 2.<\/p>\n<p class=\"ft-text\">Son 21 los supervivientes, ha indicado a este peri\u00f3dico el capit\u00e1n de otro buque. Se desplegaron tres balsas salvavidas. <strong>Los rescatados subieron a bordo de los pesqueros<\/strong> que fueron al lugar del naufragio, y tambi\u00e9n en el buque factor\u00eda, y seg\u00fan las fuentes consultadas ya se encuentran en Nuadib\u00fa, donde est\u00e1n acompa\u00f1ados por los socios mauritanos de Baipesca. \u00abEs probable que los que faltan est\u00e9n dentro\u00bb.<\/p>\n<p class=\"ft-text\">El mayday salt\u00f3 a las 18.40 horas de Mauritania (20.40 horas en Espa\u00f1a), han precisado las mismas fuentes. A bordo del Tafra 3 iban 26 personas, siendo <strong>tres de ellos espa\u00f1oles: dos gallegos, los patrones, y un onubense, el jefe de maquinas<\/strong>. El pesquero es el antiguo <strong>Playa de Loureiro<\/strong>, de casi 35 metros de eslora, que en su momento pertenec\u00eda a la Asociaci\u00f3n Nacional de Buques Congeladores de Pesca de Cefal\u00f3podos (Anacef) y que <a class=\"ft-link ft-link--decoration\" href=\"https:\/\/www.farodevigo.es\/mar\/2021\/05\/25\/flota-gallega-escapa-africa-son-52214034.html\" rel=\"nofollow noopener\" target=\"_blank\">exportado al caladero mauritano en el a\u00f1o 2021<\/a>.<\/p>\n<p><img decoding=\"async\" src=\"https:\/\/www.europesays.com\/es\/wp-content\/uploads\/2025\/09\/2aa43e94-d379-4a34-b6ff-e517a6d6a409_alta-libre-aspect-ratio_default_0.jpg\" width=\"1200\" height=\"772\" alt=\"El \u00abTafra 3\u00bb, con el boquete abierto en su estribor por la embestida del buque factor\u00eda \u00abRight Whale\u00bb.\" class=\"ft-helper-img-rd\" loading=\"lazy\" hasdataaida=\"true\"\/><\/p>\n<p class=\"ft-helper-fontColor-quaternary ft-helper-fontSize-body-S ft-helper-spacer-t-xxs\">El \u00abTafra 3\u00bb, con el boquete abierto en su estribor por la embestida del buque factor\u00eda \u00abRight Whale\u00bb.  \/ Cedida<\/p>\n<p class=\"ft-text\">Como muestran las im\u00e1genes facilitadas a FARO, el golpe abri\u00f3 un enorme boquete en el costado de estribor. El Tafra 3 ten\u00eda cable largado, por lo que su capacidad de reacci\u00f3n era necesariamente muy limitada. El buque factor\u00eda tiene 105 metros de eslora y su manga, 16 metros, es la mitad de la eslora del pesquero que arroll\u00f3 este viernes.<\/p>\n<p class=\"ft-text\">Desde <strong>Salvamento Mar\u00edtimo<\/strong> explican que las autoridades mauritanas se est\u00e1 encargando de la b\u00fasqueda. Son los hom\u00f3logos en el pa\u00eds africano los que confirmaron a Sasemar la colisi\u00f3n entre los dos barcos y que elTafra 3 contaba con una tripulaci\u00f3n de 26 personas cuando \u00abse hundi\u00f3 totalmente\u00bb.<\/p>\n<p><img decoding=\"async\" src=\"https:\/\/www.europesays.com\/es\/wp-content\/uploads\/2025\/09\/07e37f91-2a0d-4878-ab37-bf9939c1800f_alta-libre-aspect-ratio_default_0.jpg\" width=\"1200\" height=\"600\" alt=\"El buque factor\u00eda \u00abRight Whale\u00bb.\" class=\"ft-helper-img-rd\" loading=\"lazy\" hasdataaida=\"true\"\/><\/p>\n<p class=\"ft-helper-fontColor-quaternary ft-helper-fontSize-body-S ft-helper-spacer-t-xxs\">El buque factor\u00eda \u00abRight Whale\u00bb.  \/ OWC<\/p>\n<p class=\"ft-text\">Las im\u00e1genes facilitadas desde otros buques de pesca muestran c\u00f3mo el pesquero escor\u00f3 de forma dram\u00e1tica hacia babor, con el costado de estribor abierto en canal, cuando empez\u00f3 a escupir humo negro de la m\u00e1quina. El antiguo Playa de Loureiro qued\u00f3 a continuaci\u00f3n semihundido, con la proa al sol, antes de desaparecer en el Atl\u00e1ntico.<\/p>\n","protected":false},"excerpt":{"rendered":"El pesquero Tafra 3, de capital vigu\u00e9s a trav\u00e9s de la armadora Baipesca, se fue al fondo en&hellip;\n","protected":false},"author":2,"featured_media":112049,"comment_status":"","ping_status":"","sticky":false,"template":"","format":"standard","meta":{"footnotes":""},"categories":[8],"tags":[17,18,7264,25,24,13,14,785,11,38077,19,20,30584,27720,9,10,15,16,38078,23,38079,12,21,22],"class_list":{"0":"post-112048","1":"post","2":"type-post","3":"status-publish","4":"format-standard","5":"has-post-thumbnail","7":"category-espana","8":"tag-breaking-news","9":"tag-breakingnews","10":"tag-capital","11":"tag-es","12":"tag-espana","13":"tag-featured-news","14":"tag-featurednews","15":"tag-gallego","16":"tag-headlines","17":"tag-hundido","18":"tag-latest-news","19":"tag-latestnews","20":"tag-mauritania","21":"tag-naufragios","22":"tag-news","23":"tag-noticias","24":"tag-noticias-destacadas","25":"tag-noticiasdestacadas","26":"tag-pesquero","27":"tag-spain","28":"tag-sucesos-en-el-mar","29":"tag-titulares","30":"tag-ultimas-noticias","31":"tag-ultimasnoticias"},"share_on_mastodon":{"url":"","error":""},"_links":{"self":[{"href":"https:\/\/www.europesays.com\/es\/wp-json\/wp\/v2\/posts\/112048","targetHints":{"allow":["GET"]}}],"collection":[{"href":"https:\/\/www.europesays.com\/es\/wp-json\/wp\/v2\/posts"}],"about":[{"href":"https:\/\/www.europesays.com\/es\/wp-json\/wp\/v2\/types\/post"}],"author":[{"embeddable":true,"href":"https:\/\/www.europesays.com\/es\/wp-json\/wp\/v2\/users\/2"}],"replies":[{"embeddable":true,"href":"https:\/\/www.europesays.com\/es\/wp-json\/wp\/v2\/comments?post=112048"}],"version-history":[{"count":0,"href":"https:\/\/www.europesays.com\/es\/wp-json\/wp\/v2\/posts\/112048\/revisions"}],"wp:featuredmedia":[{"embeddable":true,"href":"https:\/\/www.europesays.com\/es\/wp-json\/wp\/v2\/media\/112049"}],"wp:attachment":[{"href":"https:\/\/www.europesays.com\/es\/wp-json\/wp\/v2\/media?parent=112048"}],"wp:term":[{"taxonomy":"category","embeddable":true,"href":"https:\/\/www.europesays.com\/es\/wp-json\/wp\/v2\/categories?post=112048"},{"taxonomy":"post_tag","embeddable":true,"href":"https:\/\/www.europesays.com\/es\/wp-json\/wp\/v2\/tags?post=112048"}],"curies":[{"name":"wp","href":"https:\/\/api.w.org\/{rel}","templated":true}]}}