{"id":112108,"date":"2025-09-13T10:49:09","date_gmt":"2025-09-13T10:49:09","guid":{"rendered":"https:\/\/www.europesays.com\/es\/112108\/"},"modified":"2025-09-13T10:49:09","modified_gmt":"2025-09-13T10:49:09","slug":"alejandro-marcos-sustituye-a-roman-en-la-corrida-de-pesaguero","status":"publish","type":"post","link":"https:\/\/www.europesays.com\/es\/112108\/","title":{"rendered":"Alejandro Marcos sustituye a Rom\u00e1n en la corrida de Pesaguero"},"content":{"rendered":"<p><a class=\"v-mdl-ath__fig-a\" href=\"https:\/\/www.eldiariomontanes.es\/autor\/borja-cavia-2708.html\" title=\"Borja Cavia\" rel=\"nofollow noopener\" target=\"_blank\"><br \/>\n<img decoding=\"async\" class=\"v-mdl-ath__img\" src=\"https:\/\/www.europesays.com\/es\/wp-content\/uploads\/2025\/07\/autor-2708-foto-1.png\" alt=\"Borja Cavia\"\/><br \/>\n<\/a><\/p>\n<p class=\"v-mdl-ath__p v-mdl-ath__p--6\">\nS\u00e1bado, 13 de septiembre 2025, 12:26<\/p>\n<p class=\"v-p\">Alejandro Marcos sustituir\u00e1 a Rom\u00e1n ma\u00f1ana en Pesaguero. El diestro valenciano no podr\u00e1 estar en Lerones debido a la luxaci\u00f3n de hombro que <a href=\"https:\/\/www.eldiariomontanes.es\/region\/siete-villas\/gines-marin-triunfa-entretenida-tarde-toros-santona-20250908211359-nt.html\" title=\"www.eldiariomontanes.es\" data-voc-vtm-id=\"in-text-traffic\" data-mrf-link=\"www.eldiariomontanes.es\" rel=\"nofollow noopener\" target=\"_blank\">sufri\u00f3 el pasado lunes en Santo\u00f1a<\/a> tras ser volteado por un toro de Manuela Pat\u00f3n, por lo que ser\u00e1 el salmantino el que tome su lugar en el cartel que completan Guillermo Hermoso de Mendoza y Trist\u00e1n Barroso con astados de Hermoso de Mendoza para rejones y Valdefresno, Montalvo y Manuela Pat\u00f3n para la lidia a pie.<\/p>\n<p class=\"v-p\">En una de las plazas m\u00e1s bonitas de Espa\u00f1a por su ubicaci\u00f3n y encuadrada este a\u00f1o en d\u00edas festivos en la comarca, la corrida ha despertado la expectaci\u00f3n habitual al contar, entre otras cosas, con la \u00fanica actuaci\u00f3n de Guillermo Hermoso de Mendoza en Cantabria este a\u00f1o. El rejoneador navarro iba a estar acompa\u00f1ado de Rom\u00e1n, pero la fuerte voltereta sufrida por el diestro en Santo\u00f1a, en la que se disloc\u00f3 el hombro, le impedir\u00e1 repetir en tierras lebaniegas. Aunque una lesi\u00f3n nunca llega en buen momento, la sufrida por el valenciano le ha sucedido en una \u00e9poca varios compromisos, entre ellos el de ma\u00f1ana en una localidad, Lerones, que acoge festejos taurinos por cuarto a\u00f1o consecutivo despu\u00e9s de iniciarse en 2022 con la presencia del propio Guillermo Hermoso de Mendoza y de los novilleros Cristian Parejo y Daniel Medina.<\/p>\n<p class=\"v-p\">El sustituto de Rom\u00e1n ser\u00e1 el salmantino Alejandro Marcos, diestro vinculado a Cantabria tras tomar la alternativa en Santander en 2017 y que <a href=\"https:\/\/www.eldiariomontanes.es\/region\/campoo-sur\/borjas-fandi-alejandro-20210830231357-ntvo.html\" title=\"www.eldiariomontanes.es\" data-voc-vtm-id=\"in-text-traffic\" data-mrf-link=\"www.eldiariomontanes.es\" rel=\"nofollow noopener\" target=\"_blank\">ya sabe lo que es torear en otras plazas de la regi\u00f3n como Polaciones<\/a>. Completa la terna <a href=\"https:\/\/www.eldiariomontanes.es\/region\/ason\/tristan-barroso-conquista-ampuero-20250906202823-nt.html\" title=\"www.eldiariomontanes.es\" data-voc-vtm-id=\"in-text-traffic\" data-mrf-link=\"www.eldiariomontanes.es\" rel=\"nofollow noopener\" target=\"_blank\">Trist\u00e1n Barroso, que debut\u00f3 con \u00e9xito<\/a> en Cantabria la pasada semana al cortar cuatro orejas y rabo en la corrida mixta que abri\u00f3 la feria de Ampuero.<\/p>\n<p>Comenta<\/p>\n<p>Reporta un error<\/p>\n","protected":false},"excerpt":{"rendered":"S\u00e1bado, 13 de septiembre 2025, 12:26 Alejandro Marcos sustituir\u00e1 a Rom\u00e1n ma\u00f1ana en Pesaguero. El diestro valenciano no&hellip;\n","protected":false},"author":2,"featured_media":112109,"comment_status":"","ping_status":"","sticky":false,"template":"","format":"standard","meta":{"footnotes":""},"categories":[277],"tags":[10114,373,1569,168,25,24,14144,29376,4792,23,167,9832,374],"class_list":{"0":"post-112108","1":"post","2":"type-post","3":"status-publish","4":"format-standard","5":"has-post-thumbnail","7":"category-toreo","8":"tag-alejandro","9":"tag-bullfighting","10":"tag-corrida","11":"tag-deportes","12":"tag-es","13":"tag-espana","14":"tag-marcos","15":"tag-pesaguero","16":"tag-roman","17":"tag-spain","18":"tag-sports","19":"tag-sustituye","20":"tag-toreo"},"share_on_mastodon":{"url":"","error":""},"_links":{"self":[{"href":"https:\/\/www.europesays.com\/es\/wp-json\/wp\/v2\/posts\/112108","targetHints":{"allow":["GET"]}}],"collection":[{"href":"https:\/\/www.europesays.com\/es\/wp-json\/wp\/v2\/posts"}],"about":[{"href":"https:\/\/www.europesays.com\/es\/wp-json\/wp\/v2\/types\/post"}],"author":[{"embeddable":true,"href":"https:\/\/www.europesays.com\/es\/wp-json\/wp\/v2\/users\/2"}],"replies":[{"embeddable":true,"href":"https:\/\/www.europesays.com\/es\/wp-json\/wp\/v2\/comments?post=112108"}],"version-history":[{"count":0,"href":"https:\/\/www.europesays.com\/es\/wp-json\/wp\/v2\/posts\/112108\/revisions"}],"wp:featuredmedia":[{"embeddable":true,"href":"https:\/\/www.europesays.com\/es\/wp-json\/wp\/v2\/media\/112109"}],"wp:attachment":[{"href":"https:\/\/www.europesays.com\/es\/wp-json\/wp\/v2\/media?parent=112108"}],"wp:term":[{"taxonomy":"category","embeddable":true,"href":"https:\/\/www.europesays.com\/es\/wp-json\/wp\/v2\/categories?post=112108"},{"taxonomy":"post_tag","embeddable":true,"href":"https:\/\/www.europesays.com\/es\/wp-json\/wp\/v2\/tags?post=112108"}],"curies":[{"name":"wp","href":"https:\/\/api.w.org\/{rel}","templated":true}]}}