{"id":112213,"date":"2025-09-13T12:03:11","date_gmt":"2025-09-13T12:03:11","guid":{"rendered":"https:\/\/www.europesays.com\/es\/112213\/"},"modified":"2025-09-13T12:03:11","modified_gmt":"2025-09-13T12:03:11","slug":"celebran-10-anos-de-la-f1-en-mexico-con-exposicion","status":"publish","type":"post","link":"https:\/\/www.europesays.com\/es\/112213\/","title":{"rendered":"Celebran 10 a\u00f1os de la F1 en M\u00e9xico con exposici\u00f3n"},"content":{"rendered":"\n<p>Este 2025, la F\u00f3rmula Uno <strong>cumple 10 a\u00f1os <\/strong>de llevar a cabo el <a href=\"https:\/\/oncenoticias.digital\/deportes\/es-oficial-gran-premio-de-mexico-se-queda-en-cdmx-hasta-2028\/469204\/\" rel=\"nofollow noopener\" target=\"_blank\">Gran Premio de M\u00e9xico<\/a>. Para conmemorar la fecha, <strong>en el Bosque de Chapultepec <\/strong>se inaugur\u00f3 una <strong>exposici\u00f3n fotogr\u00e1fica.<\/strong><\/p>\n<blockquote class=\"wp-block-quote\">\n<p>\u201cEsta exposici\u00f3n es mucho m\u00e1s que automovilismo, es tambi\u00e9n un homenaje a nuestra gente y a nuestro pa\u00eds. Quiero agradecer a los que han hecho posible esta d\u00e9cada, a nuestros patrocinadores, a las autoridades, los fot\u00f3grafos que inmortalizaron cada instante, pero sobre todo a los aficionados\u201d, dijo Federico Gonz\u00e1lez, director del Gran Premio de M\u00e9xico.<\/p>\n<\/blockquote>\n<p> <img decoding=\"async\" loading=\"lazy\" width=\"1024\" height=\"683\" src=\"https:\/\/www.europesays.com\/es\/wp-content\/uploads\/2025\/09\/G0q41bnXIAAGPiB-1024x683.jpg\" alt=\"\" class=\"wp-image-516303\"  \/> <\/p>\n<p><strong>La galer\u00eda cuenta con 62 fotograf\u00edas<\/strong> en las que se encuentran momentos que han quedado en la <strong>historia, <\/strong>como los festejos de <a href=\"https:\/\/oncenoticias.digital\/deportes\/sergio-checo-perez-se-congratula-en-la-tercera-posicion-del-gran-premio-de-mexico\/16363\/\" rel=\"nofollow noopener\" target=\"_blank\">Sergio \u201cCheco\u201d P\u00e9rez<\/a> subiendo al podio en<strong> 2021 y 2022.<\/strong><\/p>\n<p>Permanecer\u00e1 hasta el <strong>26 de octubre <\/strong>en la <strong>Galer\u00eda Abierta Ghandi<\/strong> de las <a href=\"https:\/\/oncenoticias.digital\/cultura\/inah-85-anos-inauguran-expo-en-las-rejas-del-bosque-de-chapultepec\/379686\/\" target=\"_blank\" rel=\"noreferrer noopener nofollow\">rejas de Chapultepec<\/a>, frente al museo Rufino Tamayo.<\/p>\n<p>La inauguraci\u00f3n se realiz\u00f3 en el Jard\u00edn Bot\u00e1nico, <strong>donde participaron<\/strong> Alejandra Frausto Guerrero, secretaria de Turismo de la Ciudad de M\u00e9xico; Argel G\u00f3mez Concheiro, subsecretario de Grandes Festivales Comunitarios de la Secretar\u00eda de Turismo de CDMX; Natasha Uren, directora ejecutiva del Bosque de Chapultepec, y Federico Gonz\u00e1lez Compe\u00e1n, director del <strong>Gran Premio de M\u00e9xico.<\/strong><\/p>\n<blockquote class=\"twitter-tweet\">\n<p lang=\"es\" dir=\"ltr\">\ud83d\udcf8\u2728 10 a\u00f1os de <a href=\"https:\/\/twitter.com\/hashtag\/F1?src=hash&amp;ref_src=twsrc%5Etfw\" rel=\"nofollow noopener\" target=\"_blank\">#F1<\/a> en M\u00e9xico\u2026 en 62 fotos. \ud83c\udfce\ufe0f<\/p>\n<p>Del 12 de septiembre al 26 de octubre, vive gratis la exposici\u00f3n \u201c10 a\u00f1os de F1 en M\u00e9xico\u201d en la Galer\u00eda Gandhi del Bosque de Chapultepec \ud83c\uddf2\ud83c\uddfd<\/p>\n<p>Tambi\u00e9n disponible en Galer\u00eda Virtual: <a href=\"https:\/\/t.co\/8IPUAIiTCz\" rel=\"nofollow\">https:\/\/t.co\/8IPUAIiTCz<\/a> \ud83d\udc9a \ud83d\udc9a<a href=\"https:\/\/twitter.com\/hashtag\/F1ESTA?src=hash&amp;ref_src=twsrc%5Etfw\" rel=\"nofollow noopener\" target=\"_blank\">#F1ESTA<\/a> <a href=\"https:\/\/twitter.com\/hashtag\/MexicoGP?src=hash&amp;ref_src=twsrc%5Etfw\" rel=\"nofollow noopener\" target=\"_blank\">#MexicoGP<\/a> <a href=\"https:\/\/t.co\/FJYSUOkiSo\" rel=\"nofollow\">pic.twitter.com\/FJYSUOkiSo<\/a><\/p>\n<p>\u2014 Mexico Grand Prix \ud83c\uddf2\ud83c\uddfd (@mexicogp) <a href=\"https:\/\/twitter.com\/mexicogp\/status\/1966601281297887397?ref_src=twsrc%5Etfw\" rel=\"nofollow noopener\" target=\"_blank\">September 12, 2025<\/a><\/p><\/blockquote>\n<p>    <script async src=\"https:\/\/platform.twitter.com\/widgets.js\" charset=\"utf-8\"><\/script><\/p>\n","protected":false},"excerpt":{"rendered":"Este 2025, la F\u00f3rmula Uno cumple 10 a\u00f1os de llevar a cabo el Gran Premio de M\u00e9xico. Para&hellip;\n","protected":false},"author":2,"featured_media":112214,"comment_status":"","ping_status":"","sticky":false,"template":"","format":"standard","meta":{"footnotes":""},"categories":[270],"tags":[38107,168,25,24,2003,306,271,272,16702,23,167],"class_list":{"0":"post-112213","1":"post","2":"type-post","3":"status-publish","4":"format-standard","5":"has-post-thumbnail","7":"category-formula-1","8":"tag-chapultepec","9":"tag-deportes","10":"tag-es","11":"tag-espana","12":"tag-exposicion","13":"tag-f1","14":"tag-formula-1","15":"tag-formula1","16":"tag-gran-premio-de-mexico","17":"tag-spain","18":"tag-sports"},"share_on_mastodon":{"url":"","error":""},"_links":{"self":[{"href":"https:\/\/www.europesays.com\/es\/wp-json\/wp\/v2\/posts\/112213","targetHints":{"allow":["GET"]}}],"collection":[{"href":"https:\/\/www.europesays.com\/es\/wp-json\/wp\/v2\/posts"}],"about":[{"href":"https:\/\/www.europesays.com\/es\/wp-json\/wp\/v2\/types\/post"}],"author":[{"embeddable":true,"href":"https:\/\/www.europesays.com\/es\/wp-json\/wp\/v2\/users\/2"}],"replies":[{"embeddable":true,"href":"https:\/\/www.europesays.com\/es\/wp-json\/wp\/v2\/comments?post=112213"}],"version-history":[{"count":0,"href":"https:\/\/www.europesays.com\/es\/wp-json\/wp\/v2\/posts\/112213\/revisions"}],"wp:featuredmedia":[{"embeddable":true,"href":"https:\/\/www.europesays.com\/es\/wp-json\/wp\/v2\/media\/112214"}],"wp:attachment":[{"href":"https:\/\/www.europesays.com\/es\/wp-json\/wp\/v2\/media?parent=112213"}],"wp:term":[{"taxonomy":"category","embeddable":true,"href":"https:\/\/www.europesays.com\/es\/wp-json\/wp\/v2\/categories?post=112213"},{"taxonomy":"post_tag","embeddable":true,"href":"https:\/\/www.europesays.com\/es\/wp-json\/wp\/v2\/tags?post=112213"}],"curies":[{"name":"wp","href":"https:\/\/api.w.org\/{rel}","templated":true}]}}