{"id":112268,"date":"2025-09-13T12:36:26","date_gmt":"2025-09-13T12:36:26","guid":{"rendered":"https:\/\/www.europesays.com\/es\/112268\/"},"modified":"2025-09-13T12:36:26","modified_gmt":"2025-09-13T12:36:26","slug":"no-puedo-ni-escuchar-una-voz-porque-me-perfora-la-cabeza","status":"publish","type":"post","link":"https:\/\/www.europesays.com\/es\/112268\/","title":{"rendered":"No puedo ni escuchar una voz porque me perfora la cabeza"},"content":{"rendered":"<p class=\"ft-text\">Elena Rodr\u00edguez de Segovia es vecina de <a class=\"ft-link ft-link--decoration\" href=\"https:\/\/www.epe.es\/es\/madrid\/carabanchel\/\" target=\"_blank\" rel=\"nofollow noopener\">Carabanchel<\/a> (Madrid). Lleva padeciendo <strong>fuertes dolores de cabeza desde que ten\u00eda 10 a\u00f1os<\/strong>. \u00abTanto mis dos abuelas como mi madre sufr\u00edan migra\u00f1as\u00bb, explica. Despu\u00e9s de probar varios medicamentos contra esta cefalea, est\u00e1 en tratamiento con <a class=\"ft-link ft-link--decoration\" href=\"https:\/\/www.epe.es\/es\/salud\/20250305\/usos-botox-incotinencia-urinaria-114950954\" target=\"_blank\" rel=\"nofollow noopener\">toxina botul\u00ednica<\/a> \u2014conocida como b\u00f3tox\u2014.<\/p>\n<p class=\"ft-text\">Las <strong>migra\u00f1as <\/strong>\u2014que hoy celebran su D\u00eda Mundial\u2014<strong> afectan al 12% de la poblaci\u00f3n<\/strong>. Cinco millones de espa\u00f1oles que sufren recurrentemente episodios de dolor de cabeza que viene acompa\u00f1ado casi siempre de n\u00e1useas, fotofobia (molestia con la luz), sensibilidad a ruidos y olores, lo que empeora los s\u00edntomas. Es un dolor puls\u00e1til, como un latido en el cerebro.<\/p>\n<p class=\"ft-text\">Actualmente, \u00absufro unas cinco crisis al mes, lo cual es una gran mejor\u00eda, ya que <strong>antes pod\u00eda tener dolor de cabeza hasta cinco d\u00edas a la semana<\/strong>\u00ab. Se lo ponen cada tres meses. La primera semana \u00abestoy regular, pero luego me va fenomenal. El problema es que a los dos meses y medio vuelve la frecuencia inicial, casi diaria, as\u00ed que no me han podido alargar todav\u00eda el intervalo\u00bb.<\/p>\n<p class=\"ft-text\">Maestra de profesi\u00f3n, Elena describe sus crisis como un \u00abdolor horrible\u00bb siempre en el lado izquierdo. \u00abMe duele el ojo, me palpita, y luego se me sube a la cabeza. Es como si me presionaran esa parte del cerebro, como si me la quisieran sacar\u00bb.<\/p>\n<blockquote class=\"ft-mol-quote\" data-aida-quote=\"\"><p>El queso y el chocolate me provocan las migra\u00f1as<\/p><\/blockquote>\n<p class=\"ft-text\">Aunque ha aprendido a convivir con el dolor de cabeza, a veces tiene que tomar m\u00e1s medicaci\u00f3n de la recomendada \u00abpara poder seguir en clase\u00bb porque \u00abno puedo parar siempre\u00bb. Despu\u00e9s de tantos a\u00f1os sufri\u00e9ndolas, <strong>ya ha identificado los factores desencadenantes de los dolores: el queso y el <\/strong><a class=\"ft-link ft-link--decoration\" href=\"https:\/\/www.epe.es\/es\/sociedad\/20250626\/chocolate-dubai-postre-moda-119077224\" target=\"_blank\" rel=\"nofollow noopener\"><strong>chocolate<\/strong><\/a>. Tambi\u00e9n los anticonceptivos, que \u00abtuve que dejarlos porque me aumentan las crisis\u00bb.<\/p>\n<p class=\"ft-text\">Aun as\u00ed, lamenta la incomprensi\u00f3n que hoy en d\u00eda rodea a la enfermedad porque la gente cree que es un simple dolor de cabeza. Su entorno a veces \u00abno entiende que <strong>no puedo ni escuchar una voz porque me perfora la cabeza<\/strong>. Y eso duele, adem\u00e1s del propio dolor f\u00edsico\u00bb.<\/p>\n<p>Migra\u00f1as, de las enfermedades m\u00e1s incapacitantes<\/p>\n<p class=\"ft-text\">En uno de cada tres pacientes aparece un aura antes del dolor: ven luces, sombras visuales, \u00abpueden tener entumecimiento en cara o mano o dificultad para hablar durante unos minutos (menos de una hora)\u00bb, explica a este peri\u00f3dico el <strong>doctor Roberto Belv\u00eds<\/strong>, coordinador del Grupo de Estudio de Cefaleas de la <a class=\"ft-link ft-link--decoration\" href=\"https:\/\/www.sen.es\/\" target=\"_blank\" rel=\"nofollow noopener\">Sociedad Espa\u00f1ola de Neurolog\u00eda<\/a> (SEN). Luego empieza el dolor.<\/p>\n<blockquote class=\"ft-mol-quote\" data-aida-quote=\"\"><p>Esta enfermedad tiene un componente gen\u00e9tico. Si un miembro de la familia la padece, hay m\u00e1s riesgo en el resto<\/p><\/blockquote>\n<p class=\"ft-text\">Cuando los episodios son poco intensos y poco frecuentes (por ejemplo, uno al mes), \u00abno llegan a ser incapacitantes. Esta enfermedad tiene un componente gen\u00e9tico. Si un miembro de la familia la padece, hay m\u00e1s riesgo en el resto. Y la forma con aura es la m\u00e1s hereditaria\u00bb,<\/p>\n<p class=\"ft-text\">Desde 2011, el <strong>tratamiento contra la migra\u00f1a ha dado un giro de 180 grados<\/strong>: b\u00f3tox, anticuerpos monoclonales o los <a class=\"ft-link ft-link--decoration\" href=\"https:\/\/www.epe.es\/es\/salud\/20230912\/migrana-nuevos-medicamentos-tratar-dolor-cabeza-91993844\" target=\"_blank\" rel=\"nofollow noopener\">f\u00e1rmacos orales denominados gepantes<\/a>, que sirven para prevenir esta enfermedad, que es la segunda que m\u00e1s discapacidad genera en todo el mundo.<\/p>\n<p>\u00abCasi perd\u00ed la visi\u00f3n de un ojo y me asust\u00e9 mucho\u00bb<\/p>\n<p class=\"ft-text\">Claudia Zapatel lleva a\u00f1os sufriendo migra\u00f1as. En su caso, todo se desencaden\u00f3 por \u00abestar muchas horas con el ordenador en el trabajo\u00bb. <strong>El primer episodio lo recuerda como \u00abterrible\u00bb porque le empez\u00f3 a doler en un lado de la cabeza y \u00abcasi perd\u00ed la visi\u00f3n del ojo y me pegu\u00e9 un susto\u00bb<\/strong>.<\/p>\n<p class=\"ft-text\">Este \u00faltimo s\u00edntoma es recurrente en cada uno de sus ataques, que cada vez son menos frecuentes porque \u00abtengo menos estr\u00e9s\u00bb. Si tuviera que describir el dolor para alguien que no las conoce es \u00abhorroroso\u00bb.<\/p>\n<blockquote class=\"ft-mol-quote\" data-aida-quote=\"\"><p>Necesito meterme a oscuras en una habitaci\u00f3n y tomar medicaci\u00f3n<\/p><\/blockquote>\n<p class=\"ft-text\">Acudi\u00f3 al neur\u00f3logo, quien le confirm\u00f3 el diagn\u00f3stico. Para aliviar el dolor de las migra\u00f1as recurre al ibuprofeno, que para ella es \u00abbastante efectivo\u00bb. En el neur\u00f3logo le recetaron <a class=\"ft-link ft-link--decoration\" href=\"https:\/\/www.epe.es\/es\/salud\/20241210\/espana-dopada-vez-consumen-ansioliticos-112486957\" target=\"_blank\" rel=\"nofollow noopener\">antidepresivos<\/a>, pero \u00aba m\u00ed particularmente me genera mucho rechazo, as\u00ed que intento no tom\u00e1rmelo\u00bb. Sobre c\u00f3mo le afectan las migra\u00f1as, explica que \u00abme anulan totalmente\u00bb.<\/p>\n<p>La migra\u00f1a, en datos<\/p>\n<p class=\"ft-text\">Seg\u00fan datos de la Sociedad Espa\u00f1ola de Neurolog\u00eda (SEN), m\u00e1s de 1,5 millones de espa\u00f1oles padecen migra\u00f1a en su forma cr\u00f3nica, es decir, sufren dolor de cabeza m\u00e1s de 15 d\u00edas al mes. Adem\u00e1s, cada a\u00f1o, en Espa\u00f1a, un 2,5% de la poblaci\u00f3n espa\u00f1ola comienza a padecer migra\u00f1a y aproximadamente en un 3% de los pacientes con migra\u00f1a se cronifica su enfermedad.<\/p>\n<p class=\"ft-text\">Adem\u00e1s, la migra\u00f1a se asocia con un mayor riesgo de ansiedad, depresi\u00f3n \u2014con un 38% de pacientes mostrando s\u00edntomas depresivos moderados a graves\u2014 adem\u00e1s de otras muchas m\u00e1s comorbilidades como problemas cardiol\u00f3gicos y vasculares, trastornos del sue\u00f1o, problemas inflamatorios o gastrointestinales.\u00a0<\/p>\n<p class=\"ft-text\">\u00abNo puedo tener ni luz, ni sonido, ni absolutamente nada. Necesito meterme a oscuras en una habitaci\u00f3n y tomar medicaci\u00f3n. Me han dado una pastilla hace poco y la estoy probando, pero si no tomas nada, no se te pasa\u00bb. Ya sabe cu\u00e1les son los desencadenantes de sus crisis, lo que le obliga a tomar precauciones: <strong>estar muchas horas delante de la pantalla del ordenador, con el m\u00f3vil o pasar un d\u00eda entero en la playa<\/strong>. Pero, sobre todo, el estr\u00e9s.<\/p>\n<p class=\"ft-text\">Aunque muchos pacientes se sienten incomprendidos porque algunas personas banalizan sus s\u00edntomas, esta vecina del <a class=\"ft-link ft-link--decoration\" href=\"https:\/\/www.epe.es\/es\/madrid\/arganzuela\/\" target=\"_blank\" rel=\"nofollow noopener\">distrito de Arganzuela, en Madrid<\/a>, ha tenido bastante suerte porque \u00abme he rodeado de gente que tambi\u00e9n las ha sufrido o que es comprensiva, o que simplemente ve que est\u00e1s mal de verdad\u00bb.<\/p>\n","protected":false},"excerpt":{"rendered":"Elena Rodr\u00edguez de Segovia es vecina de Carabanchel (Madrid). Lleva padeciendo fuertes dolores de cabeza desde que ten\u00eda&hellip;\n","protected":false},"author":2,"featured_media":112269,"comment_status":"","ping_status":"","sticky":false,"template":"","format":"standard","meta":{"footnotes":""},"categories":[92],"tags":[25,24,165,205,13503,166,23],"class_list":{"0":"post-112268","1":"post","2":"type-post","3":"status-publish","4":"format-standard","5":"has-post-thumbnail","7":"category-salud","8":"tag-es","9":"tag-espana","10":"tag-health","11":"tag-madrid","12":"tag-migranas","13":"tag-salud","14":"tag-spain"},"share_on_mastodon":{"url":"","error":""},"_links":{"self":[{"href":"https:\/\/www.europesays.com\/es\/wp-json\/wp\/v2\/posts\/112268","targetHints":{"allow":["GET"]}}],"collection":[{"href":"https:\/\/www.europesays.com\/es\/wp-json\/wp\/v2\/posts"}],"about":[{"href":"https:\/\/www.europesays.com\/es\/wp-json\/wp\/v2\/types\/post"}],"author":[{"embeddable":true,"href":"https:\/\/www.europesays.com\/es\/wp-json\/wp\/v2\/users\/2"}],"replies":[{"embeddable":true,"href":"https:\/\/www.europesays.com\/es\/wp-json\/wp\/v2\/comments?post=112268"}],"version-history":[{"count":0,"href":"https:\/\/www.europesays.com\/es\/wp-json\/wp\/v2\/posts\/112268\/revisions"}],"wp:featuredmedia":[{"embeddable":true,"href":"https:\/\/www.europesays.com\/es\/wp-json\/wp\/v2\/media\/112269"}],"wp:attachment":[{"href":"https:\/\/www.europesays.com\/es\/wp-json\/wp\/v2\/media?parent=112268"}],"wp:term":[{"taxonomy":"category","embeddable":true,"href":"https:\/\/www.europesays.com\/es\/wp-json\/wp\/v2\/categories?post=112268"},{"taxonomy":"post_tag","embeddable":true,"href":"https:\/\/www.europesays.com\/es\/wp-json\/wp\/v2\/tags?post=112268"}],"curies":[{"name":"wp","href":"https:\/\/api.w.org\/{rel}","templated":true}]}}