{"id":112297,"date":"2025-09-13T12:57:07","date_gmt":"2025-09-13T12:57:07","guid":{"rendered":"https:\/\/www.europesays.com\/es\/112297\/"},"modified":"2025-09-13T12:57:07","modified_gmt":"2025-09-13T12:57:07","slug":"ian-mckellen-recuerda-el-desastre-de-la-ultima-escena-de-gandalf-en-el-senor-de-los-anillos-la-grabacion-se-destruyo","status":"publish","type":"post","link":"https:\/\/www.europesays.com\/es\/112297\/","title":{"rendered":"Ian McKellen recuerda el desastre de la \u00faltima escena de Gandalf en \u2018El se\u00f1or de los anillos\u2019: \u201cLa grabaci\u00f3n se destruy\u00f3\u201d"},"content":{"rendered":"<p class=\"\">\u2018El se\u00f1or de los anillos\u2019 es un fen\u00f3meno que sigue m\u00e1s que vivo en nuestros tiempos. Ah\u00ed tenemos las <a href=\"https:\/\/as.com\/meristation\/cine\/ian-mckellen-confirma-que-gandalf-y-frodo-regresan-en-el-senor-de-los-anillos-la-caza-de-gollum-n\/\" target=\"_self\" rel=\"nofollow noopener\" title=\"https:\/\/as.com\/meristation\/cine\/ian-mckellen-confirma-que-gandalf-y-frodo-regresan-en-el-senor-de-los-anillos-la-caza-de-gollum-n\/\">pr\u00f3ximas pel\u00edculas de Gollum<\/a>, o <a href=\"https:\/\/as.com\/meristation\/series\/el-cambio-de-rumbo-de-los-anillos-de-poder-que-puede-chocar-con-la-caza-de-gollum-problemas-para-el-nuevo-gandalf-n\/\" target=\"_self\" rel=\"nofollow noopener\" title=\"https:\/\/as.com\/meristation\/series\/el-cambio-de-rumbo-de-los-anillos-de-poder-que-puede-chocar-con-la-caza-de-gollum-problemas-para-el-nuevo-gandalf-n\/\">la serie de Prime Video<\/a>. <b>Hay mucho que tratar sobre la Tierra Media<\/b>, pero gran parte de su alma se encuentra en los actores de la trilog\u00eda original. Sir Ian McKellen, el rostro m\u00edtico de Gandalf en la ficci\u00f3n, recuerda c\u00f3mo fue la grabaci\u00f3n de la \u00faltima escena de Gandalf.<\/p>\n<p><b>As\u00ed de desastrosa fue la grabaci\u00f3n de la \u00faltima escena de Gandalf <\/b><\/p>\n<p class=\"\">\u201cEl primer d\u00eda grab\u00e9 el carro entrando en Hobbiton. Tras eso no grab\u00e9 durante dos o tres d\u00edas. <b>En el segundo d\u00eda de grabaci\u00f3n grab\u00e9 la \u00faltima escena de la tercera pel\u00edcula<\/b>, dici\u00e9ndoos adi\u00f3s a los cuatro. Y recuerdo decirle a Peter [Jackson] \u2018\u00bfc\u00f3mo de bien conozco a esta gente?\u2019, y me dijo \u2018oh, hab\u00e9is pasado un mont\u00f3n juntos. Un mont\u00f3n de aventuras\u2019\u201c, se\u00f1ala.<\/p>\n<p class=\"\">En la conversaci\u00f3n intervienen Dominic Monaghan (Merry) y Billy Boyd (Pippin). \u201cY recuerda que tuvimos que hacer de nuevo esa escena porque Sean Astin (Sam) se olvid\u00f3 de ponerse su capa despu\u00e9s de comer\u201d, declara Monaghan. Boyd, por otro lado, recuerda una peculiar an\u00e9cdota de la escena. \u201cSi record\u00e1is, estos eran los tiempos antes de lo digital. Todo estaba en la cinta. La cinta se destruy\u00f3 cuando intentaron ponerla en orden. Tuvimos que grabarla de nuevo. <b>Tres veces la grabamos<\/b>\u201d.<\/p>\n<p class=\"\">Es curioso que la escena m\u00e1s emotiva de la trilog\u00eda, que evitaremos colocar en esta pieza para evitar los spoilers de quienes no la han visto (como <a href=\"https:\/\/as.com\/meristation\/cine\/el-senor-de-los-anillos-la-caza-de-gollum-se-retrasa-un-ano-pero-hay-esperanza-por-el-regreso-de-sus-protagonistas-n\/\" target=\"_self\" rel=\"nofollow noopener\" title=\"https:\/\/as.com\/meristation\/cine\/el-senor-de-los-anillos-la-caza-de-gollum-se-retrasa-un-ano-pero-hay-esperanza-por-el-regreso-de-sus-protagonistas-n\/\">nuestro compa\u00f1ero Pedro Herrero<\/a>), fuese grabada con la menor conexi\u00f3n emocional de todo el proyecto. <b>Y sin embargo lo clavaron<\/b>.<\/p>\n<p>Noticias relacionadas<\/p>\n<p class=\"\">Suscr\u00edbete al <a href=\"https:\/\/www.youtube.com\/@meristation\" target=\"_self\" rel=\"nofollow noopener\" title=\"https:\/\/www.youtube.com\/@meristation\">canal de MeriStation en YouTube<\/a>, tu web de videojuegos y entretenimiento para conocer todas las noticias y novedades sobre el mundo del videojuego, cine, series, manga y anime. An\u00e1lisis, entrevistas, tr\u00e1ileres, gameplays, p\u00f3dcast y mucho m\u00e1s. Tambi\u00e9n te animamos a seguir <a href=\"https:\/\/www.tiktok.com\/@meristation\" rel=\"nofollow noopener\" title=\"https:\/\/www.tiktok.com\/@meristation\" target=\"_blank\">nuestra cuenta de TikTok<\/a>. <\/p>\n<p class=\"\">\u00a1S\u00edguenos en ambas y, si est\u00e1s interesado en licenciar este contenido, pincha <a href=\"https:\/\/profesional.elpais.com\/soluciones-sindicacion?utm_medium=interno&amp;utm_source=crosslinking&amp;utm_campaign=sindicacion_as_pie_articulos\" target=\"_blank\" rel=\"nofollow noopener\" title=\"https:\/\/profesional.elpais.com\/soluciones-sindicacion?utm_medium=interno&amp;utm_source=crosslinking&amp;utm_campaign=sindicacion_as_pie_articulos\">aqu\u00ed<\/a>!<\/p>\n<p><script async src=\"\/\/www.tiktok.com\/embed.js\"><\/script><\/p>\n","protected":false},"excerpt":{"rendered":"\u2018El se\u00f1or de los anillos\u2019 es un fen\u00f3meno que sigue m\u00e1s que vivo en nuestros tiempos. Ah\u00ed tenemos&hellip;\n","protected":false},"author":2,"featured_media":112298,"comment_status":"","ping_status":"","sticky":false,"template":"","format":"standard","meta":{"footnotes":""},"categories":[169],"tags":[177,146,147,25,24,176,175,23],"class_list":{"0":"post-112297","1":"post","2":"type-post","3":"status-publish","4":"format-standard","5":"has-post-thumbnail","7":"category-cine","8":"tag-cine","9":"tag-entertainment","10":"tag-entretenimiento","11":"tag-es","12":"tag-espana","13":"tag-film","14":"tag-movies","15":"tag-spain"},"share_on_mastodon":{"url":"","error":""},"_links":{"self":[{"href":"https:\/\/www.europesays.com\/es\/wp-json\/wp\/v2\/posts\/112297","targetHints":{"allow":["GET"]}}],"collection":[{"href":"https:\/\/www.europesays.com\/es\/wp-json\/wp\/v2\/posts"}],"about":[{"href":"https:\/\/www.europesays.com\/es\/wp-json\/wp\/v2\/types\/post"}],"author":[{"embeddable":true,"href":"https:\/\/www.europesays.com\/es\/wp-json\/wp\/v2\/users\/2"}],"replies":[{"embeddable":true,"href":"https:\/\/www.europesays.com\/es\/wp-json\/wp\/v2\/comments?post=112297"}],"version-history":[{"count":0,"href":"https:\/\/www.europesays.com\/es\/wp-json\/wp\/v2\/posts\/112297\/revisions"}],"wp:featuredmedia":[{"embeddable":true,"href":"https:\/\/www.europesays.com\/es\/wp-json\/wp\/v2\/media\/112298"}],"wp:attachment":[{"href":"https:\/\/www.europesays.com\/es\/wp-json\/wp\/v2\/media?parent=112297"}],"wp:term":[{"taxonomy":"category","embeddable":true,"href":"https:\/\/www.europesays.com\/es\/wp-json\/wp\/v2\/categories?post=112297"},{"taxonomy":"post_tag","embeddable":true,"href":"https:\/\/www.europesays.com\/es\/wp-json\/wp\/v2\/tags?post=112297"}],"curies":[{"name":"wp","href":"https:\/\/api.w.org\/{rel}","templated":true}]}}