{"id":112318,"date":"2025-09-13T13:10:08","date_gmt":"2025-09-13T13:10:08","guid":{"rendered":"https:\/\/www.europesays.com\/es\/112318\/"},"modified":"2025-09-13T13:10:08","modified_gmt":"2025-09-13T13:10:08","slug":"alemania-gana-en-japon-y-logra-el-billete-para-las-finales-de-bolonia","status":"publish","type":"post","link":"https:\/\/www.europesays.com\/es\/112318\/","title":{"rendered":"Alemania gana en Jap\u00f3n y logra el billete para las finales de Bolonia"},"content":{"rendered":"<p data-mrf-recirculation=\"Links P\u00e1rrafos\" class=\"ue-c-article__paragraph paragraph\"><strong>Italia<\/strong>, vigente campeona de la Copa Davis, espera sentada a conocer el nombre de los siete pa\u00edses que la acompa\u00f1ar\u00e1n en la Final a 8 de Bolonia (19 al 23 de noviembre).\u00a0<\/p>\n<p><strong>Alemania<\/strong> ha sido la primera en unirse al cuadro transalpino tras derrotar a domicilio a Jap\u00f3n tras ganar los tres primeros partidos. <strong>Tim Puetz y Kevin Krawietz firmaron la sentencia en el dobles ante Yosuke Watanuki y Takeru Yuzuki, por 6-3 y 7-6(4)<\/strong>.\u00a0<\/p>\n<p data-mrf-recirculation=\"Links P\u00e1rrafos\" class=\"ue-c-article__paragraph paragraph\">El conjunto alem\u00e1n, tres veces campe\u00f3n de la m\u00e1xima competici\u00f3n por pa\u00edses, no not\u00f3 la ausencia de Alexander Zverev, que no juega la competici\u00f3n desde 2023.\u00a0<br \/>\u200b<br \/><strong>Jan Lennard-Struff y Yannick Hanfmann<\/strong> anotaron los dos primeros triunfos del conjunto visitante ante Yoshihito Nishioka (6-4, 6-7, 6-4) y Shintaro Mochizuki (6-3 y 6-3).\u00a0<\/p>\n","protected":false},"excerpt":{"rendered":"Italia, vigente campeona de la Copa Davis, espera sentada a conocer el nombre de los siete pa\u00edses que&hellip;\n","protected":false},"author":2,"featured_media":112319,"comment_status":"","ping_status":"","sticky":false,"template":"","format":"standard","meta":{"footnotes":""},"categories":[274],"tags":[168,25,24,23,167,327,326],"class_list":{"0":"post-112318","1":"post","2":"type-post","3":"status-publish","4":"format-standard","5":"has-post-thumbnail","7":"category-tenis","8":"tag-deportes","9":"tag-es","10":"tag-espana","11":"tag-spain","12":"tag-sports","13":"tag-tenis","14":"tag-tennis"},"share_on_mastodon":{"url":"","error":""},"_links":{"self":[{"href":"https:\/\/www.europesays.com\/es\/wp-json\/wp\/v2\/posts\/112318","targetHints":{"allow":["GET"]}}],"collection":[{"href":"https:\/\/www.europesays.com\/es\/wp-json\/wp\/v2\/posts"}],"about":[{"href":"https:\/\/www.europesays.com\/es\/wp-json\/wp\/v2\/types\/post"}],"author":[{"embeddable":true,"href":"https:\/\/www.europesays.com\/es\/wp-json\/wp\/v2\/users\/2"}],"replies":[{"embeddable":true,"href":"https:\/\/www.europesays.com\/es\/wp-json\/wp\/v2\/comments?post=112318"}],"version-history":[{"count":0,"href":"https:\/\/www.europesays.com\/es\/wp-json\/wp\/v2\/posts\/112318\/revisions"}],"wp:featuredmedia":[{"embeddable":true,"href":"https:\/\/www.europesays.com\/es\/wp-json\/wp\/v2\/media\/112319"}],"wp:attachment":[{"href":"https:\/\/www.europesays.com\/es\/wp-json\/wp\/v2\/media?parent=112318"}],"wp:term":[{"taxonomy":"category","embeddable":true,"href":"https:\/\/www.europesays.com\/es\/wp-json\/wp\/v2\/categories?post=112318"},{"taxonomy":"post_tag","embeddable":true,"href":"https:\/\/www.europesays.com\/es\/wp-json\/wp\/v2\/tags?post=112318"}],"curies":[{"name":"wp","href":"https:\/\/api.w.org\/{rel}","templated":true}]}}