{"id":112320,"date":"2025-09-13T13:11:10","date_gmt":"2025-09-13T13:11:10","guid":{"rendered":"https:\/\/www.europesays.com\/es\/112320\/"},"modified":"2025-09-13T13:11:10","modified_gmt":"2025-09-13T13:11:10","slug":"los-limites-del-reto-multidisciplinar-de-mathieu-van-der-poel-el-montanista-deportes","status":"publish","type":"post","link":"https:\/\/www.europesays.com\/es\/112320\/","title":{"rendered":"Los l\u00edmites del reto multidisciplinar de Mathieu Van der Poel | El Monta\u00f1ista | Deportes"},"content":{"rendered":"<p class=\"\">En un ciclismo obsesionado hasta la histeria con el rendimiento, Mathieu van der Poel es una feliz anomal\u00eda\u2026 en v\u00edas de extinci\u00f3n. <a href=\"https:\/\/elpais.com\/deportes\/ciclismo\/2025-04-13\/la-victoria-en-la-paris-roubaix-para-mathieu-van-der-poel-la-gloria-para-tadej-pogacar.html\" target=\"_self\" rel=\"nofollow noopener\" title=\"https:\/\/elpais.com\/deportes\/ciclismo\/2025-04-13\/la-victoria-en-la-paris-roubaix-para-mathieu-van-der-poel-la-gloria-para-tadej-pogacar.html\">Su querencia multidisciplinar<\/a> y su capacidad para rodar sobre todo tipo de bicicleta y siempre de manera excelente le ha conducido hasta un reto que se le empieza a atragantar. El neerland\u00e9s quiere sumar el t\u00edtulo de campe\u00f3n del mundo de mountain bike, sencillamente porque <a href=\"https:\/\/elpais.com\/deportes\/ciclismo\/2025-07-06\/van-der-poel-supera-a-pogacar-en-la-ultima-cuesta-y-es-maillot-amarillo-del-tour-de-francia.html\" target=\"_self\" rel=\"nofollow noopener\" title=\"https:\/\/elpais.com\/deportes\/ciclismo\/2025-07-06\/van-der-poel-supera-a-pogacar-en-la-ultima-cuesta-y-es-maillot-amarillo-del-tour-de-francia.html\">ya gan\u00f3 en su d\u00eda los de carretera, ciclocross y gravel<\/a>. Este domingo, todas las miradas se centran en \u00e9l, escrutan sus posibilidades de volver a vestir el maillot arco\u00edris, mientras muchos se\u00f1alan su querencia como una obsesi\u00f3n cuyo desenlace parece incierto.<\/p>\n<p class=\"\"> De hecho, pr\u00e1cticamente todas las \u00faltimas comparecencias de Van der Poel en los circuitos de cross country ol\u00edmpico (XCO) han terminado de forma abrupta. En los Juegos de Tokio celebrados en 2021, fue el \u00fanico en no enterarse de que all\u00ed donde hab\u00eda una rampa de madera, la organizaci\u00f3n decidi\u00f3 que un salto ser\u00eda m\u00e1s espectacular: el neerland\u00e9s sali\u00f3 volando y aterriz\u00f3 de mala manera. Abandono. En los mundiales de Glasgow de 2023, una semana despu\u00e9s de llevarse el t\u00edtulo en carretera, Van der Poel patin\u00f3 en la primera vuelta y cay\u00f3 sobre una rodilla. Abandono. En su primera prueba de la presente temporada, a finales de mayo en el circuito de Nove Mesto (Rep\u00fablica Checa) se llev\u00f3 puesto a David Valero, ansioso como estaba por ganar posiciones. Poco despu\u00e9s, sufri\u00f3 una segunda ca\u00edda volando por encima del manillar. Abandono. A finales de agosto, durante su \u00faltimo ensayo en la prueba de la Copa del Mundo de Les Gets (Francia), Van der Poel logr\u00f3 terminar la prueba\u2026 en sexto lugar. <\/p>\n<p>M\u00e1s informaci\u00f3n<\/p>\n<p class=\"\">All\u00ed donde \u00e9l se vio \u201ccorto de potencia\u201d, los analistas le vieron torpe. Despu\u00e9s de lograr una enorme remontada, a la hora de la verdad los tramos t\u00e9cnicos le penalizaron. Donde sus rivales pasaban sin dudar, \u00e9l perd\u00eda tiempo. El veredicto final result\u00f3 evidente: le faltan horas de bici de monta\u00f1a. Van der Poel <a href=\"https:\/\/elpais.com\/deportes\/ciclismo\/2025-03-28\/mensaje-de-van-der-poel-a-pogacar-te-espero-el-domingo-seis-en-el-viejo-kwaremont.html\" target=\"_self\" rel=\"nofollow noopener\" title=\"https:\/\/elpais.com\/deportes\/ciclismo\/2025-03-28\/mensaje-de-van-der-poel-a-pogacar-te-espero-el-domingo-seis-en-el-viejo-kwaremont.html\">es uno de los corredores m\u00e1s h\u00e1biles, ya sea en carretera<\/a> o en ciclocross, la disciplina que marc\u00f3 sus or\u00edgenes. Al btt se incorpor\u00f3 m\u00e1s tarde, y \u00e9sta especialidad ha sufrido enormes transformaciones estos \u00faltimos a\u00f1os. Para tener cabida en el formato televisivo, las pruebas son m\u00e1s cortas y espectaculares, con descensos sumamente t\u00e9cnicos, saltos, zonas de roca, ra\u00edces, peraltes\u2026 y la \u00e9lite del XCO no solo se mueve con soltura en la dificultad sino que observa un nivel f\u00edsico descomunal: Tom Pidcock, estrella del asfalto, solo pudo ser tercero en el \u00faltimo Mundial.<\/p>\n<p class=\"\">Adem\u00e1s, su discreto puesto en el r\u00e1nking mundial le lleva hasta filas retrasadas en la salida, lo que le obliga a un sobreesfuerzo para remontar. Sus rivales, conscientes de \u00e9sta ventaja, salen en desbandada. Entre ellos figura un equipo espa\u00f1ol liderado por David Valero, David Campos, Jofre Cullell y Alberto Barroso. Con todo, Van der Poel, que se hab\u00eda acostumbrado a llegar a los circuitos a ultim\u00edsima hora, parece haber aprendido una lecci\u00f3n b\u00e1sica: conocer y familiarizarse con los trazados es una obligaci\u00f3n. Por ello, ha estado una semana en la localidad suiza de Crans Montana preparando a conciencia un Mundial que observa un recorrido sumamente t\u00e9cnico en el que cuenta enormemente la soltura sobre la bicicleta.<\/p>\n<p class=\"\">En realidad, el tiempo corre en contra del neerland\u00e9s, de 30 a\u00f1os, cada vez m\u00e1s exigido por sus obligaciones en la carretera, esas que le han llevado a ser uno de los pocos capaces de batir a Tadej Pogacar. Con el paso de las temporadas, Van der Poel ha empezado a prescindir incluso del ciclocross, donde acumula siete t\u00edtulos mundiales: si cada invierno corr\u00eda una treintena de pruebas sobre el barro y la arena, ahora apenas llega a una decena. Lo mismo se puede decir de su gran rival, Wout van Aert y del tercero en discordia, Tom Pidcock. \u00c9ste \u00faltimo no estar\u00e1 en el Mundial de btt porque decide en la presente Vuelta si es o no un corredor v\u00e1lido para aspirar a ganar una prueba de tres semanas. Si su respuesta es afirmativa, sus d\u00edas en el mountain bike se reducir\u00e1n a su m\u00ednima expresi\u00f3n. <\/p>\n<p class=\"\">El alter ego femenino de Van der Poel es Puck Pieterse, tambi\u00e9n neerlandesa, de su mismo equipo e igualmente pluridisciplinar: capaz de ganar pruebas de la Copa del Mundo de ciclocross, de adjudicarse en 2024 el arco\u00edris en btt <a href=\"https:\/\/elpais.com\/deportes\/ciclismo\/2025-07-29\/tadej-pogacar-nunca-sera-eddy-merckx-ni-ganas-de-serlo.html\" target=\"_self\" rel=\"nofollow noopener\" title=\"https:\/\/elpais.com\/deportes\/ciclismo\/2025-07-29\/tadej-pogacar-nunca-sera-eddy-merckx-ni-ganas-de-serlo.html\">o de ganar una etapa del Tour<\/a>, la ciclista del F\u00e9nix-Deceuninck parece acusar en 2025 tanta dispersi\u00f3n: poco ciclocross, resultados modestos en la ruta y serias dificultades para imponerse con la bici de monta\u00f1a. De hecho, no son mayor\u00eda los que le dan como favorita hoy en el Valais suizo, donde las aspiraciones espa\u00f1olas de Est\u00edbaliz Sagardoy y Nuria Bosch son modestas.<\/p>\n<p class=\"\">Los y las ciclistas capaces de brillar en disciplinas tan dispares suponen un lujo para el espectador, pero la exigencia resulta tan importante que amenaza con quemar a sus protagonistas. La francesa Pauline Ferrand-Pr\u00e9vot, que combin\u00f3 varias temporadas carretera, Btt y hasta ciclocross tuvo que decantarse por el Btt para ser, de lejos, la mejor. De regreso este a\u00f1o a la carretera, su apuesta a una sola carta le ha vuelto a salir impecable: Tour y Par\u00eds-Roubaix en su mejor temporada sobre el asfalto. Hoy en d\u00eda, ni siquiera los m\u00e1s grandes pueden jugar eternamente a dos bandas. Si, finalmente, Van der Poel se lleva el arco\u00edris, lo peor que podr\u00e1 pasar es que no se le vuelva a ver sobre una bici de monta\u00f1a.<\/p>\n","protected":false},"excerpt":{"rendered":"En un ciclismo obsesionado hasta la histeria con el rendimiento, Mathieu van der Poel es una feliz anomal\u00eda\u2026&hellip;\n","protected":false},"author":2,"featured_media":112321,"comment_status":"","ping_status":"","sticky":false,"template":"","format":"standard","meta":{"footnotes":""},"categories":[273],"tags":[12967,313,312,12969,168,12968,25,24,7619,7942,23,167],"class_list":{"0":"post-112320","1":"post","2":"type-post","3":"status-publish","4":"format-standard","5":"has-post-thumbnail","7":"category-ciclismo","8":"tag-alpinismo","9":"tag-ciclismo","10":"tag-cycling","11":"tag-deporte-aventura","12":"tag-deportes","13":"tag-deportes-invierno","14":"tag-es","15":"tag-espana","16":"tag-mathieu-van-der-poel","17":"tag-montanismo","18":"tag-spain","19":"tag-sports"},"share_on_mastodon":{"url":"","error":""},"_links":{"self":[{"href":"https:\/\/www.europesays.com\/es\/wp-json\/wp\/v2\/posts\/112320","targetHints":{"allow":["GET"]}}],"collection":[{"href":"https:\/\/www.europesays.com\/es\/wp-json\/wp\/v2\/posts"}],"about":[{"href":"https:\/\/www.europesays.com\/es\/wp-json\/wp\/v2\/types\/post"}],"author":[{"embeddable":true,"href":"https:\/\/www.europesays.com\/es\/wp-json\/wp\/v2\/users\/2"}],"replies":[{"embeddable":true,"href":"https:\/\/www.europesays.com\/es\/wp-json\/wp\/v2\/comments?post=112320"}],"version-history":[{"count":0,"href":"https:\/\/www.europesays.com\/es\/wp-json\/wp\/v2\/posts\/112320\/revisions"}],"wp:featuredmedia":[{"embeddable":true,"href":"https:\/\/www.europesays.com\/es\/wp-json\/wp\/v2\/media\/112321"}],"wp:attachment":[{"href":"https:\/\/www.europesays.com\/es\/wp-json\/wp\/v2\/media?parent=112320"}],"wp:term":[{"taxonomy":"category","embeddable":true,"href":"https:\/\/www.europesays.com\/es\/wp-json\/wp\/v2\/categories?post=112320"},{"taxonomy":"post_tag","embeddable":true,"href":"https:\/\/www.europesays.com\/es\/wp-json\/wp\/v2\/tags?post=112320"}],"curies":[{"name":"wp","href":"https:\/\/api.w.org\/{rel}","templated":true}]}}