{"id":112328,"date":"2025-09-13T13:16:17","date_gmt":"2025-09-13T13:16:17","guid":{"rendered":"https:\/\/www.europesays.com\/es\/112328\/"},"modified":"2025-09-13T13:16:17","modified_gmt":"2025-09-13T13:16:17","slug":"hallan-en-paris-un-cuadro-de-rubens-desaparecido-desde-1613","status":"publish","type":"post","link":"https:\/\/www.europesays.com\/es\/112328\/","title":{"rendered":"Hallan en Par\u00eds un cuadro de Rubens desaparecido desde 1613"},"content":{"rendered":"<p>En el coraz\u00f3n de Par\u00eds, entre los muros de una mansi\u00f3n privada del distrito 6, se produjo uno de los descubrimientos m\u00e1s sorprendentes de los \u00faltimos a\u00f1os en el mundo del <strong>arte<\/strong>.<\/p>\n<p>En septiembre de 2024, durante un inventario rutinario previo a una subasta, <strong>Jean-Pierre Osenat<\/strong>, director de la casa de remates francesa <strong>Osenat<\/strong>, hall\u00f3 un cuadro original de<strong> Peter Paul Rubens<\/strong>, considerado desaparecido desde 1613.<\/p>\n<p><strong>\u00bfC\u00f3mo fue encontrado el cuadro?<\/strong><\/p>\n<p>La pieza, un <strong>\u201cCristo en la Cruz\u201d<\/strong>, permaneci\u00f3 oculta por m\u00e1s de dos siglos y se encontraba en perfecto estado de conservaci\u00f3n, resguardada entre muebles y objetos de valor en la mansi\u00f3n.<\/p>\n<p>El hallazgo requiri\u00f3 meses de investigaci\u00f3n y un complejo proceso de autentificaci\u00f3n. El encargado de confirmar su autenticidad fue el profesor <strong>Nils B\u00fcttner<\/strong>, experto en arte flamenco y presidente del Rubenianum de Amberes, instituci\u00f3n dedicada al estudio de la obra de Rubens.<\/p>\n<p>Inicialmente, muchos dudaron que se tratara de un original. La confirmaci\u00f3n lleg\u00f3 cuando B\u00fcttner hall\u00f3 una estampa derivada de la pintura, lo que permiti\u00f3 al comit\u00e9 internacional de expertos en Amberes validar oficialmente la obra.<\/p>\n<p><strong>\u00bfQu\u00e9 caracter\u00edsticas tiene el \u2018Cristo en la Cruz\u2019 de Rubens?<\/strong><\/p>\n<p>Se trata de una <strong>pintura in\u00e9dita<\/strong>, jam\u00e1s expuesta ni puesta en venta p\u00fablica, lo que incrementa su valor hist\u00f3rico y art\u00edstico. <strong>Osenat<\/strong> lo calific\u00f3 como un \u201challazgo excepcional para el mundo del arte\u201d, destacando que nunca antes hab\u00eda tenido entre sus manos un descubrimiento de tal magnitud.<\/p>\n<p>El cuadro, de 105,5 cm por 72,5 cm, representa a <strong>Cristo crucificado<\/strong> iluminado contra un cielo oscuro y tormentoso, s\u00edmbolo del dramatismo barroco que caracteriz\u00f3 a Rubens.<\/p>\n<p>Aunque gran parte de la obra religiosa del pintor estaba destinada a iglesias, los expertos sugieren que esta pieza fue concebida para un coleccionista privado.<\/p>\n<p>La pintura perteneci\u00f3 en el siglo XIX al c\u00e9lebre pintor acad\u00e9mico <strong>William Bouguereau<\/strong>, conocido por sus representaciones realistas y de corte cl\u00e1sico. Posteriormente, pas\u00f3 a formar parte de la colecci\u00f3n de los propietarios de la mansi\u00f3n parisina donde fue hallada, hasta caer en el olvido.<\/p>\n<blockquote>\n<p>Durante dos siglos se perdi\u00f3 su rastro, hasta reaparecer ahora. Para m\u00ed es una justificaci\u00f3n del oficio de comisario y estoy muy orgulloso y feliz de este descubrimiento\u201d, declar\u00f3 emocionado Jean-Pierre Osenat.<\/p>\n<\/blockquote>\n<p><strong>\u00bfQu\u00e9 pasar\u00e1 con el cuadro de Peter Paul Rubens?<\/strong><\/p>\n<p>El <strong>30 de noviembre de 2025<\/strong>, la <strong>casa Osenat <\/strong>pondr\u00e1 a la venta este tesoro en lo que promete ser uno de los <a href=\"https:\/\/www.excelsior.com.mx\/trending\/famosa-obra-de-arte-donde-un-platano-esta-pegado-a-la-pared-se-vende-en-6-mdd\/1685580\" target=\"_blank\" rel=\"nofollow noopener\">eventos m\u00e1s medi\u00e1ticos<\/a> del mercado del arte internacional.<\/p>\n<p>La estimaci\u00f3n inicial de venta se sit\u00faa entre 1,5 y 2 millones de euros, aunque su rareza y la expectaci\u00f3n mundial podr\u00edan elevar considerablemente la cifra.<\/p>\n<p>Museos de prestigio y coleccionistas privados ya han mostrado inter\u00e9s, y se espera que la obra atraiga tanto a instituciones como a compradores de alto perfil en busca de piezas de este estilo.<\/p>\n<p>Antes de la <a href=\"https:\/\/www.excelsior.com.mx\/trending\/un-van-gogh-vendido-por-32-mdd-en-primera-subasta-de-christies-hong-kong\/1675951\" target=\"_blank\" rel=\"nofollow noopener\">subasta<\/a>, la pintura ser\u00e1 presentada oficialmente a la prensa y exhibida al p\u00fablico, permitiendo que todos puedan contemplar esta joya recuperada.<\/p>\n<p>Si quieres conocer m\u00e1s detalles sobre el cuadro, no te pierdas el siguiente video.\u00a0<\/p>\n<p><img decoding=\"async\" src=\"https:\/\/www.europesays.com\/es\/wp-content\/uploads\/2025\/09\/sddefault.jpg\" loading=\"lazy\" width=\"540\" height=\"320\" alt=\"Youtube Imagen\"\/><br \/>\n                  <img decoding=\"async\" src=\"https:\/\/www.europesays.com\/es\/wp-content\/uploads\/2025\/08\/play-youtube.png\" width=\"68\" height=\"48\" alt=\"Icono Play youtube\" title=\"Play youtube\" loading=\"lazy\"\/><\/p>\n","protected":false},"excerpt":{"rendered":"En el coraz\u00f3n de Par\u00eds, entre los muros de una mansi\u00f3n privada del distrito 6, se produjo uno&hellip;\n","protected":false},"author":2,"featured_media":112329,"comment_status":"","ping_status":"","sticky":false,"template":"","format":"standard","meta":{"footnotes":""},"categories":[173],"tags":[229,233,231,230,38136,232,234,146,147,25,24,38135,23,38137],"class_list":{"0":"post-112328","1":"post","2":"type-post","3":"status-publish","4":"format-standard","5":"has-post-thumbnail","7":"category-arte-y-diseno","8":"tag-arte","9":"tag-arte-y-diseno","10":"tag-arts","11":"tag-arts-and-design","12":"tag-cristo-en-la-cruz-rubens","13":"tag-design","14":"tag-diseno","15":"tag-entertainment","16":"tag-entretenimiento","17":"tag-es","18":"tag-espana","19":"tag-rubens-cuadro-hallado","20":"tag-spain","21":"tag-subasta-osenat-paris"},"share_on_mastodon":{"url":"","error":""},"_links":{"self":[{"href":"https:\/\/www.europesays.com\/es\/wp-json\/wp\/v2\/posts\/112328","targetHints":{"allow":["GET"]}}],"collection":[{"href":"https:\/\/www.europesays.com\/es\/wp-json\/wp\/v2\/posts"}],"about":[{"href":"https:\/\/www.europesays.com\/es\/wp-json\/wp\/v2\/types\/post"}],"author":[{"embeddable":true,"href":"https:\/\/www.europesays.com\/es\/wp-json\/wp\/v2\/users\/2"}],"replies":[{"embeddable":true,"href":"https:\/\/www.europesays.com\/es\/wp-json\/wp\/v2\/comments?post=112328"}],"version-history":[{"count":0,"href":"https:\/\/www.europesays.com\/es\/wp-json\/wp\/v2\/posts\/112328\/revisions"}],"wp:featuredmedia":[{"embeddable":true,"href":"https:\/\/www.europesays.com\/es\/wp-json\/wp\/v2\/media\/112329"}],"wp:attachment":[{"href":"https:\/\/www.europesays.com\/es\/wp-json\/wp\/v2\/media?parent=112328"}],"wp:term":[{"taxonomy":"category","embeddable":true,"href":"https:\/\/www.europesays.com\/es\/wp-json\/wp\/v2\/categories?post=112328"},{"taxonomy":"post_tag","embeddable":true,"href":"https:\/\/www.europesays.com\/es\/wp-json\/wp\/v2\/tags?post=112328"}],"curies":[{"name":"wp","href":"https:\/\/api.w.org\/{rel}","templated":true}]}}