{"id":112344,"date":"2025-09-13T13:28:21","date_gmt":"2025-09-13T13:28:21","guid":{"rendered":"https:\/\/www.europesays.com\/es\/112344\/"},"modified":"2025-09-13T13:28:21","modified_gmt":"2025-09-13T13:28:21","slug":"un-pesquero-de-105-metros-aborda-y-hunde-un-arrastrero-gallego-mauritano","status":"publish","type":"post","link":"https:\/\/www.europesays.com\/es\/112344\/","title":{"rendered":"Un pesquero de 105 metros aborda y hunde un arrastrero\u00a0gallego-mauritano"},"content":{"rendered":"<p>\t\t\t\t\t\tVarios barcos que\u00a0operaban en Mauritania por la zona han rescatado a 21\u00a0tripulantes, entre ellos dos gallegos. Hay cinco desaparecidos, de nacionalidad mauritana<br \/>\n\t\t\t\t\t\t\t\t\t\t\t\t<strong>13 sep 2025<\/strong> . Actualizado a las 13:38 h.\t\t\t\t\t\t<\/p>\n<p class=\"first-paragraph txt\">Un arrastrero pel\u00e1gico de 105 metros de eslora y bandera de Gambia, el <strong>Right Whale<\/strong>, abord\u00f3 un pesquero de bandera mauritana, pero de capital gallego-mauritano, el <strong>Tafra 3<\/strong>,\u00a0a bordo del que hab\u00eda tres tripulantes de Galicia, entre ellos el patr\u00f3n, <strong>Javier Gestido<\/strong>, de Ard\u00e1n (Mar\u00edn). Este ha sido rescatado, al igual que el otro gallego, <strong>Jos\u00e9 Manuel Diz<\/strong>.\u00a0Hay, adem\u00e1s, un tercer marinero espa\u00f1ol, un maquinista de Huelva.\u00a0<\/p>\n<p class=\"txt\">Esta embarcaci\u00f3n, un arrastrero congelador de 31 metros de eslora, se hundi\u00f3 en la tarde noche del viernes en una zona situada a varias millas del puerto de Nuadib\u00fa, en el norte del pa\u00eds,\u00a0desde el que operan muchos barcos de origen gallego. Seg\u00fan fuentes del sector, han podido ser <strong>rescatadas 21 personas (<\/strong>extremo que ha confirmado Salvamento Mar\u00edtimo), que han sido recogidas por distintas embarcaciones que operaban por la zona. El propio Right Whale, que tendr\u00eda armador ruso, recogi\u00f3 a cuatro n\u00e1ufragos. De todos modos, faltan\u00a0<strong>cinco\u00a0personas por ser localizadas<\/strong>, dado que en el listado de tripulantes figuraban 26 marineros, todos de nacionalidad mauritana.<\/p>\n<p class=\"txt\">Seg\u00fan inform\u00f3 la conselleira de Mar, Marta Villaverde, que est\u00e1 en contacto con la casa armadora y la Secretar\u00eda General de Pesca, los espa\u00f1oles est\u00e1n en el hotel recuper\u00e1ndose de heridas levas y ahora todos los esfuerzos se enctran en localizar a los desaparecidos.\u00a0<\/p>\n<p class=\"txt\">La colisi\u00f3n del buque factor\u00eda da\u00f1\u00f3 seriamente al Tafra 3 por el costado de estribor. Este, al parecer, se encontraba en plena maniobra de virado de la red, por lo que no pod\u00eda maniobrar para evitar el impacto. Lo que no se explican es que el arrastrero pel\u00e1gico se retirase tras el golpe.<\/p>\n<p class=\"txt\">El suceso se sigue con especial inter\u00e9s y preocupaci\u00f3n en <a href=\"https:\/\/www.lavozdegalicia.es\/temas\/marin\" rel=\"nofollow noopener\" target=\"_blank\">Mar\u00edn<\/a>, donde el barco ten\u00eda su base oficiosa antes de ser exportado a <a href=\"https:\/\/www.lavozdegalicia.es\/temas\/mauritania\" rel=\"nofollow noopener\" target=\"_blank\">Mauritania<\/a> en el 2021, y Vigo, donde opera Baipesca, del socio gallego del Tafra 3, Genaro Mart\u00ednez. Anteriormente, el buque era el Playa do Loureiro.<\/p>\n<p class=\"txt\">Seg\u00fan apuntan\u00a0las citadas fuentes, la b\u00fasqueda est\u00e1 exclusivamente a cargo de la flota que estaba por las inmediaciones, sin que hayan intervenido medios de rescate ni de Espa\u00f1a, ni del pa\u00eds africano. De hecho, desde <a href=\"https:\/\/www.lavozdegalicia.es\/temas\/salvamento-maritimo\" rel=\"nofollow noopener\" target=\"_blank\">Salvamento Mar\u00edtimo<\/a> no pudieron dar dato alguno del incidente. En\u00a0los visores de flota que elaboran mapas de situaci\u00f3n de los buques por el AIS (Sistema de Identificaci\u00f3n Autom\u00e1tica) es perfectamente visible la aglomeraci\u00f3n de embarcaciones en torno al punto en el que se hundi\u00f3 el Tafra 3.<\/p>\n<p class=\"txt\">Por el momento se desconocen las causas por las que el arrastrero pel\u00e1gico de grandes dimensiones arroll\u00f3 al buque gallego-mauritano.<\/p>\n<p>&#13;<br \/>\n\tArchivado en:&#13;<br \/>\n\t\t\t\t\t<a href=\"https:\/\/www.lavozdegalicia.es\/temas\/maritima\/\" target=\"_blank\" class=\"mg-l\" rel=\"nofollow noopener\">Mar\u00edtima<\/a>&#13;<br \/>\n\t\t\t\t\t<a href=\"https:\/\/www.lavozdegalicia.es\/temas\/marin\/\" target=\"_blank\" class=\"mg-l\" rel=\"nofollow noopener\">Mar\u00edn<\/a>&#13;<br \/>\n\t\t\t\t\t<a href=\"https:\/\/www.lavozdegalicia.es\/temas\/africa\/\" target=\"_blank\" class=\"mg-l\" rel=\"nofollow noopener\">\u00c1frica<\/a>&#13;<br \/>\n\t\t\t\t\t<a href=\"https:\/\/www.lavozdegalicia.es\/temas\/mauritania\/\" target=\"_blank\" class=\"mg-l\" rel=\"nofollow noopener\">Mauritania<\/a>&#13;<br \/>\n\t\t\t\t\t<a href=\"https:\/\/www.lavozdegalicia.es\/temas\/salvamento-maritimo\/\" target=\"_blank\" class=\"mg-l\" rel=\"nofollow noopener\">Salvamento Mar\u00edtimo<\/a>&#13;<br \/>\n\t\t\t        \t&#13;<\/p>\n","protected":false},"excerpt":{"rendered":"Varios barcos que\u00a0operaban en Mauritania por la zona han rescatado a 21\u00a0tripulantes, entre ellos dos gallegos. Hay cinco&hellip;\n","protected":false},"author":2,"featured_media":112345,"comment_status":"","ping_status":"","sticky":false,"template":"","format":"standard","meta":{"footnotes":""},"categories":[5],"tags":[5404,17,18,25,24,13,14,11,19,20,8016,20131,30584,9,10,15,16,17342,23,12,21,22,3518],"class_list":{"0":"post-112344","1":"post","2":"type-post","3":"status-publish","4":"format-standard","5":"has-post-thumbnail","7":"category-titulares","8":"tag-africa","9":"tag-breaking-news","10":"tag-breakingnews","11":"tag-es","12":"tag-espana","13":"tag-featured-news","14":"tag-featurednews","15":"tag-headlines","16":"tag-latest-news","17":"tag-latestnews","18":"tag-marin","19":"tag-maritima","20":"tag-mauritania","21":"tag-news","22":"tag-noticias","23":"tag-noticias-destacadas","24":"tag-noticiasdestacadas","25":"tag-salvamento-maritimo","26":"tag-spain","27":"tag-titulares","28":"tag-ultimas-noticias","29":"tag-ultimasnoticias","30":"tag-vigo-ciudad"},"share_on_mastodon":{"url":"","error":""},"_links":{"self":[{"href":"https:\/\/www.europesays.com\/es\/wp-json\/wp\/v2\/posts\/112344","targetHints":{"allow":["GET"]}}],"collection":[{"href":"https:\/\/www.europesays.com\/es\/wp-json\/wp\/v2\/posts"}],"about":[{"href":"https:\/\/www.europesays.com\/es\/wp-json\/wp\/v2\/types\/post"}],"author":[{"embeddable":true,"href":"https:\/\/www.europesays.com\/es\/wp-json\/wp\/v2\/users\/2"}],"replies":[{"embeddable":true,"href":"https:\/\/www.europesays.com\/es\/wp-json\/wp\/v2\/comments?post=112344"}],"version-history":[{"count":0,"href":"https:\/\/www.europesays.com\/es\/wp-json\/wp\/v2\/posts\/112344\/revisions"}],"wp:featuredmedia":[{"embeddable":true,"href":"https:\/\/www.europesays.com\/es\/wp-json\/wp\/v2\/media\/112345"}],"wp:attachment":[{"href":"https:\/\/www.europesays.com\/es\/wp-json\/wp\/v2\/media?parent=112344"}],"wp:term":[{"taxonomy":"category","embeddable":true,"href":"https:\/\/www.europesays.com\/es\/wp-json\/wp\/v2\/categories?post=112344"},{"taxonomy":"post_tag","embeddable":true,"href":"https:\/\/www.europesays.com\/es\/wp-json\/wp\/v2\/tags?post=112344"}],"curies":[{"name":"wp","href":"https:\/\/api.w.org\/{rel}","templated":true}]}}