{"id":112350,"date":"2025-09-13T13:33:07","date_gmt":"2025-09-13T13:33:07","guid":{"rendered":"https:\/\/www.europesays.com\/es\/112350\/"},"modified":"2025-09-13T13:33:07","modified_gmt":"2025-09-13T13:33:07","slug":"canada-aventaja-a-israel-2-0-en-la-eliminatoria-de-la-copa-davis-que-se-juega-sin-publico","status":"publish","type":"post","link":"https:\/\/www.europesays.com\/es\/112350\/","title":{"rendered":"Canad\u00e1 aventaja a Israel 2-0 en la eliminatoria de la Copa Davis que se juega sin p\u00fablico"},"content":{"rendered":"<p data-mrf-recirculation=\"Links P\u00e1rrafos\" class=\"ue-c-article__paragraph paragraph ue-c-article--first-letter-highlighted\">Canad\u00e1 cerr\u00f3 la primera jornada de su serie de Copa Davis contra Israel con un 2-0 a favor, en un <strong>enfrentamiento disputado en Halifax sin p\u00fablico<\/strong>, por decisi\u00f3n de la federaci\u00f3n local ante el temor a protestas propalestinas.<\/p>\n<p data-mrf-recirculation=\"Links P\u00e1rrafos\" class=\"ue-c-article__paragraph paragraph\"><strong>Gabriel Diallo<\/strong>, n\u00famero 35 del mundo, abri\u00f3 el marcador con una contundente victoria por 6-1 y 6-2 frente a Daniel Cukierman, mientras que <strong>Liam Draxl<\/strong> (117) ampli\u00f3 la ventaja al imponerse por 7-6(5) y 6-4 sobre Orel Kimhi (787).<\/p>\n<p data-mrf-recirculation=\"Links P\u00e1rrafos\" class=\"ue-c-article__paragraph paragraph\">El cruce continuar\u00e1 este s\u00e1bado con el partido de dobles entre <strong>Draxl y Cleeve Harper ante Ofek Shimanov y Jordan Hasson<\/strong>.<\/p>\n<p data-mrf-recirculation=\"Links P\u00e1rrafos\" class=\"ue-c-article__paragraph paragraph\">La disputa fuera de la pista tambi\u00e9n estuvo presente: <strong>m\u00e1s de 400 personalidades deportivas hab\u00edan pedido cancelar la serie<\/strong> por la guerra en Gaza, y aunque la federaci\u00f3n canadiense justific\u00f3 la ausencia de p\u00fablico por motivos de seguridad, tanto la polic\u00eda como los servicios de inteligencia del pa\u00eds negaron haber emitido alertas de riesgo.<\/p>\n<p>EEUU y Rep\u00fablica Checa empatan en Florida<\/p>\n<p data-mrf-recirculation=\"Links P\u00e1rrafos\" class=\"ue-c-article__paragraph paragraph\">El \u00fanico cruce empatado tras la primera jornada de la Copa Davis es el que se disputa en Florida entre <strong>Estados Unidos y Rep\u00fablica Checa<\/strong>. Jiri Lehecka (16 del mundo) dio el primer punto a los europeos al vencer a Frances Tiafoe (6-3 y 6-2), pero <strong>Taylor Fritz (6) restableci\u00f3 la igualdad<\/strong> al superar por 6-4 y 6-3 a Jakub Mensik.<\/p>\n<p data-mrf-recirculation=\"Links P\u00e1rrafos\" class=\"ue-c-article__paragraph paragraph\">La serie se definir\u00e1 este fin de semana, con el ganador a<strong>segurando un lugar en la final a ocho de Bolonia<\/strong>, en noviembre.<\/p>\n<p>Per\u00fa sorprende y acaricia la clasificaci\u00f3n ante Portugal<\/p>\n<p data-mrf-recirculation=\"Links P\u00e1rrafos\" class=\"ue-c-article__paragraph paragraph\">En Lima, Per\u00fa tom\u00f3 una ventaja de 2-0 frente a Portugal y se acerca a la <strong>fase final de la Copa Davis<\/strong>. Gonzalo Bueno (269) protagoniz\u00f3 la sorpresa al vencer en tres sets (3-6, 6-2, 7-5) a Nuno Borges, n\u00famero 52 de la ATP, mientras que Ignacio Buse (112) se impuso con autoridad por 6-0 y 6-2 a Jaime Faria (115).<\/p>\n<p data-mrf-recirculation=\"Links P\u00e1rrafos\" class=\"ue-c-article__paragraph paragraph\">El s\u00e1bado se jugar\u00e1 el dobles con <strong>Buse y Juan Pablo Varillas frente a Francisco Cabral y Borges<\/strong>, seguido de los dos individuales que cerrar\u00e1n la serie.<\/p>\n<p>Argentina golpea primero en Pa\u00edses Bajos<\/p>\n<p data-mrf-recirculation=\"Links P\u00e1rrafos\" class=\"ue-c-article__paragraph paragraph\">En Groningen, Argentina se adelant\u00f3 2-0 sobre Pa\u00edses Bajos con s\u00f3lidas victorias de <strong>Tom\u00e1s Etcheverry y Francisco Cer\u00fandolo<\/strong> en el inicio de los Qualifiers de la Copa Davis.<\/p>\n<p data-mrf-recirculation=\"Links P\u00e1rrafos\" class=\"ue-c-article__paragraph paragraph\">Etcheverry (64) abri\u00f3 la serie con un triunfo por 6-4 y 6-4 f<strong>rente a Jesper de Jong<\/strong> (79), mientras que Cer\u00fandolo (21) ampli\u00f3 la ventaja al imponerse por 7-6 y 6-1 sobre <strong>Botic van de Zandschulp<\/strong>.<\/p>\n<p data-mrf-recirculation=\"Links P\u00e1rrafos\" class=\"ue-c-article__paragraph paragraph\">Con este doblete, la selecci\u00f3n albiceleste llega con confianza a la jornada del s\u00e1bado, en la que buscar\u00e1 <strong>cerrar la clasificaci\u00f3n a la Final 8 de Bolonia<\/strong>.<\/p>\n","protected":false},"excerpt":{"rendered":"Canad\u00e1 cerr\u00f3 la primera jornada de su serie de Copa Davis contra Israel con un 2-0 a favor,&hellip;\n","protected":false},"author":2,"featured_media":112351,"comment_status":"","ping_status":"","sticky":false,"template":"","format":"standard","meta":{"footnotes":""},"categories":[274],"tags":[168,25,24,23,167,327,326],"class_list":{"0":"post-112350","1":"post","2":"type-post","3":"status-publish","4":"format-standard","5":"has-post-thumbnail","7":"category-tenis","8":"tag-deportes","9":"tag-es","10":"tag-espana","11":"tag-spain","12":"tag-sports","13":"tag-tenis","14":"tag-tennis"},"share_on_mastodon":{"url":"","error":""},"_links":{"self":[{"href":"https:\/\/www.europesays.com\/es\/wp-json\/wp\/v2\/posts\/112350","targetHints":{"allow":["GET"]}}],"collection":[{"href":"https:\/\/www.europesays.com\/es\/wp-json\/wp\/v2\/posts"}],"about":[{"href":"https:\/\/www.europesays.com\/es\/wp-json\/wp\/v2\/types\/post"}],"author":[{"embeddable":true,"href":"https:\/\/www.europesays.com\/es\/wp-json\/wp\/v2\/users\/2"}],"replies":[{"embeddable":true,"href":"https:\/\/www.europesays.com\/es\/wp-json\/wp\/v2\/comments?post=112350"}],"version-history":[{"count":0,"href":"https:\/\/www.europesays.com\/es\/wp-json\/wp\/v2\/posts\/112350\/revisions"}],"wp:featuredmedia":[{"embeddable":true,"href":"https:\/\/www.europesays.com\/es\/wp-json\/wp\/v2\/media\/112351"}],"wp:attachment":[{"href":"https:\/\/www.europesays.com\/es\/wp-json\/wp\/v2\/media?parent=112350"}],"wp:term":[{"taxonomy":"category","embeddable":true,"href":"https:\/\/www.europesays.com\/es\/wp-json\/wp\/v2\/categories?post=112350"},{"taxonomy":"post_tag","embeddable":true,"href":"https:\/\/www.europesays.com\/es\/wp-json\/wp\/v2\/tags?post=112350"}],"curies":[{"name":"wp","href":"https:\/\/api.w.org\/{rel}","templated":true}]}}