{"id":112420,"date":"2025-09-13T14:22:11","date_gmt":"2025-09-13T14:22:11","guid":{"rendered":"https:\/\/www.europesays.com\/es\/112420\/"},"modified":"2025-09-13T14:22:11","modified_gmt":"2025-09-13T14:22:11","slug":"el-ucam-sigue-la-pretemporada-a-todo-ritmo-en-francia","status":"publish","type":"post","link":"https:\/\/www.europesays.com\/es\/112420\/","title":{"rendered":"El UCAM sigue la pretemporada a todo ritmo en Francia"},"content":{"rendered":"<p>Elevando de esta manera el ritmo a estas alturas del a\u00f1o, pocos pueden seguir la estela del UCAM. En lo que va de pretemporada, de  &#8230; momento, ni el Granada, ni un Valencia sin sus internacionales ni, hoy, el franc\u00e9s Le Portel, han podido. Desde Limoges, donde el UCAM juega un cuadrangular amistoso que cerrar\u00e1 este domingo a las 17.00, los murcianos buscan prepararse para la previa de la Champions que jugar\u00e1n del 20 al 24 en la ciudad b\u00falgara de S\u00e1mokov, donde habr\u00e1n de ganar tres partidos sin fallo para jugar la competici\u00f3n.<\/p>\n<p class=\"v-scr__t\">UCAM Murcia<\/p>\n<p class=\"v-scr__p v-scr__p--3\">Forrest (22), Radebaugh (6), Sant-Roos (2), Nakic (10) y Cate (17) -quinteto titular- Cacok (8), Raieste (0), DeJulius (6), Garc\u00eda (2), Falk (6), Neves (0), L\u00f3pez De la Torre (9), Diagne (4) y Ennis (8).<\/p>\n<p class=\"v-scr__n-c v-scr__n-c--1 \">\n 100\n<\/p>\n<p class=\"v-scr__n-c v-scr__n-c--2\">\n&#8211;\n<\/p>\n<p class=\"v-scr__n-c v-scr__n-c--3 \">\n 70\n<\/p>\n<p class=\"v-scr__t\">ESSM Le Portel <\/p>\n<p class=\"v-scr__p v-scr__p--3\">Smith (16), Konate (2), Fevrier (0), Quinn (11) y Kruslin (4) -quinteto titular- Crawford (9), Fischer (3), Ebunangecombe (12), Wertz III (8) y Mpete (5).<\/p>\n<ul class=\"v-u\">\n<li class=\"v-u__l\">\n<p class=\"v-p\">\nParciales<br \/>\n28-24, 19-14 (47-38), 27-13 (74-51) y 26-19 (100-70).\n<\/p>\n<\/li>\n<li class=\"v-u__l\">\n<p class=\"v-p\">\nIncidencias<br \/>\nPalacio de los Deportes de Beaublanc, unos 200 espectadores. Semifinal del cuadrangular amistoso de Limoges.\n<\/p>\n<\/li>\n<\/ul>\n<p class=\"v-p\">A conciencia lleva prepar\u00e1ndose para ello desde el primer d\u00eda el equipo de Sito Alonso y, con esa urgencia por alcanzar un alto nivel f\u00edsico y t\u00e1ctico, barri\u00f3 de la preciosa pista lemosina al pen\u00faltimo clasificado de la \u00faltima temporada en Francia. El mejor de los optimismos, comprobar que uno de los objetivos de la gerencia deportiva para esta temporada, la de reducir la dependencia de Dylan Ennis, est\u00e1 dando resultado.<\/p>\n<p class=\"v-p\">Manejo, puntos y f\u00edsico eran las cualidades a cubrir. Y, desde luego, los 22 puntos de Michael Forrest, con siete triples de diez intentos, y el ahogamiento defensivo que someten los cu\u00e1driceps defensivos de David DeJulius, dan cuenta de ello. En solo seis minutos, 20 eran ya los puntos del UCAM con cuatro aciertos desde los 6,75 metros, dos de Forrest y otros dos del tambi\u00e9n fichaje Nakic.<\/p>\n<p>\nCon un quinteto muy f\u00edsico, el UCAM termin\u00f3 de romper el partido en el tercer cuarto, con grandes minutos de De la Torre en ambos aros\n<\/p>\n<p>Poco aguante franc\u00e9s<\/p>\n<p class=\"v-p\">Un partido a toda pastilla que aceptaron en buenos t\u00e9rminos especialmente los exteriores Ebunangecombe o Smith, el m\u00e1s escurridizo de los jugadores rivales, para dar r\u00e9plica. Pero, faltos de mayor equilibrio, unos minutos de brega de Cate al borde del descanso distanciaron al UCAM (47-38).<\/p>\n<p class=\"v-p\">A la vuelta, la cosa fue a m\u00e1s, con el joven De la Torre gan\u00e1ndose los minutos con trabajo no solo de garra, tambi\u00e9n de talento en las finalizaciones al contraataque o tras rebote ofensivo. Las rotaciones de Sito manten\u00edan el nivel y en Le Portel pasaba al contrario, y con especialistas defensivos como DeJulius, Radebaugh y Sant-Roos, el \u00faltimo cuarto llegaba con el partido roto (74-51).<\/p>\n<p>\nEl UCAM volver\u00e1 a jugar en Limoges el domingo a las 17.00 la final del torneo ante el vencedor del Limoges-Boulazac\n<\/p>\n<p class=\"v-p\">Sin caer en una relajaci\u00f3n que no se puede permitir el equipo murciano con lo que tiene en el horizonte, la ventaja sigui\u00f3 aumentando con el idilio de Forrest con la larga distancia y las diferentes entradas de jugadores con ganas de ganarse un hueco en la rotaci\u00f3n (100-70).<\/p>\n","protected":false},"excerpt":{"rendered":"Elevando de esta manera el ritmo a estas alturas del a\u00f1o, pocos pueden seguir la estela del UCAM.&hellip;\n","protected":false},"author":2,"featured_media":112421,"comment_status":"","ping_status":"","sticky":false,"template":"","format":"standard","meta":{"footnotes":""},"categories":[269],"tags":[299,298,168,25,24,317,961,10911,1262,23,167,9413],"class_list":{"0":"post-112420","1":"post","2":"type-post","3":"status-publish","4":"format-standard","5":"has-post-thumbnail","7":"category-baloncesto","8":"tag-baloncesto","9":"tag-basketball","10":"tag-deportes","11":"tag-es","12":"tag-espana","13":"tag-francia","14":"tag-pretemporada","15":"tag-ritmo","16":"tag-sigue","17":"tag-spain","18":"tag-sports","19":"tag-ucam"},"share_on_mastodon":{"url":"","error":""},"_links":{"self":[{"href":"https:\/\/www.europesays.com\/es\/wp-json\/wp\/v2\/posts\/112420","targetHints":{"allow":["GET"]}}],"collection":[{"href":"https:\/\/www.europesays.com\/es\/wp-json\/wp\/v2\/posts"}],"about":[{"href":"https:\/\/www.europesays.com\/es\/wp-json\/wp\/v2\/types\/post"}],"author":[{"embeddable":true,"href":"https:\/\/www.europesays.com\/es\/wp-json\/wp\/v2\/users\/2"}],"replies":[{"embeddable":true,"href":"https:\/\/www.europesays.com\/es\/wp-json\/wp\/v2\/comments?post=112420"}],"version-history":[{"count":0,"href":"https:\/\/www.europesays.com\/es\/wp-json\/wp\/v2\/posts\/112420\/revisions"}],"wp:featuredmedia":[{"embeddable":true,"href":"https:\/\/www.europesays.com\/es\/wp-json\/wp\/v2\/media\/112421"}],"wp:attachment":[{"href":"https:\/\/www.europesays.com\/es\/wp-json\/wp\/v2\/media?parent=112420"}],"wp:term":[{"taxonomy":"category","embeddable":true,"href":"https:\/\/www.europesays.com\/es\/wp-json\/wp\/v2\/categories?post=112420"},{"taxonomy":"post_tag","embeddable":true,"href":"https:\/\/www.europesays.com\/es\/wp-json\/wp\/v2\/tags?post=112420"}],"curies":[{"name":"wp","href":"https:\/\/api.w.org\/{rel}","templated":true}]}}