{"id":112450,"date":"2025-09-13T14:44:31","date_gmt":"2025-09-13T14:44:31","guid":{"rendered":"https:\/\/www.europesays.com\/es\/112450\/"},"modified":"2025-09-13T14:44:31","modified_gmt":"2025-09-13T14:44:31","slug":"la-organizacion-de-la-vuelta-decide-recortar-5-kilometros-de-la-etapa-de-madrid-por-motivos-de-circulacion","status":"publish","type":"post","link":"https:\/\/www.europesays.com\/es\/112450\/","title":{"rendered":"La organizaci\u00f3n de La Vuelta decide recortar 5 kil\u00f3metros de la etapa de Madrid por &#8216;motivos de circulaci\u00f3n&#8217;"},"content":{"rendered":"<p>Cambio de planes. La organizaci\u00f3n de la Vuelta a Espa\u00f1a ha decidido este s\u00e1bado recortar 5 kil\u00f3metros la \u00faltima etapa que se disputar\u00e1 este domingo entre Alalpardo y Madrid por \u00abmotivos de circulaci\u00f3n\u00bb.<\/p>\n<p>\u00abSolo ha habido un peque\u00f1o cambio en el recorrido previo al circuito final de la \u00faltima etapa de la Vuelta a Espa\u00f1a, eliminando el paso por Aravaca, lo que reduce en unos 5 km la etapa\u00bb, ha se\u00f1alado en un comunicado.<\/p>\n<p>La decisi\u00f3n se debe a \u00abmotivos de tr\u00e1fico, para evitar pasar por la A-6\u00bb, seg\u00fan han se\u00f1alado fuentes de La Vuelta a la Agencia EFE. La noticia se ha anunciado antes del inicio de la vig\u00e9sima etapa entre Robledo de Chavela y La Bola del Mundo, de 164,8 km, en medio de grandes medidas de seguridad por la oleada de protestas propalestinas que est\u00e1n marcando la presente edici\u00f3n.<\/p>\n<p>No ha sido la \u00fanica manifestaci\u00f3n. Varias personas han sido convocadas para protestar por el paso de la circulaci\u00f3n de la Bola del Mundo. Ecologistas en Acci\u00f3n Sierras pidi\u00f3 este viernes suspender con urgencia la etapa de la Vuelta Ciclista a Espa\u00f1a 2025 para as\u00ed garantizar su protecci\u00f3n.<\/p>\n<p>Pero el Organismo Aut\u00f3nomo Parques Nacionales (OAPN) ha negado haber recibido la documentaci\u00f3n solicitada a la Comunidad de Madrid sobre la autorizaci\u00f3n del s\u00e1bado. Es por eso que \u00abreitera\u00bb esta petici\u00f3n a la Administraci\u00f3n regional.\u00a0<\/p>\n<p>En la respuesta remitida por el OAPN a Ecologistas, se indica que \u00abal no haber recibido la documentaci\u00f3n solicitada<b> se reitera la petici\u00f3n a la Comunidad de Madrid con la finalidad de poder verificarla<\/b>\u00ab.<\/p>\n<p>Seg\u00fan Ecologistas en Acci\u00f3n, la autorizaci\u00f3n de la Comunidad de Madrid \u00ab<b>incumple de forma flagrante la legislaci\u00f3n vigente<\/b>\u00bb y citan \u00abel anexo XII del Plan Rector de Uso y Gesti\u00f3n (PRUG) del Parque Nacional de la Sierra de Guadarrama, que exige que la Vuelta Ciclista tenga inicio y final en n\u00facleos urbanos, como indic\u00f3 tambi\u00e9n el Organismo Aut\u00f3nomo de Parques Nacionales\u00bb.<\/p>\n","protected":false},"excerpt":{"rendered":"Cambio de planes. La organizaci\u00f3n de la Vuelta a Espa\u00f1a ha decidido este s\u00e1bado recortar 5 kil\u00f3metros la&hellip;\n","protected":false},"author":2,"featured_media":112451,"comment_status":"","ping_status":"","sticky":false,"template":"","format":"standard","meta":{"footnotes":""},"categories":[273],"tags":[313,312,168,25,24,74,76,23,167],"class_list":{"0":"post-112450","1":"post","2":"type-post","3":"status-publish","4":"format-standard","5":"has-post-thumbnail","7":"category-ciclismo","8":"tag-ciclismo","9":"tag-cycling","10":"tag-deportes","11":"tag-es","12":"tag-espana","13":"tag-israel","14":"tag-palestina","15":"tag-spain","16":"tag-sports"},"share_on_mastodon":{"url":"","error":""},"_links":{"self":[{"href":"https:\/\/www.europesays.com\/es\/wp-json\/wp\/v2\/posts\/112450","targetHints":{"allow":["GET"]}}],"collection":[{"href":"https:\/\/www.europesays.com\/es\/wp-json\/wp\/v2\/posts"}],"about":[{"href":"https:\/\/www.europesays.com\/es\/wp-json\/wp\/v2\/types\/post"}],"author":[{"embeddable":true,"href":"https:\/\/www.europesays.com\/es\/wp-json\/wp\/v2\/users\/2"}],"replies":[{"embeddable":true,"href":"https:\/\/www.europesays.com\/es\/wp-json\/wp\/v2\/comments?post=112450"}],"version-history":[{"count":0,"href":"https:\/\/www.europesays.com\/es\/wp-json\/wp\/v2\/posts\/112450\/revisions"}],"wp:featuredmedia":[{"embeddable":true,"href":"https:\/\/www.europesays.com\/es\/wp-json\/wp\/v2\/media\/112451"}],"wp:attachment":[{"href":"https:\/\/www.europesays.com\/es\/wp-json\/wp\/v2\/media?parent=112450"}],"wp:term":[{"taxonomy":"category","embeddable":true,"href":"https:\/\/www.europesays.com\/es\/wp-json\/wp\/v2\/categories?post=112450"},{"taxonomy":"post_tag","embeddable":true,"href":"https:\/\/www.europesays.com\/es\/wp-json\/wp\/v2\/tags?post=112450"}],"curies":[{"name":"wp","href":"https:\/\/api.w.org\/{rel}","templated":true}]}}