{"id":112456,"date":"2025-09-13T14:49:14","date_gmt":"2025-09-13T14:49:14","guid":{"rendered":"https:\/\/www.europesays.com\/es\/112456\/"},"modified":"2025-09-13T14:49:14","modified_gmt":"2025-09-13T14:49:14","slug":"el-alarmante-mensaje-de-la-nuera-de-makoke-en-el-dia-que-se-habria-celebrado-su-boda","status":"publish","type":"post","link":"https:\/\/www.europesays.com\/es\/112456\/","title":{"rendered":"El alarmante mensaje de la nuera de Makoke en el d\u00eda que se habr\u00eda celebrado su boda"},"content":{"rendered":"<p data-journey-content=\"true\" data-node-id=\"3\" class=\"css-i9p093 emevuu60\"><a href=\"https:\/\/www.diezminutos.es\/famosos-corazon\/famosos-espanoles\/a65863147\/makoke-gonzalo-cancelan-boda\/\" target=\"_blank\" data-vars-ga-outbound-link=\"https:\/\/www.diezminutos.es\/famosos-corazon\/famosos-espanoles\/a65863147\/makoke-gonzalo-cancelan-boda\/\" data-vars-ga-ux-element=\"Hyperlink\" data-vars-ga-call-to-action=\"Makoke y su novio Gonzalo cancelaban su boda in extremis.\" data-node-id=\"3.0\" class=\"body-link css-177bzfx emevuu60\" rel=\"nofollow noopener\">Makoke y su novio Gonzalo cancelaban su boda in extremis.<\/a> Menos de un mes antes de pronunciar el &#8216;s\u00ed, quiero&#8217; en Ibiza, la colaboradora de televisi\u00f3n anunciaba que hab\u00edan decidido posponer su enlace un a\u00f1o debido a un motivo de peso. \u00ab<strong data-node-id=\"3.2\">Tengo que aclarar que el motivo de cancelar la boda es \u00fanicamente de salud de un familiar cercano\u00bb,<\/strong> explicaba Makoke a trav\u00e9s de sus redes sociales para evitar que los rumores fuesen a m\u00e1s. Ahora, justo el d\u00eda en el que se iba a celebrar su boda, este 12 de septiembre, su nuera <strong data-node-id=\"3.4\">Marina Romero publicaba un conmovedor mensaje en sus redes sociales,<\/strong> haciendo saltar todas las alarmas. <\/p>\n<p data-journey-content=\"true\" data-node-id=\"6\" class=\"css-i9p093 emevuu60\">\u00abHace 8 a\u00f1os la vida me regal\u00f3 a mi persona, a mi amor, a mi compa\u00f1ero.\u2028Y si entonces ten\u00eda claro que eras el amor de mi vida, ahora s\u00e9 que ni siquiera alcanzaba a imaginar cu\u00e1nto. <strong data-node-id=\"6.1\">Estos d\u00edas han sido los m\u00e1s dif\u00edciles de nuestro camino juntos, pero ah\u00ed est\u00e1s t\u00fa, sin soltarme la mano ni un segundo, cuidando de m\u00ed y de todo,<\/strong>\u2028Y aun as\u00ed encontrando fuerzas para hacerme sonre\u00edr cuando m\u00e1s lo necesito\u00bb, ha comenzando explicando la novia de Javier Tudela resaltando que estos d\u00edas han sido los m\u00e1s dif\u00edciles de los 8 a\u00f1os que llevan juntos. <\/p>\n<p data-journey-content=\"true\" data-node-id=\"8\" class=\"css-i9p093 emevuu60\"><strong data-node-id=\"8.0\">\u00abHas movido cielo y tierra para que todo vaya lo m\u00e1s r\u00e1pido posible.\u2028No s\u00e9 c\u00f3mo agradecerte todo lo que haces<\/strong>, c\u00f3mo explicarte lo que siento al mirarte y saber que das el 100% de ti en cada momento. El amor verdadero se ve en los detalles, en la risa que provocas incluso cuando hay miedo, en la forma en que me haces sentir que nunca estoy sola.\u2028<strong data-node-id=\"8.2\">S\u00e9 que detr\u00e1s de cada paso tuyo hay amor, coraje y un coraz\u00f3n inmenso que late por los cuatro\u00bb, contin\u00faa dejando claro que les une un amor inquebrantable. <\/strong><\/p>\n<p data-journey-content=\"true\" data-node-id=\"12\" class=\"css-i9p093 emevuu60\">Sin entrar en detalles sobre qu\u00e9 es a lo que se est\u00e1n enfrentando, Marina se\u00f1ala que les esperan momentos dif\u00edciles, pero que sabe que saldr\u00e1n fuertes y unidos de esta tormenta: \u00ab<strong data-node-id=\"12.1\">S\u00e9 que nos esperan d\u00edas dif\u00edciles, pero tambi\u00e9n s\u00e9 que contigo a mi lado no hay batalla que no podamos ganar.<\/strong>\u2028En esa forma en que me miras incluso en medio de la tormenta y encuentro fuerza, gracias a ti\u2028Tengo la certeza de que, cuando todo esto pase, saldremos m\u00e1s fuertes, m\u00e1s unidos y con a\u00fan m\u00e1s motivos para celebrar la vida juntos. Te amo con todo lo que soy, con todo lo que tengo y con todo lo que a\u00fan nos queda por vivir. \u2764\ufe0fGRACIAS\u00bb<strong data-node-id=\"12.3\"\/><br data-node-id=\"12.4\"\/><\/p>\n<p data-journey-content=\"true\" data-node-id=\"14\" class=\"css-i9p093 emevuu60\">La influencer ha compartido este mensaje con un carrusel de im\u00e1genes junto a su pareja y sus dos hijos. Entre las fotos que ha subido se encuentra una instant\u00e1nea en lo que parece ser una habitaci\u00f3n de hospital con una v\u00eda puesta. <\/p>\n<p data-journey-content=\"true\" data-node-id=\"17\" class=\"css-i9p093 emevuu60\">La respuesta de Makoke a este conmovedor mensaje no se ha hecho de esperar. \u00abOs quiero a los 4 con toda mi alma!! Que bonitas palabras Maris, GRACIAS por d\u00e1rnos tanto amor \ud83e\udd0d estas siendo un ejemplo en todos los sentidos Te quiero mi Maris\u00bb, escribe la ex de Kiko Matamoros.  <\/p>\n<p><img src=\"https:\/\/www.europesays.com\/es\/wp-content\/uploads\/2025\/09\/1757774954_666_4104b2dc-9d92-4a2f-a41f-327dc6377620_1734436473.jpg\" alt=\"Headshot of Valentina Vera\" title=\"Headshot of Valentina Vera\" width=\"100%\" height=\"100%\" decoding=\"async\" loading=\"lazy\" class=\"css-o0wq4v ev8dhu53\"\/><\/p>\n<p>Valentina Vera es una periodista experta en cr\u00f3nica rosa, realidad, &#8216;reality&#8217;, moda y belleza. Siempre al d\u00eda de las \u00faltimas novedades de los famosos nacionales e internacionales y de las casas reales europeas. Su trabajo como redactora le permite ser testigo de las bodas de los personajes m\u00e1s relevantes del panorama social; de alfombras rojas; de funerales de Estado o de acontecimientos hist\u00f3ricos: como la proclamaci\u00f3n de Felipe VI como Rey o la coronaci\u00f3n de Carlos III de Inglaterra.<br \/>\nLicenciada en Periodismo por la Universidad Complutense de Madrid. Comenz\u00f3 su andadura en el mundo del coraz\u00f3n en el a\u00f1o 2013 en la revista \u00a1Hola! Y desde 2014 forma parte del grupo Hearst, donde ha ido adquiriendo experiencia tanto en la edici\u00f3n impresa como en el formato web de la revista Diez Minutos.<br \/>\nEl medio digital le apasiona por la inmediatez en la que sus lectores pueden ser testigos de lo que sucede en la vida de los famosos desde cualquier parte del mundo. Instagram, Twitter y TikTok se han convertido en una herramienta m\u00e1s de informaci\u00f3n a la hora de crear, gestionar y organizar el contenido, ya que le permiten conocer la \u00faltima hora de lo que sucede en la vida de los famosos.<br \/>\nEn constante formaci\u00f3n de estrategias y t\u00e9cnicas de optimizaci\u00f3n digital para su trabajo como redactora, en la actualidad tambi\u00e9n se encuentra estudiando Diet\u00e9tica. Llevar un estilo de vida saludable es algo que le apasiona y cree que la nutrici\u00f3n es una parte fundamental.<\/p>\n","protected":false},"excerpt":{"rendered":"Makoke y su novio Gonzalo cancelaban su boda in extremis. Menos de un mes antes de pronunciar el&hellip;\n","protected":false},"author":2,"featured_media":112457,"comment_status":"","ping_status":"","sticky":false,"template":"","format":"standard","meta":{"footnotes":""},"categories":[174],"tags":[255,253,146,147,25,24,256,23],"class_list":{"0":"post-112456","1":"post","2":"type-post","3":"status-publish","4":"format-standard","5":"has-post-thumbnail","7":"category-famosos","8":"tag-celebrities","9":"tag-discover","10":"tag-entertainment","11":"tag-entretenimiento","12":"tag-es","13":"tag-espana","14":"tag-famosos","15":"tag-spain"},"share_on_mastodon":{"url":"","error":""},"_links":{"self":[{"href":"https:\/\/www.europesays.com\/es\/wp-json\/wp\/v2\/posts\/112456","targetHints":{"allow":["GET"]}}],"collection":[{"href":"https:\/\/www.europesays.com\/es\/wp-json\/wp\/v2\/posts"}],"about":[{"href":"https:\/\/www.europesays.com\/es\/wp-json\/wp\/v2\/types\/post"}],"author":[{"embeddable":true,"href":"https:\/\/www.europesays.com\/es\/wp-json\/wp\/v2\/users\/2"}],"replies":[{"embeddable":true,"href":"https:\/\/www.europesays.com\/es\/wp-json\/wp\/v2\/comments?post=112456"}],"version-history":[{"count":0,"href":"https:\/\/www.europesays.com\/es\/wp-json\/wp\/v2\/posts\/112456\/revisions"}],"wp:featuredmedia":[{"embeddable":true,"href":"https:\/\/www.europesays.com\/es\/wp-json\/wp\/v2\/media\/112457"}],"wp:attachment":[{"href":"https:\/\/www.europesays.com\/es\/wp-json\/wp\/v2\/media?parent=112456"}],"wp:term":[{"taxonomy":"category","embeddable":true,"href":"https:\/\/www.europesays.com\/es\/wp-json\/wp\/v2\/categories?post=112456"},{"taxonomy":"post_tag","embeddable":true,"href":"https:\/\/www.europesays.com\/es\/wp-json\/wp\/v2\/tags?post=112456"}],"curies":[{"name":"wp","href":"https:\/\/api.w.org\/{rel}","templated":true}]}}