{"id":112506,"date":"2025-09-13T15:26:51","date_gmt":"2025-09-13T15:26:51","guid":{"rendered":"https:\/\/www.europesays.com\/es\/112506\/"},"modified":"2025-09-13T15:26:51","modified_gmt":"2025-09-13T15:26:51","slug":"deputacion-celebra-el-exito-del-torneo-5x5-de-balonmano-en-vigo","status":"publish","type":"post","link":"https:\/\/www.europesays.com\/es\/112506\/","title":{"rendered":"Deputaci\u00f3n celebra el \u00e9xito del Torneo 5&#215;5 de balonmano en Vigo"},"content":{"rendered":"<p>            <a href=\"https:\/\/telemarinas.com\/wp-content\/uploads\/2025\/09\/luisasanchezbalonman5x5vigo.jpg\" data-caption=\"\" rel=\"nofollow noopener\" target=\"_blank\"><img loading=\"lazy\" width=\"696\" height=\"392\" class=\"entry-thumb td-modal-image lazyload\" alt=\"\" title=\"LuisaSanchezBalonman5x5Vigo\" src=\"https:\/\/www.europesays.com\/es\/wp-content\/uploads\/2025\/09\/luisasanchezbalonman5x5vigo-696x392.jpg\" decoding=\"async\"  data- data-eio-rwidth=\"696\" data-eio-rheight=\"392\"\/><\/a><\/p>\n<p><strong>La vicepresidenta de la Deputaci\u00f3n de Pontevedra, Luisa S\u00e1nchez, celebr\u00f3 el \u201c\u00e9xito\u201d que supuso la celebraci\u00f3n del Torneo 5\u00d75 de balonmano en Vigo, que este jueves vivi\u00f3 su \u00faltima jornada de competici\u00f3n en el puerto ol\u00edvico. Un evento que convirti\u00f3 el Paseo de las Avenidas de Vigo en un escenario deportivo abierto entre el 5 y el 11 de septiembre.<\/strong><\/p>\n<p>S\u00e1nchez destac\u00f3 la gran acogida de esta iniciativa, que moviliz\u00f3 a cerca de 300 ni\u00f1os y ni\u00f1as pertenecientes a una treintena de clubes, adem\u00e1s de un centenar de escolares. El campeonato logr\u00f3 adem\u00e1s acercar el balonmano a la calle, con un formato din\u00e1mico, atractivo y muy visual. \u201cFoi un \u00e9xito polo alto nivel de participaci\u00f3n pero tam\u00e9n polo seu perfecto desenvolvemento. Factores ambos que proban o acerto que foi apostar por esta iniciativa. Conseguimos conectar \u00e1 mocidade co deporte e o retorno que temos de clubs, deportistas e familias \u00e9 moi positivo. Abof\u00e9 que gozaron da experiencia\u201d, explic\u00f3.<\/p>\n<p>En este sentido, la vicepresidenta puso en valor el esfuerzo organizativo de todas las partes implicadas, especialmente en lo que compete a la Federaci\u00f3n Galega de Balonm\u00e1n como principal promotora de la competici\u00f3n. Asimismo, destac\u00f3 la colaboraci\u00f3n de la Autoridad Portuaria de Vigo por facilitar el uso de sus instalaciones, permitiendo as\u00ed convertir un espacio clave de la ciudad en un punto de encuentro para el deporte base.<\/p>\n<p>La competici\u00f3n, que celebr\u00f3 este a\u00f1o su segunda edici\u00f3n, llevar\u00e1 ahora el balonmano 5\u00d75 a otras localidades como A Ca\u00f1iza, A Estrada y Redondela, ampliando as\u00ed su impacto y dando a conocer una disciplina que crece en popularidad y visibilidad, especialmente entre el p\u00fablico joven.<\/p>\n<p>Con esta iniciativa, la Diputaci\u00f3n de Pontevedra reafirma su apuesta por un modelo deportivo inclusivo, participativo y cercano a la ciudadan\u00eda, con un calendario de actividades que busca activar los espacios p\u00fablicos, dinamizar los municipios y apoyar el talento deportivo de las nuevas generaciones.<\/p>\n<p><a href=\"https:\/\/www.depo.gal\/es\/deportes\" target=\"_blank\" rel=\"noopener nofollow\"><img fetchpriority=\"high\" decoding=\"async\" class=\"size-full wp-image-178774 aligncenter\" src=\"https:\/\/www.europesays.com\/es\/wp-content\/uploads\/2025\/09\/depu-depotes.gif\" alt=\"\" width=\"325\" height=\"180\"\/><\/a><\/p>\n<p>\u00a0<\/p>\n","protected":false},"excerpt":{"rendered":"La vicepresidenta de la Deputaci\u00f3n de Pontevedra, Luisa S\u00e1nchez, celebr\u00f3 el \u201c\u00e9xito\u201d que supuso la celebraci\u00f3n del Torneo&hellip;\n","protected":false},"author":2,"featured_media":112507,"comment_status":"","ping_status":"","sticky":false,"template":"","format":"standard","meta":{"footnotes":""},"categories":[278],"tags":[38180,376,168,38181,25,24,38182,375,38183,23,167,38184,1274],"class_list":{"0":"post-112506","1":"post","2":"type-post","3":"status-publish","4":"format-standard","5":"has-post-thumbnail","7":"category-balonmano","8":"tag-autoridad-portuaria","9":"tag-balonmano","10":"tag-deportes","11":"tag-deputacion-de-pontevedra","12":"tag-es","13":"tag-espana","14":"tag-federacion-galega-de-balonman","15":"tag-handball","16":"tag-luisa-sanchez","17":"tag-spain","18":"tag-sports","19":"tag-torneo-5x5-de-balonman","20":"tag-vigo"},"share_on_mastodon":{"url":"","error":""},"_links":{"self":[{"href":"https:\/\/www.europesays.com\/es\/wp-json\/wp\/v2\/posts\/112506","targetHints":{"allow":["GET"]}}],"collection":[{"href":"https:\/\/www.europesays.com\/es\/wp-json\/wp\/v2\/posts"}],"about":[{"href":"https:\/\/www.europesays.com\/es\/wp-json\/wp\/v2\/types\/post"}],"author":[{"embeddable":true,"href":"https:\/\/www.europesays.com\/es\/wp-json\/wp\/v2\/users\/2"}],"replies":[{"embeddable":true,"href":"https:\/\/www.europesays.com\/es\/wp-json\/wp\/v2\/comments?post=112506"}],"version-history":[{"count":0,"href":"https:\/\/www.europesays.com\/es\/wp-json\/wp\/v2\/posts\/112506\/revisions"}],"wp:featuredmedia":[{"embeddable":true,"href":"https:\/\/www.europesays.com\/es\/wp-json\/wp\/v2\/media\/112507"}],"wp:attachment":[{"href":"https:\/\/www.europesays.com\/es\/wp-json\/wp\/v2\/media?parent=112506"}],"wp:term":[{"taxonomy":"category","embeddable":true,"href":"https:\/\/www.europesays.com\/es\/wp-json\/wp\/v2\/categories?post=112506"},{"taxonomy":"post_tag","embeddable":true,"href":"https:\/\/www.europesays.com\/es\/wp-json\/wp\/v2\/tags?post=112506"}],"curies":[{"name":"wp","href":"https:\/\/api.w.org\/{rel}","templated":true}]}}