{"id":112512,"date":"2025-09-13T15:31:07","date_gmt":"2025-09-13T15:31:07","guid":{"rendered":"https:\/\/www.europesays.com\/es\/112512\/"},"modified":"2025-09-13T15:31:07","modified_gmt":"2025-09-13T15:31:07","slug":"el-director-deportivo-de-israel-premier-tech-oscar-guerrero-deja-la-vuelta-txirrindularitza","status":"publish","type":"post","link":"https:\/\/www.europesays.com\/es\/112512\/","title":{"rendered":"El director deportivo de Israel Premier Tech, \u00d3scar Guerrero, deja la Vuelta | Txirrindularitza"},"content":{"rendered":"<p>        <img decoding=\"async\" alt=\"Autob\u00fas y coches del Israel Premier Tech estacionados ante el estadio de San Mames.\" height=\"555\" loading=\"lazy\"  src=\"https:\/\/www.europesays.com\/es\/wp-content\/uploads\/2025\/09\/ipt.jpg\"  width=\"1200\"\/>Autob\u00fas y coches del Israel Premier Tech estacionados ante el estadio de San Mames. (EUROPA PRESS)<\/p>\n<p>Oscar Guerrero, director deportivo de Israel Premier Tech, ha abandonado la Vuelta y ha regresado a Altsasu, donde reside. Guerrero hab\u00eda mostrado su descontento con las protestas antes de la <a href=\"https:\/\/www.naiz.eus\/eu\/info\/noticia\/20250904\/israel-premier-tech-cuando-el-lavado-de-cara-te-explota-en-las-manos-1\" rel=\"nofollow noopener\" target=\"_blank\">llegada de la Vuelta a Bilbo<\/a>, y finalmente ha dejado la competici\u00f3n despu\u00e9s de que aparecieran pintadas en su domicilio.<\/p>\n<p>Guerrero ha formado parte de varios equipos, como por ejemplo, Caja Rural, Kaiku, Fuerteventura-Canarias y Euskaltel-Euskadi. Dirige el equipo israel\u00ed desde 2017. Durante la Vuelta ha sido \u00e9l quien ha hecho declaraciones en los medios a cerca de las protestas antisionistas que han exigido que Israel Premier Tech abandone la competici\u00f3n, <a href=\"https:\/\/www.naiz.eus\/eu\/info\/noticia\/20250827\/sylvan-adams-el-socio-de-netanyahu-que-sostiene-al-israel-premier-tech\" rel=\"nofollow noopener\" target=\"_blank\">debido a los claros lazos del equipo con Benjam\u00edn Netanyahu<\/a>.<\/p>\n<p>As\u00ed, el director deportivo fue quien, despu\u00e9s de la suspensi\u00f3n de la etapa de Bilbo anunci\u00f3 la intenci\u00f3n del equipo de no abandonar la carrera y asegur\u00f3 que estaban avalados por la normativa para llegar hasta Madrid. El codirector t\u00e9cnico de la Vuelta, Kiko Garc\u00eda, por su parte, expres\u00f3 su preocupaci\u00f3n por esta postura al considerar que la participaci\u00f3n de Israel Premier Tech complica la seguridad de la carrera, y lleg\u00f3 a sugerir que lo mejor ser\u00eda que el propio equipo se apartara temporalmente.<\/p>\n<p>La noticia ha trascendido en las \u00faltimas horas, pero, seg\u00fan avanz\u00f3 la cadena de radio COPE, Guerrero no estuvo en la etapa entre Rueda y Guijuelo. Al parecer, a comienzos de esta misma semana habr\u00edan aparecido en su domicilio familiar pintadas en protesta por la participaci\u00f3n del equipo en la Vuelta, lo que habr\u00eda terminado de motivar la decisi\u00f3n del director deportivo.<\/p>\n<p>Y es que el final de etapa ha tenido que ser adelantado en dos ocasiones y la contrarreloj ha tenido que ser acortado, a causa de las protestas. En varios puntos, las y los activistas han conseguido incluso parar la carrera.<\/p>\n<p>\u00a0<\/p>\n<p>\n      Honi buruzko guztia:<br \/>\n      <a href=\"https:\/\/www.naiz.eus\/eu\/info_sek\/vuelta-2025\" rel=\"nofollow noopener\" target=\"_blank\">Vuelta 2025<\/a>\n    <\/p>\n","protected":false},"excerpt":{"rendered":"Autob\u00fas y coches del Israel Premier Tech estacionados ante el estadio de San Mames. (EUROPA PRESS) Oscar Guerrero,&hellip;\n","protected":false},"author":2,"featured_media":112513,"comment_status":"","ping_status":"","sticky":false,"template":"","format":"standard","meta":{"footnotes":""},"categories":[273],"tags":[313,312,51,168,412,411,25,24,3442,74,2789,17656,23,167,17765,1357],"class_list":{"0":"post-112512","1":"post","2":"type-post","3":"status-publish","4":"format-standard","5":"has-post-thumbnail","7":"category-ciclismo","8":"tag-ciclismo","9":"tag-cycling","10":"tag-deja","11":"tag-deportes","12":"tag-deportivo","13":"tag-director","14":"tag-es","15":"tag-espana","16":"tag-guerrero","17":"tag-israel","18":"tag-oscar","19":"tag-premier","20":"tag-spain","21":"tag-sports","22":"tag-tech","23":"tag-vuelta"},"share_on_mastodon":{"url":"","error":""},"_links":{"self":[{"href":"https:\/\/www.europesays.com\/es\/wp-json\/wp\/v2\/posts\/112512","targetHints":{"allow":["GET"]}}],"collection":[{"href":"https:\/\/www.europesays.com\/es\/wp-json\/wp\/v2\/posts"}],"about":[{"href":"https:\/\/www.europesays.com\/es\/wp-json\/wp\/v2\/types\/post"}],"author":[{"embeddable":true,"href":"https:\/\/www.europesays.com\/es\/wp-json\/wp\/v2\/users\/2"}],"replies":[{"embeddable":true,"href":"https:\/\/www.europesays.com\/es\/wp-json\/wp\/v2\/comments?post=112512"}],"version-history":[{"count":0,"href":"https:\/\/www.europesays.com\/es\/wp-json\/wp\/v2\/posts\/112512\/revisions"}],"wp:featuredmedia":[{"embeddable":true,"href":"https:\/\/www.europesays.com\/es\/wp-json\/wp\/v2\/media\/112513"}],"wp:attachment":[{"href":"https:\/\/www.europesays.com\/es\/wp-json\/wp\/v2\/media?parent=112512"}],"wp:term":[{"taxonomy":"category","embeddable":true,"href":"https:\/\/www.europesays.com\/es\/wp-json\/wp\/v2\/categories?post=112512"},{"taxonomy":"post_tag","embeddable":true,"href":"https:\/\/www.europesays.com\/es\/wp-json\/wp\/v2\/tags?post=112512"}],"curies":[{"name":"wp","href":"https:\/\/api.w.org\/{rel}","templated":true}]}}