{"id":112520,"date":"2025-09-13T15:35:14","date_gmt":"2025-09-13T15:35:14","guid":{"rendered":"https:\/\/www.europesays.com\/es\/112520\/"},"modified":"2025-09-13T15:35:14","modified_gmt":"2025-09-13T15:35:14","slug":"de-su-traumatico-divorcio-a-encontrar-el-amor-con-alexia-pla","status":"publish","type":"post","link":"https:\/\/www.europesays.com\/es\/112520\/","title":{"rendered":"de su traum\u00e1tico divorcio, a encontrar el amor con Alexia Pla"},"content":{"rendered":"<p><a href=\"https:\/\/okdiario.com\/look\/actualidad\/joaquin-prat-anuncia-boda-alexia-pla-gustaria-ser-padre-2375744\" rel=\"nofollow noopener\" target=\"_blank\">Joaqu\u00edn Prat<\/a> y<strong> Alexia Pla<\/strong> acaban de anunciar su compromiso, y es que la pareja est\u00e1 decidida a dar el gran paso despu\u00e9s de m\u00e1s de tres a\u00f1os juntos. Pese a que han llevado su vida personal con una gran discreci\u00f3n, el presentador tendr\u00eda muchas ganas de casarse e incluso formar una familia, seg\u00fan afirma en la revista \u00a1Hola! \u00abQuiero casarme y me gustar\u00eda ser padre con ella. Esto lo saben todos nuestros amigos\u00bb, asegura Prat.\u00a0<strong>\u00abEs la mejor persona que he conocido. Es la familia que he elegido\u00bb<\/strong>, remarca emocionado.<\/p>\n<p>Lo que tambi\u00e9n coincide con el gran salto profesional que ha dado a las tardes de Telecinco. \u00abEste nuevo programa de Telecinco tiene actualidad, entretenimiento y\u00a0reality, que nadie los hace como Mediaset. Luego, vamos a estar mucho en la calle\u00bb, detalla sobre El tiempo justo.\u00a0<\/p>\n<p>\n<img decoding=\"async\" loading=\"lazy\" class=\"wp-image-2375834 size-full\" alt=\"Joaqu\u00edn Prat, Alexia Pla\" width=\"1800\" height=\"1013\"  src=\"https:\/\/www.europesays.com\/es\/wp-content\/uploads\/2025\/09\/1757554452_849_placeholder.jpg\"  bad-src=\"https:\/\/www.europesays.com\/es\/wp-content\/uploads\/2025\/09\/1757554452_849_placeholder.jpg\"\/><\/p>\n<p><img decoding=\"async\" loading=\"lazy\" class=\"wp-image-2375834 size-full\" src=\"https:\/\/www.europesays.com\/es\/wp-content\/uploads\/2025\/09\/jprat.jpg\" alt=\"Joaqu\u00edn Prat, Alexia Pla\" width=\"1800\" height=\"1013\"  \/><\/p>\n<p> Joaqu\u00edn Prat y Alexia Pla. (Foto: Instagram)\n<\/p>\n<p>Quienes conocen a la pareja, aseguran que Joaqu\u00edn est\u00e1 realmente encantado con su novia <strong>\u00abEs una chica encantadora y sin ganas de tener el protagonismo\u00bb<\/strong>, y es que a ambos les gusta la tranquilidad y no verse expuestos en el foco medi\u00e1tico. Adem\u00e1s, este amor habr\u00eda ayudado al presentador a superar su \u00abtraum\u00e1tico\u00bb divorcio con Yolanda Bravo, con la que tiene un hijo en com\u00fan.<\/p>\n<p>La \u00abtraum\u00e1tica\u00bb ruptura de Joaqu\u00edn Prat y Yolanda Bravo<\/p>\n<p>As\u00ed lo confesaba el propio Prat durante su intervenci\u00f3n en el programa de Jes\u00fas Calleja. \u00ab<strong>Las cosas a veces no funcionan. Ya me hubiera gustado a m\u00ed que funcionaran. Ha sido muy traum\u00e1tico<\/strong>. Pero si se toma esa decisi\u00f3n es porque piensas que es lo mejor para los dos ya para la gente que te rodea\u00bb.<\/p>\n<p>\n<img decoding=\"async\" loading=\"lazy\" class=\"wp-image-1994852 size-full\" alt=\"cumplea\u00f1os Joaqu\u00edn Prat, Joaquin Prat novia, Joaqu\u00edn Prat, Joaqu\u00edn Prat programa, Vamos a ver\" width=\"1800\" height=\"1200\"  src=\"https:\/\/www.europesays.com\/es\/wp-content\/uploads\/2025\/09\/1757554452_849_placeholder.jpg\"  bad-src=\"https:\/\/www.europesays.com\/es\/wp-content\/uploads\/2025\/09\/1757554452_849_placeholder.jpg\"\/><\/p>\n<p><img decoding=\"async\" loading=\"lazy\" class=\"wp-image-1994852 size-full\" src=\"https:\/\/www.europesays.com\/es\/wp-content\/uploads\/2025\/09\/joaquinyolanda.jpg\" alt=\"cumplea\u00f1os Joaqu\u00edn Prat, Joaquin Prat novia, Joaqu\u00edn Prat, Joaqu\u00edn Prat programa, Vamos a ver\" width=\"1800\" height=\"1200\"  \/><\/p>\n<p> El presentador Joaquin Prat con su ex mujer Yolanda Bravo durante la boda de Andrea Gutiez y de Javier G\u00f3mez Vidal en Madrid. (Foto: Gtres)\n<\/p>\n<p>Sin embargo, parece que Joaqu\u00edn procur\u00f3 tomarse la situaci\u00f3n como un proceso de \u00abaprendizaje\u00bb, enfoc\u00e1ndolo al presente y al futuro. De hecho, parece que no llegaron a pasar por el altar, por lo que el arreglo de papeles fue bastante f\u00e1cil. Una ruptura que se llevaba a cabo de manera respetuosa, sobre todo <strong>pensando en el\u00a0 bienestar del peque\u00f1o Joaqu\u00edn, que ahora tiene 10 a\u00f1os<\/strong>.<\/p>\n<p>\u00abTengo al pr\u00edncipe, que adora a mam\u00e1, adora a pap\u00e1 y afortunadamente tiene una mam\u00e1 y un pap\u00e1 que le quieren much\u00edsimo\u00bb, remarcaba Prat muy orgulloso. Y es que<a href=\"https:\/\/okdiario.com\/look\/actualidad\/reproche-joaquin-prat-isa-pantoja-nacimiento-hijo-olvido-despedirse-2322523\" rel=\"nofollow noopener\" target=\"_blank\"> \u00e9l tambi\u00e9n mantiene una gran relaci\u00f3n con los tres hijos de su expareja<\/a>, a los que conoci\u00f3 cuando todav\u00eda eran muy peque\u00f1os, -con cuatro y siete a\u00f1os respectivamente-.<\/p>\n<p>\n<img decoding=\"async\" loading=\"lazy\" class=\"wp-image-2061522 size-full\" alt=\"Joaqu\u00edn Prat, Alexia Pla, concierto Luis Miguel Joaqu\u00edn Prat\" width=\"1800\" height=\"1013\"  src=\"https:\/\/www.europesays.com\/es\/wp-content\/uploads\/2025\/09\/1757554452_849_placeholder.jpg\"  bad-src=\"https:\/\/www.europesays.com\/es\/wp-content\/uploads\/2025\/09\/1757554452_849_placeholder.jpg\"\/><\/p>\n<p><img decoding=\"async\" loading=\"lazy\" class=\"wp-image-2061522 size-full\" src=\"https:\/\/www.europesays.com\/es\/wp-content\/uploads\/2025\/09\/concierto.jpg\" alt=\"Joaqu\u00edn Prat, Alexia Pla, concierto Luis Miguel Joaqu\u00edn Prat\" width=\"1800\" height=\"1013\"  \/><\/p>\n<p> Joaqu\u00edn Prat y Alexia Pla en el concierto de Luis Miguel en el Santiago Bernab\u00e9u de Madrid. (Foto: Gtres)\n<\/p>\n<p>Lo cierto es que Prat siempre ha afirmado que le gustar\u00eda compartir su vida con otra persona. <strong>\u00abLa soledad me asustaba, pero ahora ya no. Ahora me est\u00e1 empezando a gustar\u00bb<\/strong>, argumentaba respecto a su solter\u00eda. Una soledad que ya no existe, ya que por fin ha encontrado el amor en Alexa Pla. La pareja comenzaba a salir en noviembre de 2022, momento en el que conocimos a la enfermera y directora de un centro de medicina est\u00e9tica. Y lo cierto en que todo ese tiempo, Joaqu\u00edn no ha dudado en hablar maravillas sobre su pareja, con la que tendr\u00eda muchas ganas de darse el \u00abs\u00ed quiero\u00bb.<\/p>\n","protected":false},"excerpt":{"rendered":"Joaqu\u00edn Prat y Alexia Pla acaban de anunciar su compromiso, y es que la pareja est\u00e1 decidida a&hellip;\n","protected":false},"author":2,"featured_media":112521,"comment_status":"","ping_status":"","sticky":false,"template":"","format":"standard","meta":{"footnotes":""},"categories":[174],"tags":[255,146,147,25,24,256,8494,23],"class_list":{"0":"post-112520","1":"post","2":"type-post","3":"status-publish","4":"format-standard","5":"has-post-thumbnail","7":"category-famosos","8":"tag-celebrities","9":"tag-entertainment","10":"tag-entretenimiento","11":"tag-es","12":"tag-espana","13":"tag-famosos","14":"tag-joaquin-prat","15":"tag-spain"},"share_on_mastodon":{"url":"","error":""},"_links":{"self":[{"href":"https:\/\/www.europesays.com\/es\/wp-json\/wp\/v2\/posts\/112520","targetHints":{"allow":["GET"]}}],"collection":[{"href":"https:\/\/www.europesays.com\/es\/wp-json\/wp\/v2\/posts"}],"about":[{"href":"https:\/\/www.europesays.com\/es\/wp-json\/wp\/v2\/types\/post"}],"author":[{"embeddable":true,"href":"https:\/\/www.europesays.com\/es\/wp-json\/wp\/v2\/users\/2"}],"replies":[{"embeddable":true,"href":"https:\/\/www.europesays.com\/es\/wp-json\/wp\/v2\/comments?post=112520"}],"version-history":[{"count":0,"href":"https:\/\/www.europesays.com\/es\/wp-json\/wp\/v2\/posts\/112520\/revisions"}],"wp:featuredmedia":[{"embeddable":true,"href":"https:\/\/www.europesays.com\/es\/wp-json\/wp\/v2\/media\/112521"}],"wp:attachment":[{"href":"https:\/\/www.europesays.com\/es\/wp-json\/wp\/v2\/media?parent=112520"}],"wp:term":[{"taxonomy":"category","embeddable":true,"href":"https:\/\/www.europesays.com\/es\/wp-json\/wp\/v2\/categories?post=112520"},{"taxonomy":"post_tag","embeddable":true,"href":"https:\/\/www.europesays.com\/es\/wp-json\/wp\/v2\/tags?post=112520"}],"curies":[{"name":"wp","href":"https:\/\/api.w.org\/{rel}","templated":true}]}}