{"id":112522,"date":"2025-09-13T15:36:21","date_gmt":"2025-09-13T15:36:21","guid":{"rendered":"https:\/\/www.europesays.com\/es\/112522\/"},"modified":"2025-09-13T15:36:21","modified_gmt":"2025-09-13T15:36:21","slug":"jesus-garcia-calero-banksy-no-hay-prisa","status":"publish","type":"post","link":"https:\/\/www.europesays.com\/es\/112522\/","title":{"rendered":"Jes\u00fas Garc\u00eda Calero: Banksy, no hay prisa"},"content":{"rendered":"<p class=\"voc-pretitle\">\n<p>palabras contadas\n<\/p>\n<p>Todo es representaci\u00f3n ensayada y alimenta a los epistem\u00f3logos del &#8216;scroll&#8217; infinito<\/p>\n<p><img fetchpriority=\"high\" class=\"voc-img\" src=\"https:\/\/www.europesays.com\/es\/wp-content\/uploads\/2025\/09\/Banksy-Rtt75DxBgqgEPwoV4jnme1O-1200x840@diario_abc.jpg\" loading=\"eager\" decoding=\"async\" alt=\"Banksy, no hay prisa\" width=\"1200\" height=\"840\"\/><\/p>\n<p><img loading=\"lazy\" decoding=\"async\" class=\"voc-about-author__img\" src=\"https:\/\/www.europesays.com\/es\/wp-content\/uploads\/2025\/09\/autor-1423-avatar-opinion.webp\" width=\"170\" height=\"170\" alt=\"Jes\u00fas Garc\u00eda Calero\"\/><\/p>\n<p class=\"voc-p\" style=\"\">Lejos est\u00e1 el d\u00eda de 2005 en el que un joven y travieso grafitero conocido como <a href=\"https:\/\/historia-arte.com\/artistas\/banksy\" target=\"_self\" data-voc-vtm-id=\"in-text-traffic\" title=\"Banksy\" data-mrf-link=\"historia-arte.com\" rel=\"nofollow noopener\">Banksy<\/a> colg\u00f3 en una sala del Museo Brit\u00e1nico un adoqu\u00edn sobre el que hab\u00eda pintado un hombre rupestre empujando un carrito de s\u00faper. Con acciones atrevidas y activismo  &#8230; afilado se hizo tan famoso que, pasados veinte a\u00f1os, es un artista medular del sistema capitalista y se ha ganado una ventana propia en el mercado del arte que no hace ascos a franquicias o museos propios. Y al mismo tiempo permanece como el h\u00e9roe callejero de la cr\u00edtica radical del sistema y el palad\u00edn de las \u2018buenas causas\u2019. <\/p>\n<p class=\"voc-p\" style=\"\">Hace unos d\u00edas pint\u00f3 frente a la sede judicial de Londres a un juez atacando a un manifestante, para denunciar la supuesta represi\u00f3n judicial frente al activismo propalestino. Volvi\u00f3 a hacer mucho ruido. Banksy <a href=\"https:\/\/www.abc.es\/cultura\/mural-banksy-tribunal-superior-londres-denunciado-dano-20250910112724-nt.html\" target=\"_self\" data-voc-vtm-id=\"in-text-traffic\" title=\"sab\u00eda que la travesura acabar\u00eda en el borrado de la \u2018pintada\u2019 en un edificio protegido\" data-mrf-link=\"www.abc.es\" rel=\"nofollow noopener\">sab\u00eda que la travesura acabar\u00eda en el borrado de la \u2018pintada\u2019 en un edificio protegido<\/a>. La provocaci\u00f3n siempre es, a la vez, medida y desmedida. <\/p>\n<p class=\"voc-p\" style=\"\">Como narra Carlos Gran\u00e9s en \u2018<a href=\"https:\/\/www.penguinlibros.com\/es\/economia-politica-y-actualidad\/391213-libro-el-rugido-de-nuestro-tiempo-9788430623693?srsltid=AfmBOoo_sDP4EUUhG3jEe0UrWCspPZdVMilDusXjVqabPGmUIaogz4U_\" target=\"_self\" data-voc-vtm-id=\"in-text-traffic\" title=\"El rugido de nuestro tiempo\u2019\" data-mrf-link=\"www.penguinlibros.com\" rel=\"nofollow noopener\">El rugido de nuestro tiempo\u2019<\/a> algo parecido le pas\u00f3 a Damien Hirst, aquel \u2018enfant terrible\u2019 que aserraba cebras y tiburones en formol y que, cuando el mundo cambi\u00f3 de \u2018buenas\u2019 causas, ya ten\u00eda asegurada su fortuna como consecuencia. Todo es representaci\u00f3n ensayada y alimenta a los epistem\u00f3logos del \u2018scroll\u2019 infinito. <\/p>\n<p class=\"voc-p\" style=\"\">Puede que la fusi\u00f3n de arte y activismo nunca tenga fin. Pero, \u00bfqu\u00e9 ocurre cuando la causa se impone al arte porque es la que domina el sistema? \u00bfCuando volver\u00e1 un pensamiento cr\u00edtico que incluya al pensamiento cr\u00edtico como objeto de cr\u00edtica? No hay prisa.<\/p>\n<p><img loading=\"lazy\" decoding=\"async\" width=\"530\" height=\"64\" class=\"logo-premium\" src=\"data:image\/gif;base64,R0lGODlhAQABAAAAACH5BAEKAAEALAAAAAABAAEAAAICTAEAOw==\" alt=\"ABC Premium\"\/><br \/>\nL\u00edmite de sesiones alcanzadas<\/p>\n<ul class=\"listado\">\n<li>El acceso al contenido Premium est\u00e1 abierto por cortes\u00eda del establecimiento donde te encuentras, pero ahora mismo hay demasiados usuarios conectados a la vez. Por favor, int\u00e9ntalo pasados unos minutos.<\/li>\n<\/ul>\n<p>Volver a intentar<\/p>\n<p><img loading=\"lazy\" decoding=\"async\" width=\"530\" height=\"64\" class=\"logo-premium\" src=\"data:image\/gif;base64,R0lGODlhAQABAAAAACH5BAEKAAEALAAAAAABAAEAAAICTAEAOw==\" alt=\"ABC Premium\"\/><br \/>\nHas superado el l\u00edmite de sesiones<\/p>\n<ul class=\"listado\">\n<li>S\u00f3lo puedes tener tres sesiones iniciadas a la vez. Hemos cerrado la sesi\u00f3n m\u00e1s antigua para que sigas navegando sin l\u00edmites en el resto.<\/li>\n<\/ul>\n<p>Sigue navegando<\/p>\n<p>\nArt\u00edculo solo para suscriptores\n<\/p>\n<p>Reportar un error<\/p>\n","protected":false},"excerpt":{"rendered":"palabras contadas Todo es representaci\u00f3n ensayada y alimenta a los epistem\u00f3logos del &#8216;scroll&#8217; infinito Lejos est\u00e1 el d\u00eda&hellip;\n","protected":false},"author":2,"featured_media":112523,"comment_status":"","ping_status":"","sticky":false,"template":"","format":"standard","meta":{"footnotes":""},"categories":[173],"tags":[229,233,231,230,19696,232,234,146,147,25,24,3752,23],"class_list":{"0":"post-112522","1":"post","2":"type-post","3":"status-publish","4":"format-standard","5":"has-post-thumbnail","7":"category-arte-y-diseno","8":"tag-arte","9":"tag-arte-y-diseno","10":"tag-arts","11":"tag-arts-and-design","12":"tag-banksy","13":"tag-design","14":"tag-diseno","15":"tag-entertainment","16":"tag-entretenimiento","17":"tag-es","18":"tag-espana","19":"tag-prisa","20":"tag-spain"},"share_on_mastodon":{"url":"","error":""},"_links":{"self":[{"href":"https:\/\/www.europesays.com\/es\/wp-json\/wp\/v2\/posts\/112522","targetHints":{"allow":["GET"]}}],"collection":[{"href":"https:\/\/www.europesays.com\/es\/wp-json\/wp\/v2\/posts"}],"about":[{"href":"https:\/\/www.europesays.com\/es\/wp-json\/wp\/v2\/types\/post"}],"author":[{"embeddable":true,"href":"https:\/\/www.europesays.com\/es\/wp-json\/wp\/v2\/users\/2"}],"replies":[{"embeddable":true,"href":"https:\/\/www.europesays.com\/es\/wp-json\/wp\/v2\/comments?post=112522"}],"version-history":[{"count":0,"href":"https:\/\/www.europesays.com\/es\/wp-json\/wp\/v2\/posts\/112522\/revisions"}],"wp:featuredmedia":[{"embeddable":true,"href":"https:\/\/www.europesays.com\/es\/wp-json\/wp\/v2\/media\/112523"}],"wp:attachment":[{"href":"https:\/\/www.europesays.com\/es\/wp-json\/wp\/v2\/media?parent=112522"}],"wp:term":[{"taxonomy":"category","embeddable":true,"href":"https:\/\/www.europesays.com\/es\/wp-json\/wp\/v2\/categories?post=112522"},{"taxonomy":"post_tag","embeddable":true,"href":"https:\/\/www.europesays.com\/es\/wp-json\/wp\/v2\/tags?post=112522"}],"curies":[{"name":"wp","href":"https:\/\/api.w.org\/{rel}","templated":true}]}}