{"id":112536,"date":"2025-09-13T15:47:10","date_gmt":"2025-09-13T15:47:10","guid":{"rendered":"https:\/\/www.europesays.com\/es\/112536\/"},"modified":"2025-09-13T15:47:10","modified_gmt":"2025-09-13T15:47:10","slug":"al-menos-25-heridos-por-una-explosion-de-gas-en-un-local-de-madrid-noticias-de-madrid","status":"publish","type":"post","link":"https:\/\/www.europesays.com\/es\/112536\/","title":{"rendered":"Al menos 25 heridos por una explosi\u00f3n de gas en un local de Madrid | Noticias de Madrid"},"content":{"rendered":"<p class=\"\">Al menos 25 personas han resultado heridas, tres de ellas de gravedad y dos potencialmente graves, por una explosi\u00f3n de gas registrada este s\u00e1bado en un local de Puente de Vallecas, en Madrid, seg\u00fan los agentes presentes en el lugar. La detonaci\u00f3n, que ha ocurrido en torno a las 15.00 en la calle de Manuel Maroto, ha afectado al edificio de viviendas ubicado sobre el local y al bar Mis Tesoros, situado al lado. Los bomberos est\u00e1n realizando las tareas de desescombro a mano por la inestabilidad del edificio \u2014es peligroso meter maquinaria\u2014, que ha sido desalojado.<\/p>\n<p class=\"\">Los vecinos afirman que el local donde se ha producido la deflagraci\u00f3n se trata en realidad de un bajo \u201chabitado\u201d. La explosi\u00f3n ha echado abajo parte del portal colindante y una de las paredes del bar, por lo que las primeras informaciones apuntaban a una explosi\u00f3n en este \u00faltimo. <\/p>\n<p class=\"\">Las ambulancias del Samur que est\u00e1n atendiendo a la mayor parte de los heridos se han estacionado en el cercano parque Amos Acero. La polic\u00eda ha tenido que cortar el tr\u00e1fico en la zona y los agentes se encuentran regul\u00e1ndolo en las calles aleda\u00f1as.<\/p>\n<p class=\"\">(Noticia en desarrollo, habr\u00e1 ampliaci\u00f3n).<\/p>\n","protected":false},"excerpt":{"rendered":"Al menos 25 personas han resultado heridas, tres de ellas de gravedad y dos potencialmente graves, por una&hellip;\n","protected":false},"author":2,"featured_media":112537,"comment_status":"","ping_status":"","sticky":false,"template":"","format":"standard","meta":{"footnotes":""},"categories":[8],"tags":[17,18,1467,25,24,33292,13,14,11,11225,6799,19,20,205,9,10,15,16,23,257,12,21,22],"class_list":{"0":"post-112536","1":"post","2":"type-post","3":"status-publish","4":"format-standard","5":"has-post-thumbnail","7":"category-espana","8":"tag-breaking-news","9":"tag-breakingnews","10":"tag-comunidad-de-madrid","11":"tag-es","12":"tag-espana","13":"tag-explosiones","14":"tag-featured-news","15":"tag-featurednews","16":"tag-headlines","17":"tag-heridos","18":"tag-hosteleria","19":"tag-latest-news","20":"tag-latestnews","21":"tag-madrid","22":"tag-news","23":"tag-noticias","24":"tag-noticias-destacadas","25":"tag-noticiasdestacadas","26":"tag-spain","27":"tag-sucesos","28":"tag-titulares","29":"tag-ultimas-noticias","30":"tag-ultimasnoticias"},"share_on_mastodon":{"url":"","error":""},"_links":{"self":[{"href":"https:\/\/www.europesays.com\/es\/wp-json\/wp\/v2\/posts\/112536","targetHints":{"allow":["GET"]}}],"collection":[{"href":"https:\/\/www.europesays.com\/es\/wp-json\/wp\/v2\/posts"}],"about":[{"href":"https:\/\/www.europesays.com\/es\/wp-json\/wp\/v2\/types\/post"}],"author":[{"embeddable":true,"href":"https:\/\/www.europesays.com\/es\/wp-json\/wp\/v2\/users\/2"}],"replies":[{"embeddable":true,"href":"https:\/\/www.europesays.com\/es\/wp-json\/wp\/v2\/comments?post=112536"}],"version-history":[{"count":0,"href":"https:\/\/www.europesays.com\/es\/wp-json\/wp\/v2\/posts\/112536\/revisions"}],"wp:featuredmedia":[{"embeddable":true,"href":"https:\/\/www.europesays.com\/es\/wp-json\/wp\/v2\/media\/112537"}],"wp:attachment":[{"href":"https:\/\/www.europesays.com\/es\/wp-json\/wp\/v2\/media?parent=112536"}],"wp:term":[{"taxonomy":"category","embeddable":true,"href":"https:\/\/www.europesays.com\/es\/wp-json\/wp\/v2\/categories?post=112536"},{"taxonomy":"post_tag","embeddable":true,"href":"https:\/\/www.europesays.com\/es\/wp-json\/wp\/v2\/tags?post=112536"}],"curies":[{"name":"wp","href":"https:\/\/api.w.org\/{rel}","templated":true}]}}