{"id":112545,"date":"2025-09-13T15:54:13","date_gmt":"2025-09-13T15:54:13","guid":{"rendered":"https:\/\/www.europesays.com\/es\/112545\/"},"modified":"2025-09-13T15:54:13","modified_gmt":"2025-09-13T15:54:13","slug":"anunciado-el-calendario-de-la-copa-de-espana-elite-y-sub-23-2026","status":"publish","type":"post","link":"https:\/\/www.europesays.com\/es\/112545\/","title":{"rendered":"Anunciado el calendario de la Copa de Espa\u00f1a \u00e9lite y sub-23 2026"},"content":{"rendered":"<p><strong>Ya se conocen las pruebas y las fechas que compondr\u00e1n en 2026 la Copa de Espa\u00f1a de carretera \u00e9lite y sub-23.<\/strong><\/p>\n<p style=\"font-weight: 400;\">La RFEC ha anunciado la <a href=\"https:\/\/rfec.com\/index.php\/es\/smartweb\/seccion\/noticia\/rfec\/carretera\/59786-Calendario-de-la-Copa-de-Espana-elite-Sub23-y-la-Copa-de-Espana-Master-2026\" target=\"_blank\" rel=\"noopener nofollow\">aprobaci\u00f3n de la Comisi\u00f3n Delegada de las fechas y sedes de la Copa de Espa\u00f1a<\/a> de carretera \u00c9lite y Sub-23.<\/p>\n<ul>\n<li style=\"font-weight: 400;\">22 de febrero \/ 60 Circuito del Guadiana \/ Don Benito (Badajoz)<\/li>\n<li style=\"font-weight: 400;\">1 de marzo \/ Trofeo Guerrita \u2013 Memorial Juan Romero y Diego S\u00e1nchez \/ Alcantarilla (Murcia)<\/li>\n<li style=\"font-weight: 400;\">7 de marzo \/ XIII Rutas Xacobeas \u2013 Copa Espa\u00f1a 2025 \/ Padr\u00f3n (A Coru\u00f1a)<\/li>\n<li style=\"font-weight: 400;\">22 de marzo \/ LXXII G. P. Primavera de Ontur \u2013 Diputaci\u00f3n de Albacete \/ Ontur (Albacete)<\/li>\n<li style=\"font-weight: 400;\">29 de marzo \/ Memorial Txomin Perurena \u2013 P. Alkorta XXI Aiztondo Klasika \/ Asteasu (Guip\u00fazcoa)<\/li>\n<li style=\"font-weight: 400;\">19 de abril \/ XLII Cl\u00e1sica Ciudad de Torredonjimeno \/ Torredonjimeno (Ja\u00e9n)<\/li>\n<li style=\"font-weight: 400;\">26 de abril \/ XV Cl\u00e1sica Valladolid Memorial \u00c1ngel Lozano y Jes\u00fas Nieto \/ Valladolid<\/li>\n<li style=\"font-weight: 400;\">1 de mayo \/ XCII Santikutz Klasika \/ Legazpi (Guip\u00fazcoa)<\/li>\n<li style=\"font-weight: 400;\">3 de mayo \/ 55 Memorial Valenciaga \/ Eibar (Guip\u00fazcoa)<\/li>\n<li style=\"font-weight: 400;\">10 de mayo \/ Pissei \u2013 Memorial Pascual Momparler \/ Villanueva de Castell\u00f3n (Valencia)<\/li>\n<li style=\"font-weight: 400;\">17 de mayo \/ VI Vigo Copa Espa\u00f1a \/ Vigo (Pontevedra)<\/li>\n<\/ul>\n<p>Como cambios principales en la competici\u00f3n, las Rutas Xacobeas de Padr\u00f3n pasan a disputarse en marzo, concretamente el d\u00eda 7 (dos meses antes de lo habitual en temporadas anteriores, cuando coincid\u00eda en el fin de semana de cierre de la competici\u00f3n en Galicia) y la Aiztondo Klasika tambi\u00e9n cambia de fecha para situarse a finales del mes de marzo.<\/p>\n","protected":false},"excerpt":{"rendered":"Ya se conocen las pruebas y las fechas que compondr\u00e1n en 2026 la Copa de Espa\u00f1a de carretera&hellip;\n","protected":false},"author":2,"featured_media":112546,"comment_status":"","ping_status":"","sticky":false,"template":"","format":"standard","meta":{"footnotes":""},"categories":[273],"tags":[313,312,168,25,24,23,167],"class_list":{"0":"post-112545","1":"post","2":"type-post","3":"status-publish","4":"format-standard","5":"has-post-thumbnail","7":"category-ciclismo","8":"tag-ciclismo","9":"tag-cycling","10":"tag-deportes","11":"tag-es","12":"tag-espana","13":"tag-spain","14":"tag-sports"},"share_on_mastodon":{"url":"","error":""},"_links":{"self":[{"href":"https:\/\/www.europesays.com\/es\/wp-json\/wp\/v2\/posts\/112545","targetHints":{"allow":["GET"]}}],"collection":[{"href":"https:\/\/www.europesays.com\/es\/wp-json\/wp\/v2\/posts"}],"about":[{"href":"https:\/\/www.europesays.com\/es\/wp-json\/wp\/v2\/types\/post"}],"author":[{"embeddable":true,"href":"https:\/\/www.europesays.com\/es\/wp-json\/wp\/v2\/users\/2"}],"replies":[{"embeddable":true,"href":"https:\/\/www.europesays.com\/es\/wp-json\/wp\/v2\/comments?post=112545"}],"version-history":[{"count":0,"href":"https:\/\/www.europesays.com\/es\/wp-json\/wp\/v2\/posts\/112545\/revisions"}],"wp:featuredmedia":[{"embeddable":true,"href":"https:\/\/www.europesays.com\/es\/wp-json\/wp\/v2\/media\/112546"}],"wp:attachment":[{"href":"https:\/\/www.europesays.com\/es\/wp-json\/wp\/v2\/media?parent=112545"}],"wp:term":[{"taxonomy":"category","embeddable":true,"href":"https:\/\/www.europesays.com\/es\/wp-json\/wp\/v2\/categories?post=112545"},{"taxonomy":"post_tag","embeddable":true,"href":"https:\/\/www.europesays.com\/es\/wp-json\/wp\/v2\/tags?post=112545"}],"curies":[{"name":"wp","href":"https:\/\/api.w.org\/{rel}","templated":true}]}}