{"id":112549,"date":"2025-09-13T15:56:07","date_gmt":"2025-09-13T15:56:07","guid":{"rendered":"https:\/\/www.europesays.com\/es\/112549\/"},"modified":"2025-09-13T15:56:07","modified_gmt":"2025-09-13T15:56:07","slug":"el-eurobasket-de-las-sorpresas-tras-eslovenia-serbia-y-francia-tambien-cae-grecia","status":"publish","type":"post","link":"https:\/\/www.europesays.com\/es\/112549\/","title":{"rendered":"El Eurobasket de las sorpresas: tras Eslovenia, Serbia y Francia, tambi\u00e9n cae Grecia"},"content":{"rendered":"<p>El <strong>Eurobasket 2025 <\/strong>pasar\u00e1 a la historia como uno de los m\u00e1s imprevisibles y emocionantes de las \u00faltimas d\u00e9cadas. A las tempranas eliminaciones de potencias como Francia, Serbia y Eslovenia, se suma ahora la<strong> sorprendente derrota (68-94) de Grecia en semifinales ante Turqu\u00eda<\/strong>, que firm\u00f3 una gesta memorable para alcanzar la final del torneo continental.<\/p>\n<p>El combinado heleno, liderado por <strong>Giannis Antetokounmpo<\/strong>, llegaba como uno de los grandes favoritos al t\u00edtulo tras su s\u00f3lida trayectoria en la fase de grupos y unos cruces convincentes en octavos y cuartos. Sin embargo, se top\u00f3 con una Turqu\u00eda valiente, disciplinada y con una fe inquebrantable, que logr\u00f3 imponerse en un partido el\u00e9ctrico disputado en Riga.<\/p>\n<p>Un triunfo coral<\/p>\n<p>El equipo otomano, con <strong>Cedi Osman <\/strong>y<strong> Alperen \u015eeng\u00fcn<\/strong> como principales referencias, exhibi\u00f3 un baloncesto coral, capaz de frenar el poder\u00edo f\u00edsico griego y castigar con triples certeros en los momentos decisivos.<\/p>\n<p>Turqu\u00eda, que no alcanzaba una final europea desde 2001 \u2014entonces perdi\u00f3 contra la extinta YUgoslavia por 78-69\u2014, se ha convertido en <strong>la gran revelaci\u00f3n del campeonato<\/strong>, desafiando todos los pron\u00f3sticos y devolviendo la ilusi\u00f3n a una afici\u00f3n que llevaba a\u00f1os esperando un salto de calidad.<\/p>\n<p>La derrota supone un duro golpe para Grecia, que ve\u00eda en este Eurobasket la oportunidad de volver a la cima continental dos d\u00e9cadas despu\u00e9s de su \u00faltimo t\u00edtulo (2005). Pese al esfuerzo de Antetokounmpo, que firm\u00f3 12 puntos, 12 rebotes y 5 asistencias, el combinado heleno se vio superado en intensidad y perdi\u00f3 frescura en el tramo final, donde Turqu\u00eda <strong>supo manejar mejor los nervios<\/strong>.<\/p>\n<p>Torneo imprevisible<\/p>\n<p>Con Francia y Serbia eliminadas en octavos de final, y con Eslovenia de <strong>Luka Doncic<\/strong> cayendo en cuartos, el adi\u00f3s de Grecia confirma que este Eurobasket se ha convertido en el campeonato de las sorpresas.<\/p>\n<p>La selecci\u00f3n dirigida por Ergin Ataman disputar\u00e1 la gran final contra Alemania \u2014verdugo de la selecci\u00f3n finlandesa con una victoria por 98-86\u2014 en busca de un t\u00edtulo que nunca ha conquistado. Pase lo que pase en la \u00faltima cita, Turqu\u00eda ya ha hecho historia en un Eurobasket marcado por la ca\u00edda de gigantes y el ascenso inesperado de selecciones que, hasta ahora, hab\u00edan permanecido en un segundo plano.<\/p>\n","protected":false},"excerpt":{"rendered":"El Eurobasket 2025 pasar\u00e1 a la historia como uno de los m\u00e1s imprevisibles y emocionantes de las \u00faltimas&hellip;\n","protected":false},"author":2,"featured_media":112550,"comment_status":"","ping_status":"","sticky":false,"template":"","format":"standard","meta":{"footnotes":""},"categories":[269],"tags":[1660,299,298,168,25,7860,24,301,2023,23,167,8584],"class_list":{"0":"post-112549","1":"post","2":"type-post","3":"status-publish","4":"format-standard","5":"has-post-thumbnail","7":"category-baloncesto","8":"tag-alemania","9":"tag-baloncesto","10":"tag-basketball","11":"tag-deportes","12":"tag-es","13":"tag-eslovenia","14":"tag-espana","15":"tag-eurobasket","16":"tag-grecia","17":"tag-spain","18":"tag-sports","19":"tag-turquia"},"share_on_mastodon":{"url":"","error":""},"_links":{"self":[{"href":"https:\/\/www.europesays.com\/es\/wp-json\/wp\/v2\/posts\/112549","targetHints":{"allow":["GET"]}}],"collection":[{"href":"https:\/\/www.europesays.com\/es\/wp-json\/wp\/v2\/posts"}],"about":[{"href":"https:\/\/www.europesays.com\/es\/wp-json\/wp\/v2\/types\/post"}],"author":[{"embeddable":true,"href":"https:\/\/www.europesays.com\/es\/wp-json\/wp\/v2\/users\/2"}],"replies":[{"embeddable":true,"href":"https:\/\/www.europesays.com\/es\/wp-json\/wp\/v2\/comments?post=112549"}],"version-history":[{"count":0,"href":"https:\/\/www.europesays.com\/es\/wp-json\/wp\/v2\/posts\/112549\/revisions"}],"wp:featuredmedia":[{"embeddable":true,"href":"https:\/\/www.europesays.com\/es\/wp-json\/wp\/v2\/media\/112550"}],"wp:attachment":[{"href":"https:\/\/www.europesays.com\/es\/wp-json\/wp\/v2\/media?parent=112549"}],"wp:term":[{"taxonomy":"category","embeddable":true,"href":"https:\/\/www.europesays.com\/es\/wp-json\/wp\/v2\/categories?post=112549"},{"taxonomy":"post_tag","embeddable":true,"href":"https:\/\/www.europesays.com\/es\/wp-json\/wp\/v2\/tags?post=112549"}],"curies":[{"name":"wp","href":"https:\/\/api.w.org\/{rel}","templated":true}]}}