{"id":112597,"date":"2025-09-13T16:33:09","date_gmt":"2025-09-13T16:33:09","guid":{"rendered":"https:\/\/www.europesays.com\/es\/112597\/"},"modified":"2025-09-13T16:33:09","modified_gmt":"2025-09-13T16:33:09","slug":"alarmantes-datos-para-albacete-y-preocupacion-elevada-albacete-afronta-un-cuello-de-botella-sin-precedentes","status":"publish","type":"post","link":"https:\/\/www.europesays.com\/es\/112597\/","title":{"rendered":"Alarmantes datos para Albacete y preocupaci\u00f3n elevada: \u201cAlbacete afronta un cuello de botella sin precedentes\u201d"},"content":{"rendered":"<p>Albacete y su provincia est\u00e1n saturadas. No hay ni un hueco libre. Nada de nada. Cero. No hay capacidad firme disponible. Es imposible atender nuevas demandas. No hay capacidad. Ante tales afirmaciones, la preocupaci\u00f3n y la alarma son elevadas en Albacete. Y ojo, que no hablamos de que no haya disponible ninguna habitaci\u00f3n para venir a la Feria este fin de semana sino que hablamos de algo mucho m\u00e1s grave, que impide que puedan implantarse nuevas f\u00e1bricas, ampliaciones industriales, desarrollos residenciales o nuevos puntos de recarga para coches el\u00e9ctricos. La red de distribuci\u00f3n el\u00e9ctrica espa\u00f1ola est\u00e1 saturada y en Albacete ni hay ni un solo megawatio disponible. Es como si Espa\u00f1a fuera una \u2018casa\u2019 y no quedara ya ni un enchufe libre para las necesidades el\u00e9ctricas futuras de Albacete. <\/p>\n<p>As\u00ed las cosas, la patronal el\u00e9ctrica Aelec constata la saturaci\u00f3n del 83,4% de la red de distribuci\u00f3n en Espa\u00f1a. En la provincia de Albacete, los datos del distribuidor i-DE reflejan cero capacidad firme disponible en todas sus subestaciones, lo que bloquea nuevas altas para industria, vivienda y recarga de veh\u00edculos el\u00e9ctricos.<\/p>\n<p><img loading=\"lazy\" decoding=\"async\" width=\"1200\" height=\"676\" src=\"https:\/\/www.europesays.com\/es\/wp-content\/uploads\/2025\/09\/luces-bombillas-.jpg\" alt=\"\" class=\"wp-image-1066134\"  \/>Bombillas en Albacete<\/p>\n<p>Un cuello de botella el\u00e9ctrico sin precedentes para Albacete<\/p>\n<p>Albacete afronta un <strong>cuello de botella el\u00e9ctrico sin precedentes<\/strong>. El documento oficial \u2018Datos mapa de capacidad demanda i-DE\u2019 \u2014publicado el pasado 9 de septiembre\u2014 registra <strong>0 MW de capacidad firme disponible<\/strong> en todos los puntos de conexi\u00f3n provinciales (ST Albacete, ST Almansa, ST La Roda, ST Romica, ST Santanas, entre otros). Con ese valor, <strong>no es posible admitir nuevas demandas<\/strong> hasta que se refuerce la red o se libere capacidad, seg\u00fan la metodolog\u00eda fijada por la CNMC.<\/p>\n<p>El diagn\u00f3stico local encaja con la <strong>alerta nacional<\/strong> emitida por Aelec: el <strong>83,4% de los nudos de la red de distribuci\u00f3n<\/strong> ya est\u00e1 saturado, lo que <strong>impide conectar nueva demanda<\/strong> (industrial, residencial o de movilidad el\u00e9ctrica) mientras no se acometan inversiones y cambios retributivos. ([aelec][1])<\/p>\n<p>Fuentes generalistas han explicado el alcance pr\u00e1ctico de esta saturaci\u00f3n: <strong>sin capacidad en los nudos, no pueden implantarse nuevas f\u00e1bricas, ampliaciones industriales, desarrollos residenciales ni puntos de recarga<\/strong> hasta que existan refuerzos o liberaciones de potencia.<\/p>\n<p>En Albacete, la <strong>ocupaci\u00f3n total<\/strong> consignada por i-DE supone que <strong>no hay margen para nuevas conexiones el\u00e9ctricas<\/strong> en las subestaciones de la provincia \u2014la columna de \u201ccapacidad firme disponible (MW)\u201d figura en <strong>cero<\/strong> en todas ellas\u2014, un escenario que <strong>de facto paraliza<\/strong> nuevos proyectos que requieran suministro firme.<\/p>\n<p>El <strong>Gobierno de Pedro S\u00e1nchez<\/strong> ha anunciado un <strong>plan de inversi\u00f3n<\/strong> en redes \u201413.590 millones en transporte hasta 2030 y una partida adicional prevista para distribuci\u00f3n\u2014 con el objetivo de aliviar la saturaci\u00f3n y dar acceso a grandes consumidores y a la nueva demanda residencial y de recarga. No obstante, el sector reclama <strong>m\u00e1s incentivos y rapidez<\/strong> regulatoria para que esas actuaciones se traduzcan en capacidad real en los nudos donde hoy no hay hueco.<\/p>\n<p><img loading=\"lazy\" decoding=\"async\" width=\"1200\" height=\"676\" src=\"https:\/\/www.europesays.com\/es\/wp-content\/uploads\/2025\/09\/EuropaPress_6847630_presidente_gobierno_pedro_sanchez_interviene_pleno_extraordinario_congreso.jpg\" alt=\"\" class=\"wp-image-1045049\"  \/>Pedro S\u00e1nchez \/ Foto: Eduardo Parra \u2013 Europa Press<\/p>\n<p><strong>Qu\u00e9 implica para Albacete, a corto plazo<\/strong><\/p>\n<p>Empresas que pretendan instalarse o ampliar consumo el\u00e9ctrico, promotores de vivienda y operadores de recarga <strong>se enfrentan a denegaciones o a esperas<\/strong> hasta que se ejecuten refuerzos o se libere capacidad ya concedida y no utilizada. Las distribuidoras publican estos mapas para orientar a la demanda y evitar solicitudes inviables; la foto es din\u00e1mica, pero <strong>a fecha de publicaci\u00f3n la provincia figura sin disponibilidad<\/strong>.<\/p>\n<p><img loading=\"lazy\" decoding=\"async\" width=\"1200\" height=\"1042\" src=\"https:\/\/www.europesays.com\/es\/wp-content\/uploads\/2025\/09\/1757781189_821_enchufe.jpg\" alt=\"\" class=\"wp-image-1066137\"  \/>Sin disponibilidad en Albacete<\/p>\n<p><strong>Contexto nacional<\/strong><\/p>\n<p>La saturaci\u00f3n se repite en gran parte del pa\u00eds y ha encendido las alarmas en el tejido productivo. Agencias y televisiones p\u00fablicas han recogido la advertencia del sector y la necesidad de acelerar inversiones y planificaci\u00f3n para no frenar la electrificaci\u00f3n y la llegada de proyectos estrat\u00e9gicos.<\/p>\n<p><strong>En resumen:<\/strong> Aelec habla de <strong>colapso<\/strong> en la distribuci\u00f3n y los <strong>mapas de i-DE confirman que Albacete est\u00e1 al 100% de ocupaci\u00f3n<\/strong>: hoy <strong>no hay capacidad firme para nuevas conexiones<\/strong> en la provincia. El desenlace depender\u00e1 de <strong>refuerzos de red y de decisiones regulatorias<\/strong> que permitan abrir nuevos huecos de acceso.<\/p>\n","protected":false},"excerpt":{"rendered":"Albacete y su provincia est\u00e1n saturadas. No hay ni un hueco libre. Nada de nada. Cero. No hay&hellip;\n","protected":false},"author":2,"featured_media":112598,"comment_status":"","ping_status":"","sticky":false,"template":"","format":"standard","meta":{"footnotes":""},"categories":[8],"tags":[2545,17,18,25,24,13,14,11,19,20,9,10,15,16,23,12,21,22],"class_list":{"0":"post-112597","1":"post","2":"type-post","3":"status-publish","4":"format-standard","5":"has-post-thumbnail","7":"category-espana","8":"tag-albacete","9":"tag-breaking-news","10":"tag-breakingnews","11":"tag-es","12":"tag-espana","13":"tag-featured-news","14":"tag-featurednews","15":"tag-headlines","16":"tag-latest-news","17":"tag-latestnews","18":"tag-news","19":"tag-noticias","20":"tag-noticias-destacadas","21":"tag-noticiasdestacadas","22":"tag-spain","23":"tag-titulares","24":"tag-ultimas-noticias","25":"tag-ultimasnoticias"},"share_on_mastodon":{"url":"","error":""},"_links":{"self":[{"href":"https:\/\/www.europesays.com\/es\/wp-json\/wp\/v2\/posts\/112597","targetHints":{"allow":["GET"]}}],"collection":[{"href":"https:\/\/www.europesays.com\/es\/wp-json\/wp\/v2\/posts"}],"about":[{"href":"https:\/\/www.europesays.com\/es\/wp-json\/wp\/v2\/types\/post"}],"author":[{"embeddable":true,"href":"https:\/\/www.europesays.com\/es\/wp-json\/wp\/v2\/users\/2"}],"replies":[{"embeddable":true,"href":"https:\/\/www.europesays.com\/es\/wp-json\/wp\/v2\/comments?post=112597"}],"version-history":[{"count":0,"href":"https:\/\/www.europesays.com\/es\/wp-json\/wp\/v2\/posts\/112597\/revisions"}],"wp:featuredmedia":[{"embeddable":true,"href":"https:\/\/www.europesays.com\/es\/wp-json\/wp\/v2\/media\/112598"}],"wp:attachment":[{"href":"https:\/\/www.europesays.com\/es\/wp-json\/wp\/v2\/media?parent=112597"}],"wp:term":[{"taxonomy":"category","embeddable":true,"href":"https:\/\/www.europesays.com\/es\/wp-json\/wp\/v2\/categories?post=112597"},{"taxonomy":"post_tag","embeddable":true,"href":"https:\/\/www.europesays.com\/es\/wp-json\/wp\/v2\/tags?post=112597"}],"curies":[{"name":"wp","href":"https:\/\/api.w.org\/{rel}","templated":true}]}}