{"id":112801,"date":"2025-09-13T18:44:14","date_gmt":"2025-09-13T18:44:14","guid":{"rendered":"https:\/\/www.europesays.com\/es\/112801\/"},"modified":"2025-09-13T18:44:14","modified_gmt":"2025-09-13T18:44:14","slug":"jone-a-veces-la-delicadeza-social-y-etica-de-una-joven-mujer-el-pais","status":"publish","type":"post","link":"https:\/\/www.europesays.com\/es\/112801\/","title":{"rendered":"\u2018Jone, a veces\u2019: la delicadeza social y \u00e9tica de una joven mujer &#8211; EL PA\u00cdS"},"content":{"rendered":"<ol>\n<li><a href=\"https:\/\/news.google.com\/rss\/articles\/CBMirAFBVV95cUxQMUtHQnhublVCT3BiQ3dPWDFUYUtPdEx6cm91enBjcXlmX0VUZTZPLTN6QURSVVFHYWtVaWRiQlVmNDhBUGZOMzNUT29sMVV3UFBxV0FIb0hsaTladWJrMWdqaTdhcy1pVzlYQ09aVU1BNjNxejZ4ZTVsU3ZpYV9JNTRwcDA2YlJBTUY4bTJMbEdNTmlpU3l2MlExSXdac2I4V01SQWRJTExBSFJt?oc=5\" target=\"_blank\" rel=\"nofollow noopener\">\u2018Jone, a veces\u2019: la delicadeza social y \u00e9tica de una joven mujer<\/a>&nbsp;&nbsp;EL PA\u00cdS<\/li>\n<li><a href=\"https:\/\/news.google.com\/rss\/articles\/CBMiggFBVV95cUxNcFFvSUo5aGNua2hCR1dhRXg3YnNDeXRiMDVBakdibllRVEJQNmxaWW1pMC0zZGI3cFpTeEhaOGhfMlhkYWdJOC0xLTIxLTB2TXVVMVdSbG9EdHpBcUV3OEJfSzJyTnBKa2JoOUdnSmxrZXdOWm5HcW9idGZTVWlOUTRB0gGCAUFVX3lxTE16Rm5Ndjh1ZjI0TDRGR3RtY0FsaWtKdkJiZ3ZiVEdzVXBFTi1FcjJHQjhhX2NDWDBwNzRnTko1MEZIVFpPN0VSMmpfcjRGSzV4Rmp5U3kxTlJjTnBqZWRHZk11UldYY1lUSDBicnNuOTRIaGN4REFmV1lnTVBLYjB6ZXc?oc=5\" target=\"_blank\" rel=\"nofollow noopener\">Jone, a veces: El cine y los cuerpos que vibran (***)<\/a>&nbsp;&nbsp;El Mundo<\/li>\n<li><a href=\"https:\/\/news.google.com\/rss\/articles\/CBMifkFVX3lxTE05SXpSeVAtd3RIOUJtRkxSdHFLNm8yOWxzLXZrS0lURldNRG1NY3hFNnVvLWxmVGxrX0R5T2pGVEZVOF9EbjVwNEFaRDNVZE1tZlFab1F3VzY3VUxDVG9pV3BVNUgwb0lNcHp1b2Nma2pYb25iM25CQUVBRWQ4QQ?oc=5\" target=\"_blank\" rel=\"nofollow noopener\">Jone, a veces Tr\u00e1iler VOSE<\/a>&nbsp;&nbsp;SensaCine<\/li>\n<li><a href=\"https:\/\/news.google.com\/rss\/articles\/CBMimAFBVV95cUxPZ3BVamdtUTJWZnoycDh1UENTN1NMUDY3ZVZpU0tjN1Y0OWc2aVF4d0lsdy1BcjRMZHZOWk9DbWFRbmtjMzJic25CVW9kbjRvN1Z5RUxoNGg1SE94Y2t3a3lOejE5UV9Zb3hqLVpvUXJBV2dBUjRhdUJuMUV1TE1ZdWNMc0tXNG1JaHBKUTQ1Y0E1VXZfSzlSRw?oc=5\" target=\"_blank\" rel=\"nofollow noopener\">Jone, A veces: la pel\u00edcula l\u00e9sbica que nos recuerda c\u00f3mo fue el primer amor<\/a>&nbsp;&nbsp;mirales.es<\/li>\n<li><a href=\"https:\/\/news.google.com\/rss\/articles\/CBMi3gFBVV95cUxNZ3FCbTU5TVlJbkR5YkZpUkZSVVd2QkdJdFdTX1h3VldDX3YxUG9NRjhsdVhycklCeTd0UDgtTlRoVEJfSjRwY0JISFo0WlZrREhzVmM5d0VJcVI2a2F0ZnRDSUpsNUFsLUxXakstN3dZNkFTYlZIZEd3eEx4a0dyQy1tMGU5QVlhWjk3eFlJWEtTQ2h5b3RLQnRoQjNLUjdMZjNrSnh5em15UlMtS09xRXZkUkFpZzdhRlpmajJTaS04RGtSV0dfWTZtLVZCcEFBTkZDQjEzVzZVS0p1VVHSAeMBQVVfeXFMTnNOdnRManlCY0dUbEdQa0ctS3RUTHFZajR0X1VKaUU0QjFVR24tNEE1MDBzMXB4MjNGaEtiUGdHa0ZnbFVoWXdndklUWHpObHI3cGFiS0dUM19ZU19oNUR2eXZiTDJlWnJYQXNaZmxPaDFVRlNlVWhSeFNQN3oyaWszeUZHZXdqM1k1dlRMblMzWllweTJsSWxiWlFYWElXdzdBck04eThvRE85bE9sWk1oVnBJNjFPQmtXZWtkS3A1eVRlRU1FUEFVODA5UXNIclRHcDlXa1JFNU5iemF1SkVaMFE?oc=5\" target=\"_blank\" rel=\"nofollow noopener\">Sara Fantova: \u00abMi pel\u00edcula me representa como directora, como persona, como bilba\u00edna, bollera e hija\u00bb<\/a>&nbsp;&nbsp;El Espa\u00f1ol<\/li>\n<\/ol>\n","protected":false},"excerpt":{"rendered":"\u2018Jone, a veces\u2019: la delicadeza social y \u00e9tica de una joven mujer&nbsp;&nbsp;EL PA\u00cdS Jone, a veces: El cine&hellip;\n","protected":false},"author":2,"featured_media":112038,"comment_status":"","ping_status":"","sticky":false,"template":"","format":"standard","meta":{"footnotes":""},"categories":[169],"tags":[177,146,147,25,24,176,175,23],"class_list":{"0":"post-112801","1":"post","2":"type-post","3":"status-publish","4":"format-standard","5":"has-post-thumbnail","7":"category-cine","8":"tag-cine","9":"tag-entertainment","10":"tag-entretenimiento","11":"tag-es","12":"tag-espana","13":"tag-film","14":"tag-movies","15":"tag-spain"},"share_on_mastodon":{"url":"","error":""},"_links":{"self":[{"href":"https:\/\/www.europesays.com\/es\/wp-json\/wp\/v2\/posts\/112801","targetHints":{"allow":["GET"]}}],"collection":[{"href":"https:\/\/www.europesays.com\/es\/wp-json\/wp\/v2\/posts"}],"about":[{"href":"https:\/\/www.europesays.com\/es\/wp-json\/wp\/v2\/types\/post"}],"author":[{"embeddable":true,"href":"https:\/\/www.europesays.com\/es\/wp-json\/wp\/v2\/users\/2"}],"replies":[{"embeddable":true,"href":"https:\/\/www.europesays.com\/es\/wp-json\/wp\/v2\/comments?post=112801"}],"version-history":[{"count":0,"href":"https:\/\/www.europesays.com\/es\/wp-json\/wp\/v2\/posts\/112801\/revisions"}],"wp:featuredmedia":[{"embeddable":true,"href":"https:\/\/www.europesays.com\/es\/wp-json\/wp\/v2\/media\/112038"}],"wp:attachment":[{"href":"https:\/\/www.europesays.com\/es\/wp-json\/wp\/v2\/media?parent=112801"}],"wp:term":[{"taxonomy":"category","embeddable":true,"href":"https:\/\/www.europesays.com\/es\/wp-json\/wp\/v2\/categories?post=112801"},{"taxonomy":"post_tag","embeddable":true,"href":"https:\/\/www.europesays.com\/es\/wp-json\/wp\/v2\/tags?post=112801"}],"curies":[{"name":"wp","href":"https:\/\/api.w.org\/{rel}","templated":true}]}}