{"id":112813,"date":"2025-09-13T18:58:08","date_gmt":"2025-09-13T18:58:08","guid":{"rendered":"https:\/\/www.europesays.com\/es\/112813\/"},"modified":"2025-09-13T18:58:08","modified_gmt":"2025-09-13T18:58:08","slug":"vingegaard-vence-en-la-bola-del-mundo-despues-de-que-un-grupo-de-manifestantes-interrumpiera-al-peloton-a-18-kilometros-de-la-meta-ciclismo-deportes","status":"publish","type":"post","link":"https:\/\/www.europesays.com\/es\/112813\/","title":{"rendered":"Vingegaard vence en la Bola del Mundo despu\u00e9s de que un grupo de manifestantes interrumpiera al pelot\u00f3n a 18 kil\u00f3metros de la meta | Ciclismo | Deportes"},"content":{"rendered":"<p>Tras la entrada en escena del Alto del Le\u00f3n y, posteriormente, del Puerto de Navacerrada, poco a poco se iban seleccionado m\u00e1s y m\u00e1s ambos grupos, quedando finalmente el grupo de los favoritos tras los cinco que lograron marchar con ventaja a la cabeza, con Mikel Landa, Egan Bernal, Giulio Ciccone, Van der Lee y Bruno Armirail cuando se echaban encima sobre el segundo ascenso hacia Navacerrada con final en la Bola del Mundo.<\/p>\n","protected":false},"excerpt":{"rendered":"Tras la entrada en escena del Alto del Le\u00f3n y, posteriormente, del Puerto de Navacerrada, poco a poco&hellip;\n","protected":false},"author":2,"featured_media":112814,"comment_status":"","ping_status":"","sticky":false,"template":"","format":"standard","meta":{"footnotes":""},"categories":[273],"tags":[313,2838,1540,312,168,25,24,73,74,18264,23,167,7603],"class_list":{"0":"post-112813","1":"post","2":"type-post","3":"status-publish","4":"format-standard","5":"has-post-thumbnail","7":"category-ciclismo","8":"tag-ciclismo","9":"tag-ciclistas","10":"tag-competiciones","11":"tag-cycling","12":"tag-deportes","13":"tag-es","14":"tag-espana","15":"tag-franja-gaza","16":"tag-israel","17":"tag-protestas-sociales","18":"tag-spain","19":"tag-sports","20":"tag-vuelta-espana"},"share_on_mastodon":{"url":"","error":""},"_links":{"self":[{"href":"https:\/\/www.europesays.com\/es\/wp-json\/wp\/v2\/posts\/112813","targetHints":{"allow":["GET"]}}],"collection":[{"href":"https:\/\/www.europesays.com\/es\/wp-json\/wp\/v2\/posts"}],"about":[{"href":"https:\/\/www.europesays.com\/es\/wp-json\/wp\/v2\/types\/post"}],"author":[{"embeddable":true,"href":"https:\/\/www.europesays.com\/es\/wp-json\/wp\/v2\/users\/2"}],"replies":[{"embeddable":true,"href":"https:\/\/www.europesays.com\/es\/wp-json\/wp\/v2\/comments?post=112813"}],"version-history":[{"count":0,"href":"https:\/\/www.europesays.com\/es\/wp-json\/wp\/v2\/posts\/112813\/revisions"}],"wp:featuredmedia":[{"embeddable":true,"href":"https:\/\/www.europesays.com\/es\/wp-json\/wp\/v2\/media\/112814"}],"wp:attachment":[{"href":"https:\/\/www.europesays.com\/es\/wp-json\/wp\/v2\/media?parent=112813"}],"wp:term":[{"taxonomy":"category","embeddable":true,"href":"https:\/\/www.europesays.com\/es\/wp-json\/wp\/v2\/categories?post=112813"},{"taxonomy":"post_tag","embeddable":true,"href":"https:\/\/www.europesays.com\/es\/wp-json\/wp\/v2\/tags?post=112813"}],"curies":[{"name":"wp","href":"https:\/\/api.w.org\/{rel}","templated":true}]}}