{"id":112817,"date":"2025-09-13T19:00:16","date_gmt":"2025-09-13T19:00:16","guid":{"rendered":"https:\/\/www.europesays.com\/es\/112817\/"},"modified":"2025-09-13T19:00:16","modified_gmt":"2025-09-13T19:00:16","slug":"laso-academy-y-torrejon-se-jugaran-la-copa-vips-portada-noticias","status":"publish","type":"post","link":"https:\/\/www.europesays.com\/es\/112817\/","title":{"rendered":"Laso Academy y Torrej\u00f3n se jugar\u00e1n la Copa VIPS &#8211; PORTADA &#8211; NOTICIAS"},"content":{"rendered":"<p>La Copa VIPS es m\u00e1s que un ensayo general. Lo demostraron los cuatro equipos que disputaron las semifinales masculinas el s\u00e1bado por la ma\u00f1ana en el Antela Parada. Dos partidos marcados por la la emoci\u00f3n y la igualdad en el marcador que terminaron con las victorias de la Pablo Laso Academy ante el Veritas Pozuelo (78-72) y el Basket Torrej\u00f3n frente al Estudio (70-72).<\/p>\n<p><img decoding=\"async\" src=\"https:\/\/www.europesays.com\/es\/wp-content\/uploads\/2025\/09\/zoom-foto-51666.jpg\" style=\"width: 300px; display: block; margin-left: auto; margin-right: auto;\"\/><\/p>\n<p style=\"text-align: center;\"><strong>SEMIFINALES MASCULINAS<\/strong><\/p>\n<p style=\"text-align: center;\">Galer\u00eda de fotos Copa VIPS masculina<\/p>\n<p style=\"text-align: left;\"><strong>DAVID GONZ\u00c1LEZ \/ DPTO. DE COMUNICACI\u00d3N FBM<\/strong><strong><br \/>Fotos:\u00a0Roc\u00edo Ben\u00edtez<\/strong><\/p>\n<p><strong><br \/><\/strong><strong>Laso Academy 78 (25+19+13+19):\u00a0<\/strong>Ilhan David Ngamunguela (9), Jorge de la Morena (5), Jes\u00fas Vilas\u00e1nchez (4), Stefan Popa (11), \u00c1ngel G\u00f3mez (16) -cinco inicial-\u00a0Jaume Segu\u00ed (11), H\u00e9ctor Ruiz (3), Gonzalo de Bonrostro (2), Adri\u00e1n Marchal (5), Arturo Blanco-Argibay (4), Fabio Dom\u00ednguez (1), Toranosuke Kishida (7).<\/p>\n<p><strong>Veritas Pozuelo 72 (20+23+17+12):<\/strong>\u00a0El\u00edas Lombardi (6), Alejandro L\u00f3pez (3), Sergio Hebrero (2),\u00a0Precious Uzamere (16), Pablo L\u00f3pez (12) -cinco inicial-\u00a0Iker D\u00edaz, Eneko L\u00f3pez (2), Asier de la Iglesia (14), Alejandro Larena, Aitor Fern\u00e1ndez (9), Jaime Gil (3) y Carlos Guti\u00e9rrez (5).<\/p>\n<p><strong>\u00c1rbitros:<\/strong>\u00a0Ba\u00f1\u00f3n y Naos.<\/p>\n<p>Estad\u00edsticas en\u00a0la app\u00a0<strong>Afici\u00f3n FBM<\/strong><\/p>\n<p><a href=\"https:\/\/fbmtv.fbm.es\/es\/partido-306267\/laso-academy-vs-veritas-pozuelo\" target=\"_blank\" rel=\"nofollow noopener\">Partido completo<\/a> en FBMTV<\/p>\n<p><img decoding=\"async\" src=\"https:\/\/www.europesays.com\/es\/wp-content\/uploads\/2025\/09\/zoom-foto-61448.jpg\" alt=\"\" style=\"width: 300px; float: right;\"\/>La joven (y llena de talento) Laso Academy contra un Veritas Pozuelo renovado casi al cien por cien. La primera semifinal llegaba con las inc\u00f3gnitas propias de la pretemporada y como un importante test para dos equipos que enseguida mostraron sus armas: atrevimiento en la Laso Academy y un poderoso juego interior en el Veritas. Los j\u00f3venes jugadores de <strong>\u00c1ngel Navas<\/strong> mandaban por 9-4 a los dos minutos, aunque el triple de <strong>Pablo L\u00f3pez <\/strong>igual\u00f3 las cosas. El partido tom\u00f3 ritmo\u00a0enseguida, con ataques muy r\u00e1pidos, y el marcador no tard\u00f3 en apretarse (13-12 a 4:30)&#8230; hasta que un nuevo estir\u00f3n de la Laso Academy (parcial de 8-0) marc\u00f3 distancias y llev\u00f3 al\u00a025-20 del primer cuarto.<\/p>\n<p>Mucho ritmo y muchos puntos. El segundo partido mantuvo el tono de una semifinal m\u00e1s que entretenida. <strong>Asier de la Iglesia<\/strong>, uno de los pilares interiores del Veritas, acort\u00f3 distancias con un 2+1 y <strong>Aitor Fern\u00e1ndez<\/strong> empat\u00f3 con un robo. El Veritas hab\u00eda dado con la tecla: movilidad por fuera y contundencia por dentro. Mientras, la\u00a0Laso Academy segu\u00eda apostando por la velocidad y el descaro.\u00a0<strong>Stefan Popa <\/strong>(3+1) y <strong>\u00c1ngel G\u00f3mez <\/strong>(2+1) lanzaron a su equipo, que se puso en +9 (41-32), aunque una vez m\u00e1s el Veritas reaccion\u00f3 a tiempo y al descanso solo estaba uno abajo (44-43).<\/p>\n<p>Pese al mate de <strong>Jaume Segu\u00ed<\/strong> y la acci\u00f3n individual de <strong>David Ngamunguela<\/strong>, el equilibrio se mantuvo al comienzo del tercer cuarto. La Laso Academy intent\u00f3 repetir su comienzo de partido, pero esta vez su rival estaba preparado (50-51)&#8230; y adem\u00e1s ten\u00eda a <strong>Asier de la Iglesia<\/strong>, un seguro de vida bajo los aros. Por eso tom\u00f3 la delantera (53-57) provocando el tiempo muerto de <strong>\u00c1ngel Navas<\/strong>. Pese a las numerosas caras nuevas, el Veritas mostr\u00f3 su habitual solidez y lleg\u00f3 al \u00faltimo cuarto por delante: 57-60<\/p>\n<p><img decoding=\"async\" src=\"https:\/\/www.europesays.com\/es\/wp-content\/uploads\/2025\/09\/zoom-foto-61449.jpg\" style=\"width: 350px; display: block; margin-left: auto; margin-right: auto; height: 233px;\"\/><\/p>\n<p>Con una distancia m\u00ednima (que se estrech\u00f3 a\u00fan m\u00e1s al comienzo del \u00faltimo per\u00edodo), el partido promet\u00eda emoci\u00f3n. A 6:20, la Laso Academy hab\u00eda recuperado el mando, pero por estrecho margen (66-62, 68-64&#8230;). <strong>Arturo Blanco-Argibay<\/strong> dio m\u00e1s aire culminando una jugada marca de la casa y provoc\u00f3 el tiempo muerto de <strong>Rub\u00e9n S\u00e1nchez<\/strong>. La semifinal se acercaba a su momento decisivo.<strong> Blanco-Argibay <\/strong>repiti\u00f3 jugada,\u00a0<strong>Precious Uzamere<\/strong> estrech\u00f3 el cerco con un 2+1 y<strong> Adri\u00e1n Marchal <\/strong>volvi\u00f3 a lanzar a la Laso Academy con un triple (76-69 a 2:20) que allan\u00f3 el camino a la final pese a los intentos de\u00a0<strong>De la Iglesia,<\/strong>\u00a0MVP del partido con 19 de valoraci\u00f3n.<\/p>\n<p><strong><img decoding=\"async\" src=\"https:\/\/www.europesays.com\/es\/wp-content\/uploads\/2025\/09\/zoom-foto-57822.jpg\" style=\"width: 300px; display: block; margin-left: auto; margin-right: auto;\"\/><\/strong><\/p>\n<p><strong>Estudio 70 (16+23+18+13):<\/strong>\u00a0\u00d3scar Jim\u00e9nez (7), Diego Brice\u00f1o (8), Nicol\u00e1s Guti\u00e9rrez (8), Gonzalo P\u00e9rez (4), David Fern\u00e1ndez -cinco inicial-\u00a0Yago Homs (5), Telmo Corral (13), Diego Hernando (14), Horacio Morell (5) y Nicol\u00e1s Miret.<\/p>\n<p><strong>Basket Torrej\u00f3n 72 (20+17+20+15):<\/strong>\u00a0Marcos Hermosilla (11), Manuel Ch\u00e9rcoles (11), Javier S\u00e1nchez (16),\u00a0Rub\u00e9n Escanciano (12),\u00a0Francisco Abeso -cinco inicial-\u00a0Marco P\u00e9rez (9), Roberto Donaire (6), Luis Payas (1), David Sanz, \u00c1lvaro Fern\u00e1ndez y Claudio G\u00f3mez (6).<\/p>\n<p><strong>\u00c1rbitros:<\/strong>\u00a0Acu\u00f1a y Torrenteras.<\/p>\n<p>Estad\u00edsticas en <strong>Afici\u00f3n FBM<\/strong><\/p>\n<p><a href=\"https:\/\/fbmtv.fbm.es\/es\/partido-306268\/estudio-vs-basket-torrejon\" target=\"_blank\" rel=\"nofollow noopener\">Partido completo<\/a> en FBMTV<\/p>\n<p>La segunda plaza para la final se la jugaban un Estudio con novedades (empezando por <strong>Guillermo Ib\u00e1\u00f1ez<\/strong> en el banquillo) pero con el mismo estilo directo de siempre y un Basket Torrej\u00f3n que hab\u00eda ofrecido una notable imagen en cuartos de final. Los torrejoneros prolongaron esa sensaci\u00f3n al comienzo del partido (2-6) apoyados en el ritmo de <strong>Manuel Ch\u00e9rcoles<\/strong>. Su rival acept\u00f3 el reto, con <strong>\u00d3scar Jim\u00e9nez<\/strong> tirando de galones, y el partido se movi\u00f3 desde el principio a alta velocidad, aunque tambi\u00e9n con ligera ventaja de un Torrej\u00f3n que mostraba su juego colectivo. <strong>Ch\u00e9rcoles<\/strong>, <strong>Marcos Hermosilla<\/strong> y <strong>Javier S\u00e1nchez<\/strong> lideraban un ataque muy repartido. De hecho, el capit\u00e1n <strong>Roberto Donaire <\/strong>se uni\u00f3 poco despu\u00e9s para anotar el 14-20. Enfrente, el Estudio no quer\u00eda quedarse atr\u00e1s y <strong>Horacio Morell<\/strong> recort\u00f3 dos puntos antes de acabar el primer cuarto.<\/p>\n<p><img decoding=\"async\" src=\"https:\/\/www.europesays.com\/es\/wp-content\/uploads\/2025\/09\/zoom-foto-61452.jpg\" style=\"width: 350px; display: block; margin-left: auto; margin-right: auto;\"\/><\/p>\n<p>El guion se mantuvo al comienzo del segundo (22-26 a 8:11). <strong>Marco P\u00e9rez<\/strong> abri\u00f3 la brecha, pero el Estudio segu\u00eda a un paso&#8230; a\u00fan m\u00e1s cuando<strong> Diego Hernando <\/strong>recort\u00f3 hasta 27-29. Y el escolta amarillo se encarg\u00f3 de dar la vuelta al marcador, aunque fuera durante\u00a0unos segundos. Con 30-30 a 3:44 para el descanso, la segunda semifinal repet\u00eda la emoci\u00f3n de la primera con dos equipos volcados y m\u00ednimas diferencias en el marcador. Un desatado <strong>Hernando<\/strong> volvi\u00f3 a aparecer con un triple y el Torrej\u00f3n volvi\u00f3 a empatar (35-35). El pulso, igualad\u00edsimo, lleg\u00f3 al descanso con un m\u00ednimo 39-37.<\/p>\n<p><img decoding=\"async\" src=\"https:\/\/www.europesays.com\/es\/wp-content\/uploads\/2025\/09\/zoom-foto-61450.jpg\" style=\"width: 350px; display: block; margin-left: auto; margin-right: auto;\"\/><\/p>\n<p>El Estudio intent\u00f3 mantener la iniciativa\u00a0a la salida de vestuarios apoyado en su velocidad. Sin <strong>Carlos Abent\u00edn<\/strong>, uno de sus jugadores clave, <strong>Rub\u00e9n Escanciano<\/strong> asum\u00eda la responsabilidad ofensiva en un Torrej\u00f3n que segu\u00eda pegado en el marcador (44-43) y que incluso se adelant\u00f3 con el triple de<strong> Javier S\u00e1nchez<\/strong>. El partido segu\u00eda sin due\u00f1o. A 4:26, otro empate, a 50. Ah\u00ed lleg\u00f3 un parcial de 7-0 para el Estudio que\u00a0no cambi\u00f3 nada porque, tras el tiempo muerto, los torrejoneros respondieron con otro 7-0 para cerrar el\u00a0\u00faltimo cuarto en tablas. Ese equilibrio\u00a0absoluto se mantuvo en el \u00faltimo acto\u00a0 (61-61 a 6:30). Los nervios empezaban a pesar en dos equipos que miraban al aro sin pens\u00e1rselo dos veces.<strong> \u00d3scar Jim\u00e9nez<\/strong> se la jug\u00f3 para sacar un 2+1, pero el Torrej\u00f3n entr\u00f3 en los \u00faltimos tres minutos un paso por delante (66-67). La semifinal era una loter\u00eda en la que pod\u00eda pasar de todo. El 68-71, de <strong>Claudio G\u00f3mez<\/strong>, acerc\u00f3 a los torrejoneros y\u00a0<strong>Gonzalo P\u00e9rez <\/strong>recort\u00f3, pero el \u00faltimo ataque amarillo no entr\u00f3.<\/p>\n<blockquote class=\"twitter-tweet\" data-media-max-width=\"560\"><p>&#13;<\/p>\n<p lang=\"es\" dir=\"ltr\"><a href=\"https:\/\/twitter.com\/hashtag\/CopaVIPS?src=hash&amp;ref_src=twsrc%5Etfw\" rel=\"nofollow noopener\" target=\"_blank\">#CopaVIPS<\/a> I El \u00faltimo ataque de <a href=\"https:\/\/twitter.com\/EstudioCD?ref_src=twsrc%5Etfw\" rel=\"nofollow noopener\" target=\"_blank\">@EstudioCD<\/a> no entra y <a href=\"https:\/\/twitter.com\/BasketTorrejon?ref_src=twsrc%5Etfw\" rel=\"nofollow noopener\" target=\"_blank\">@BasketTorrejon<\/a> logra el pase a la gran final (70-72) <\/p>\n<p>??Todas las estad\u00edsticas en la app <a href=\"https:\/\/twitter.com\/hashtag\/AficionFBM?src=hash&amp;ref_src=twsrc%5Etfw\" rel=\"nofollow noopener\" target=\"_blank\">#AficionFBM<\/a> <a href=\"https:\/\/t.co\/zpJWEaKkJ2\" rel=\"nofollow\">pic.twitter.com\/zpJWEaKkJ2<\/a><\/p>\n<p>&#8211; Fed. Bcto. de Madrid (@FBMadrid) <a href=\"https:\/\/twitter.com\/FBMadrid\/status\/1966843571287330952?ref_src=twsrc%5Etfw\" rel=\"nofollow noopener\" target=\"_blank\">September 13, 2025<\/a>&#13;\n<\/p><\/blockquote>\n<p> <script async src=\"https:\/\/platform.twitter.com\/widgets.js\" charset=\"utf-8\"><\/script><\/p>\n","protected":false},"excerpt":{"rendered":"La Copa VIPS es m\u00e1s que un ensayo general. Lo demostraron los cuatro equipos que disputaron las semifinales&hellip;\n","protected":false},"author":2,"featured_media":112818,"comment_status":"","ping_status":"","sticky":false,"template":"","format":"standard","meta":{"footnotes":""},"categories":[269],"tags":[17766,299,298,2493,3008,168,25,24,2500,36612,1783,3301,205,10,338,7745,23,167,32794,38258,1511],"class_list":{"0":"post-112817","1":"post","2":"type-post","3":"status-publish","4":"format-standard","5":"has-post-thumbnail","7":"category-baloncesto","8":"tag-academy","9":"tag-baloncesto","10":"tag-basketball","11":"tag-copa","12":"tag-de","13":"tag-deportes","14":"tag-es","15":"tag-espana","16":"tag-federacion","17":"tag-jugaran","18":"tag-la","19":"tag-laso","20":"tag-madrid","21":"tag-noticias","22":"tag-portada","23":"tag-se","24":"tag-spain","25":"tag-sports","26":"tag-torrejon","27":"tag-vips","28":"tag-y"},"share_on_mastodon":{"url":"","error":""},"_links":{"self":[{"href":"https:\/\/www.europesays.com\/es\/wp-json\/wp\/v2\/posts\/112817","targetHints":{"allow":["GET"]}}],"collection":[{"href":"https:\/\/www.europesays.com\/es\/wp-json\/wp\/v2\/posts"}],"about":[{"href":"https:\/\/www.europesays.com\/es\/wp-json\/wp\/v2\/types\/post"}],"author":[{"embeddable":true,"href":"https:\/\/www.europesays.com\/es\/wp-json\/wp\/v2\/users\/2"}],"replies":[{"embeddable":true,"href":"https:\/\/www.europesays.com\/es\/wp-json\/wp\/v2\/comments?post=112817"}],"version-history":[{"count":0,"href":"https:\/\/www.europesays.com\/es\/wp-json\/wp\/v2\/posts\/112817\/revisions"}],"wp:featuredmedia":[{"embeddable":true,"href":"https:\/\/www.europesays.com\/es\/wp-json\/wp\/v2\/media\/112818"}],"wp:attachment":[{"href":"https:\/\/www.europesays.com\/es\/wp-json\/wp\/v2\/media?parent=112817"}],"wp:term":[{"taxonomy":"category","embeddable":true,"href":"https:\/\/www.europesays.com\/es\/wp-json\/wp\/v2\/categories?post=112817"},{"taxonomy":"post_tag","embeddable":true,"href":"https:\/\/www.europesays.com\/es\/wp-json\/wp\/v2\/tags?post=112817"}],"curies":[{"name":"wp","href":"https:\/\/api.w.org\/{rel}","templated":true}]}}