{"id":112831,"date":"2025-09-13T19:10:19","date_gmt":"2025-09-13T19:10:19","guid":{"rendered":"https:\/\/www.europesays.com\/es\/112831\/"},"modified":"2025-09-13T19:10:19","modified_gmt":"2025-09-13T19:10:19","slug":"mi-objetivo-principal-era-homenajear-a-mi-padre","status":"publish","type":"post","link":"https:\/\/www.europesays.com\/es\/112831\/","title":{"rendered":"Mi objetivo principal era homenajear a mi padre"},"content":{"rendered":"<p id=\"eDipPpzVHq\" data-wc=\"102\">El pasado mi\u00e9rcoles, Irene Gil dio un paso muy importante: se sent\u00f3 por primera vez en un plat\u00f3 de televisi\u00f3n para hablar p\u00fablicamente del estado de salud de su padre, el actor Jos\u00e9 Luis Gil, cuatro a\u00f1os despu\u00e9s de que un ictus cambiara por completo la vida de toda la familia. Su intervenci\u00f3n en Y ahora Sonsoles no solo conmovi\u00f3 a la audiencia, sino que supuso tambi\u00e9n un antes y un despu\u00e9s para ella. <strong>Ahora, d\u00edas despu\u00e9s de aquel momento tan esperado, ha querido compartir con sus seguidores c\u00f3mo lo vivi\u00f3, qu\u00e9 sinti\u00f3 al exponerse en p\u00fablico y por qu\u00e9 decidi\u00f3 hacerlo.<\/strong><\/p>\n<p> <img src=\"https:\/\/www.europesays.com\/es\/wp-content\/uploads\/2025\/09\/855972f83880-gk.jpg\"   width=\"1024\" height=\"618\" loading=\"lazy\" decoding=\"async\" alt=\"Media Image\" fetchpriority=\"auto\" class=\"image ho-image\"\/>\u00a9 irenegilmont<\/p>\n<p id=\"ez4MVO-toh3\" data-wc=\"117\">Con sinceridad y emoci\u00f3n, Irene ha escrito: \u201cGracias a Sonsoles y a todo el equipo y colaboradores de Y ahora Sonsoles por ser tan delicados y preocuparse tanto porque estuviese a gusto\u201d. Y ha a\u00f1adido sobre lo que signific\u00f3 sentarse en el plat\u00f3: \u201cConceder la entrevista, para m\u00ed, supuso un gran esfuerzo, por tener que exponerme, por lo que ten\u00edamos que contar y porque no quer\u00eda emocionarme\u201d. La hija del actor explic\u00f3 que su principal motivaci\u00f3n fue la de dar visibilidad a la realidad que atraviesan tantas familias: <strong>\u201cEl objetivo principal era visibilizar las secuelas del DCA, homenajear a mi padre y trasladar que lo importante, m\u00e1s all\u00e1 de lo que nos sucede, es c\u00f3mo lo afrontamos\u201d.<\/strong><\/p>\n<p> <img src=\"https:\/\/www.europesays.com\/es\/wp-content\/uploads\/2025\/09\/d2b4ca010e2a-cada-da-un-poco-ms-lejos-cada-da-un-poco-mejorsumaysiguehastaelinfinitoym.jpg\"   width=\"819\" height=\"1024\" loading=\"lazy\" decoding=\"async\" alt=\"Jos\u00e9 Luis Gil\" fetchpriority=\"auto\" class=\"image ho-image\"\/>\u00a9 irenegilmont<\/p>\n<p id=\"e8Kb_5jP3o-\" data-wc=\"87\">El mensaje de Irene cal\u00f3 hondo entre los espectadores, que no tardaron en enviarle miles de mensajes de cari\u00f1o. Ella misma lo agradeci\u00f3 p\u00fablicamente: \u201cA todos, gracias. Estoy recibiendo muchos mensajes, no puedo responderlos todos. Coincid\u00eds en que quer\u00e9is seguir vi\u00e9ndole y sabiendo de \u00e9l, pues aqu\u00ed le ten\u00e9is: hace unos d\u00edas nos dimos un paseo y nos tomamos un cafetito en familia\u201d. Junto a estas palabras, comparti\u00f3 una entra\u00f1able fotograf\u00eda familiar en la que aparece con su padre, su madre y su abuela, sonrientes y unidos.<\/p>\n<p> <img src=\"https:\/\/www.europesays.com\/es\/wp-content\/uploads\/2025\/09\/829964d3b659-jose-luis3-z.jpg\"   width=\"1024\" height=\"768\" loading=\"lazy\" decoding=\"async\" alt=\"jose luis3\" fetchpriority=\"auto\" class=\"image ho-image\"\/>\u00a9 @irenegilmont<br \/>\nEl momento m\u00e1s dif\u00edcil de sus vidas<\/p>\n<p id=\"eqHTDjTVae4\" data-wc=\"80\">Han pasado ya casi cuatro a\u00f1os desde que la familia Gil recibi\u00f3 la noticia que lo cambi\u00f3 todo. Era noviembre de 2021 cuando el querido int\u00e9rprete de &#8216;Aqu\u00ed no hay quien viva&#8217; y &#8216;La que se avecina&#8217; sufri\u00f3 un ictus isqu\u00e9mico en el hemisferio izquierdo. Su hija record\u00f3 en el programa c\u00f3mo vivi\u00f3 aquel instante: <strong>\u201cRecuerdo despertarme con la llamada de mi madre. Todo tu mundo cambia. A partir de ah\u00ed, ya nada es igual. Los m\u00e9dicos fueron dur\u00edsimos, demoledores\u201d.<\/strong><\/p>\n<p> <img src=\"https:\/\/www.europesays.com\/es\/wp-content\/uploads\/2025\/09\/3c882caed7cf-graciasssss-a-todos-el-ao-que-viene-ms-y-mejor-sumaysigue.jpg\"   width=\"1024\" height=\"881\" loading=\"lazy\" decoding=\"async\" alt=\"Jos\u00e9 Luis Gil\" fetchpriority=\"auto\" class=\"image ho-image\"\/>\u00a9 irenegilmont<\/p>\n<p id=\"ejcl7AH8gi3\" data-wc=\"54\">El actor pas\u00f3 semanas ingresado en un hospital en un contexto a\u00fan marcado por la pandemia, lo que complic\u00f3 todav\u00eda m\u00e1s la situaci\u00f3n: \u201cEsto pasa en un momento muy post pandemia, est\u00e1bamos todos con las mascarillas y en el hospital est\u00e1s solo, solo pod\u00eda estar una persona a la vez, y sin saber nada\u201d.<\/p>\n<p> <img src=\"https:\/\/www.europesays.com\/es\/wp-content\/uploads\/2025\/09\/cdaaf33c4462-jose-irene-ig-z.jpg\"   width=\"843\" height=\"1024\" loading=\"lazy\" decoding=\"async\" alt=\"jose irene ig\" fetchpriority=\"auto\" class=\"image ho-image\"\/>\u00a9 irenegilmont<\/p>\n<p id=\"e_QMX3Ja8Qn\" data-wc=\"67\">La familia vivi\u00f3 horas de enorme incertidumbre: \u201cEl d\u00eda de la operaci\u00f3n, del quir\u00f3fano, fue demoledor. Nos dijeron que la cosa est\u00e1 muy mal y que las secuelas probablemente iban a ser horribles. De eso pasamos a \u2018madre m\u00eda, qu\u00e9 cambio, es sorprendente y le vamos a subir a planta\u2019. Este cambio fue en menos de 24 horas. De prepararnos para lo peor a subir a planta\u201d.<\/p>\n<p> <img src=\"https:\/\/www.europesays.com\/es\/wp-content\/uploads\/2025\/09\/22e39b98fef8-padre-hija-gil-z.jpg\"   width=\"819\" height=\"1024\" loading=\"lazy\" decoding=\"async\" alt=\"padre hija gil\" fetchpriority=\"auto\" class=\"image ho-image\"\/>\u00a9 @irenegilmont<br \/>\nUn camino largo y lleno de retos<\/p>\n<p id=\"eI31-clcxPS\" data-wc=\"69\">Desde entonces, Jos\u00e9 Luis Gil, que ten\u00eda 63 a\u00f1os en el momento del ictus, sigue luchando contra las secuelas, entre ellas la afasia. Irene lo explic\u00f3 con claridad: \u201c\u00c9l sabe lo que pasa. Saber que quieres hacer cosas y no puedes, que quieres decir algo y no puedes expresarlo\u2026 A \u00e9l le qued\u00f3 como secuela afasia, por lo que le cuesta comunicarse y eso es un problema para cualquiera\u201d.<\/p>\n<p> <img src=\"https:\/\/www.europesays.com\/es\/wp-content\/uploads\/2025\/09\/da665775fdb9-gracias-a-la-fundacin-vivirdosveces-por-su-trabajo-y-su-esfuerzo-para-ayudar-a.jpg\"   width=\"1024\" height=\"1024\" loading=\"lazy\" decoding=\"async\" alt=\"Jos\u00e9 Luis Gil y su hija Irene Gil \" fetchpriority=\"auto\" class=\"image ho-image\"\/>\u00a9 irenegilmont<\/p>\n<p id=\"eVfjV9-gHdS\" data-wc=\"43\">Es un proceso, asegura, lleno de altibajos: \u201cDe repente ver que quieres decir la cosa m\u00e1s sencilla y no puedes\u2026 Entonces son cosas que hay que llevarlas y aprender a llevarlas. \u00c9l est\u00e1 enfadado con el mundo y, como todo el mundo, aprende\u201d.<\/p>\n<p>El apoyo de compa\u00f1eros y amigos<\/p>\n<p id=\"e_ew0K4q5lD\" data-wc=\"90\">Uno de los aspectos que m\u00e1s ha emocionado a la familia es el apoyo incondicional que siguen recibiendo de los compa\u00f1eros de profesi\u00f3n del actor: \u201c<strong>Agradecer a todos sus compa\u00f1eros y a sus jefes, por el cari\u00f1o inmenso y el apoyo que nos siguen haciendo llegar, es precioso saber que le quieren y admiran tanto\u201d,<\/strong> confes\u00f3 Irene. Un respaldo que se suma al de los seguidores del int\u00e9rprete, que a lo largo de estos a\u00f1os no han dejado de preguntar por \u00e9l y enviarle mensajes llenos de fuerza y cari\u00f1o.<\/p>\n<p> <img src=\"https:\/\/www.europesays.com\/es\/wp-content\/uploads\/2025\/09\/0582fd091570-saveclipapp424536452907636514186006864277891976856973n.jpg\"   width=\"819\" height=\"1024\" loading=\"lazy\" decoding=\"async\" alt=\"Jose Luis Gil\" fetchpriority=\"auto\" class=\"image ho-image\"\/>\u00a9 @irenegilmont<\/p>\n<p id=\"emGcrn5hJP7D\" data-wc=\"123\">Adem\u00e1s de compartir recuerdos y vivencias, Irene aprovech\u00f3 para lanzar una reflexi\u00f3n que ha generado mucho debate: \u201cCreo que al igual que nos preparamos para morir debemos empezar a prepararnos para enfermar, porque adem\u00e1s de doloroso, es muy caro\u201d. \u00a0A pesar de la dureza del camino, la hija del actor quiso terminar con un mensaje lleno de esperanza y solidaridad hacia quienes pasan por lo mismo: \u201cPaciencia, fuerza, energ\u00eda y entender que todos tendemos a ser muy protagonistas de las cosas, pero a quien le pasa es a quien le pasa. Tenemos que aprender e intentar ayudarle porque quien lo est\u00e1 sufriendo, no nos olvidemos, es el que lo padece en primera persona. Y hay que intentar, pase lo que pase, ponerlo f\u00e1cil\u201d.<\/p>\n","protected":false},"excerpt":{"rendered":"El pasado mi\u00e9rcoles, Irene Gil dio un paso muy importante: se sent\u00f3 por primera vez en un plat\u00f3&hellip;\n","protected":false},"author":2,"featured_media":112832,"comment_status":"","ping_status":"","sticky":false,"template":"","format":"standard","meta":{"footnotes":""},"categories":[91],"tags":[517,146,147,25,24,36960,12553,2056,23,807],"class_list":{"0":"post-112831","1":"post","2":"type-post","3":"status-publish","4":"format-standard","5":"has-post-thumbnail","7":"category-entretenimiento","8":"tag-actualidad","9":"tag-entertainment","10":"tag-entretenimiento","11":"tag-es","12":"tag-espana","13":"tag-jose-luis-gil","14":"tag-mas-noticias","15":"tag-sonsoles-onega","16":"tag-spain","17":"tag-television"},"share_on_mastodon":{"url":"","error":""},"_links":{"self":[{"href":"https:\/\/www.europesays.com\/es\/wp-json\/wp\/v2\/posts\/112831","targetHints":{"allow":["GET"]}}],"collection":[{"href":"https:\/\/www.europesays.com\/es\/wp-json\/wp\/v2\/posts"}],"about":[{"href":"https:\/\/www.europesays.com\/es\/wp-json\/wp\/v2\/types\/post"}],"author":[{"embeddable":true,"href":"https:\/\/www.europesays.com\/es\/wp-json\/wp\/v2\/users\/2"}],"replies":[{"embeddable":true,"href":"https:\/\/www.europesays.com\/es\/wp-json\/wp\/v2\/comments?post=112831"}],"version-history":[{"count":0,"href":"https:\/\/www.europesays.com\/es\/wp-json\/wp\/v2\/posts\/112831\/revisions"}],"wp:featuredmedia":[{"embeddable":true,"href":"https:\/\/www.europesays.com\/es\/wp-json\/wp\/v2\/media\/112832"}],"wp:attachment":[{"href":"https:\/\/www.europesays.com\/es\/wp-json\/wp\/v2\/media?parent=112831"}],"wp:term":[{"taxonomy":"category","embeddable":true,"href":"https:\/\/www.europesays.com\/es\/wp-json\/wp\/v2\/categories?post=112831"},{"taxonomy":"post_tag","embeddable":true,"href":"https:\/\/www.europesays.com\/es\/wp-json\/wp\/v2\/tags?post=112831"}],"curies":[{"name":"wp","href":"https:\/\/api.w.org\/{rel}","templated":true}]}}