{"id":112835,"date":"2025-09-13T19:13:08","date_gmt":"2025-09-13T19:13:08","guid":{"rendered":"https:\/\/www.europesays.com\/es\/112835\/"},"modified":"2025-09-13T19:13:08","modified_gmt":"2025-09-13T19:13:08","slug":"la-vida-en-el-confin-oriental-de-la-otan-ante-rusia-no-tenemos-miedo-internacional","status":"publish","type":"post","link":"https:\/\/www.europesays.com\/es\/112835\/","title":{"rendered":"La vida en el conf\u00edn oriental de la OTAN ante Rusia: \u201cNo tenemos miedo\u201d | Internacional"},"content":{"rendered":"<p class=\"\">En esta regi\u00f3n de lagos y bosques <a href=\"https:\/\/elpais.com\/internacional\/2024-12-14\/polonia-busca-afianzarse-como-nuevo-centro-de-europa.html\" target=\"_self\" rel=\"nofollow noopener\" title=\"https:\/\/elpais.com\/internacional\/2024-12-14\/polonia-busca-afianzarse-como-nuevo-centro-de-europa.html\">del norte de Polonia,<\/a> la vida transcurre sin sobresaltos. Un idilio de paz y serenidad. Un cuento de hadas. O, seg\u00fan se mire, de terror.<\/p>\n<p class=\"\">\u201cNo. En absoluto. No, no\u201d, se r\u00ede, cuando se le pregunta si siente miedo, Krystyna Kotwica, vecina de una aldea de casitas de madera cerca de Bielorrusia. \u201cAqu\u00ed me siento la persona m\u00e1s segura del mundo\u201d.<\/p>\n<p class=\"\">El ruido y la furia de la actualidad suenan remotos en estas carreteras desiertas entre con\u00edferas gigantescas y estos canales donde los turistas hacen kayak. La impresi\u00f3n es enga\u00f1osa. Desde hace unos d\u00edas, esta franja en la frontera de Polonia con Bielorrusia y Ucrania es el escenario del mayor momento de tensi\u00f3n entre la OTAN y Rusia desde que este pa\u00eds invadi\u00f3 Ucrania en 2022.<\/p>\n<p class=\"\">En menos de una semana,<a href=\"https:\/\/elpais.com\/internacional\/2025-09-11\/un-dron-en-casa-de-los-wesolowski.html\" target=\"_self\" rel=\"nofollow noopener\" title=\"https:\/\/elpais.com\/internacional\/2025-09-11\/un-dron-en-casa-de-los-wesolowski.html\"> la OTAN ha denunciado la incursi\u00f3n de una veintena de drones rusos al cielo polaco y han abatido a algunos. <\/a>Tambi\u00e9n reforzar\u00e1 la defensa del frente oriental. Rusia y su aliada, Bielorrusia, han puesto en marcha unos ejercicios militares al otro lado de la frontera. Polonia ha respondido cerrando la frontera polaco-bielorrusa y ha anunciado el despliegue de 40.000 soldados en la zona.<\/p>\n<p class=\"\">Esta es hoy una zona hipermilitarizada, el equivalente en el siglo XXI de lo que en los a\u00f1os treinta fue el corredor de Danzig o el del Fulda en la Guerra Fr\u00eda. Un punto caliente del continente. El \u00faltimo frente b\u00e9lico de la OTAN. El lugar donde, si estallase una guerra con Rusia, podr\u00eda saltar la chispa.<\/p>\n<p class=\"\">Y ser\u00eda un lugar curioso para empezar una guerra, mezcla de bellos parajes natural e infraestructuras militares intimidantes. El bosque de August\u00f3w. La valla met\u00e1lica \u2013un aut\u00e9ntico muro construido para frenar la entrada de inmigrantes\u2013 que divide el bosque entre la parte polaca y la bielorrusa. En direcci\u00f3n al norte, <a href=\"https:\/\/elpais.com\/internacional\/2022-03-27\/el-talon-de-aquiles-de-la-seguridad-europea-un-estrecho-corredor-polaco-que-discurre-junto-a-rusia.html\" target=\"_self\" rel=\"nofollow noopener\" title=\"https:\/\/elpais.com\/internacional\/2022-03-27\/el-talon-de-aquiles-de-la-seguridad-europea-un-estrecho-corredor-polaco-que-discurre-junto-a-rusia.html\">la ciudad de Suwa\u0142ki, que da nombre al corredor de Suwa\u0142ki, la franja en torno a la frontera entre Polonia y Lituania <\/a>que Vlad\u00edmir Putin podr\u00eda ambicionar para conectar el enclave ruso de Kaliningrado con Bielorrusia. Alambres de espino, carteles de prohibido pasar, un radar en lo alto de una colina rodeado de pastos.<\/p>\n<p class=\"\">Si Putin, al lanzar sus drones hacia Polonia, quiso poner a prueba a ese pa\u00eds, a la OTAN y al presidente de Estados Unidos, Donald Trump, tambi\u00e9n puso a prueba la reacci\u00f3n de los polacos de a pie y, en especial, de los que viven cerca de la frontera.<\/p>\n<p class=\"\">Hay quien quita hierro al asunto: no hay para tanto con los drones&#8230; A las puertas del cine de un centro comercial de Suwa\u0142ki, el viernes por la noche, tres amigos debat\u00edan sobre el origen de esos aparatos. Iwona y Krystian expresaban dudas de que fuesen rusos y se hac\u00edan eco de la teor\u00eda seg\u00fan la cual los hab\u00eda enviado Ucrania para forzar a Polonia y a la OTAN a implicarse m\u00e1s en la guerra. El tercero, Micha\u0142, les se\u00f1alaba el peligro de las campa\u00f1as de desinformaci\u00f3n. Los tres se dispon\u00edan a ver una pel\u00edcula de horror.<\/p>\n<p class=\"\">Un lamento habitual en estos pueblos y ciudades: que los titulares sobre la guerra o expresiones como el corredor de Suwa\u0142ki espanten a los turistas. A escala local, para algunos ese problema es m\u00e1s grave que una posible invasi\u00f3n rusa. S\u00ed, coinciden los entrevistados, hay prepararse para cualquier posibilidad. Pero no, nadie cree que estemos en v\u00edsperas de la III Guerra Mundial, ni del choque directo con Rusia. No todav\u00eda.<\/p>\n<p class=\"\">En la autopista que conecta la capital, Varsovia, con la ciudad August\u00f3w, y m\u00e1s al norte con la ciudad lituana de Kaunas, paneles luminosos anuncian que la frontera con Bielorrusia se ha cerrado. La radio p\u00fablica emite <a href=\"https:\/\/elpais.com\/internacional\/2023-12-12\/donald-tusk-el-politico-que-ha-detenido-la-deriva-ultra-en-polonia.html\" target=\"_self\" rel=\"nofollow noopener\" title=\"https:\/\/elpais.com\/internacional\/2023-12-12\/donald-tusk-el-politico-que-ha-detenido-la-deriva-ultra-en-polonia.html\">un discurso del primer ministro, Donald Tusk,<\/a> de visita ese d\u00eda a una f\u00e1brica de municiones, e informaban sobre los ejercicios militares rusos y bielorrusos. En la emisora cat\u00f3lica y conservadora Radio Mar\u00eda critican a la UE por las regulaciones forestales.<\/p>\n<p class=\"\">Pasada August\u00f3w, en direcci\u00f3n a Bielorrusia por carreteras cada vez m\u00e1s solitarias y entre bosques cada vez m\u00e1s espesos, se llega a P\u0142aska, la sede del distrito. En el Ayuntamiento espera el alcalde, Micha\u0142 Piotr Skubis. <\/p>\n<p class=\"\">\u201cIntento mantener la calma\u201d, declara Skubis, de 32 a\u00f1os. Cuenta que no hay motivo para alarmarse: por sus pueblos no circulan tanques ni tampoco hay miles de inmigrantes procedentes de Bielorrusia (desde a\u00f1os la valla les impide pasar). Para \u00e9l, en su trabajo cotidiano, existe un problema mayor que la amenaza rusa: el da\u00f1o que la guerra (y tambi\u00e9n la crisis migratoria) han causado a la imagen del distrito.<\/p>\n<p class=\"\">\u201cAqu\u00ed mucha gente vive del turismo\u201d, dice. \u201cEn diez a\u00f1os ha ca\u00eddo entre un 20 y un 40%. Es un golpe duro\u201d.<\/p>\n<p class=\"\">\u201cPor supuesto que la amenaza de una invasi\u00f3n a gran escala existe\u201d, contin\u00faa el alcalde, \u201cpero es m\u00ednima, porque hoy un ataque contra Polonia significar\u00eda nada m\u00e1s y nada menos que la activaci\u00f3n del art\u00edculo 5 de la OTAN: un ataque a Polonia ser\u00eda considerado un ataque a todos. Yo no creo que sea posible en los pr\u00f3ximos a\u00f1os\u201d.<\/p>\n<p class=\"\">Cuando se le pregunta si tiene planes para evacuar a la poblaci\u00f3n en caso de ataque ruso, responde: \u201cNo estoy autorizado a decir exactamente cu\u00e1les son, pero le dir\u00e9 que constantemente trabajamos en ello. De hecho, justo antes de que usted llegase, est\u00e1bamos hablando de eso. Pensamos en ello\u201d.<\/p>\n<p class=\"\">La discusi\u00f3n sobre el alcance de la amenaza es a\u00fan m\u00e1s intensa en las capitales. Y determinante a la hora de financiar las pol\u00edticas de rearme. No hay pa\u00eds de la OTAN que, en proporci\u00f3n a su econom\u00eda, gaste tanto como Polonia: <a href=\"https:\/\/elpais.com\/espana\/2025-08-28\/la-otan-calcula-que-espana-ha-llegado-al-2-de-su-gasto-del-pib-en-defensa.html\" target=\"_self\" rel=\"nofollow noopener\" title=\"https:\/\/elpais.com\/espana\/2025-08-28\/la-otan-calcula-que-espana-ha-llegado-al-2-de-su-gasto-del-pib-en-defensa.html\">ya se acerca al 5% de PIB en gasto militar (Espa\u00f1a acaba de superar el 2%).<\/a> En la nueva Revisi\u00f3n nacional estrat\u00e9gica, documento clave del Gobierno franc\u00e9s, se lee: \u201cEn el horizonte de los a\u00f1os pr\u00f3ximos, y de aqu\u00ed a 2030, la principal amenaza para Francia y los europeos es la que plantea el riesgo de una guerra abierta contra el coraz\u00f3n de Europa\u201d.<\/p>\n<p class=\"\">Un camino de tierra junto al canal que conecta con Bielorrusia conduce a una esclusa del siglo XIX. El matrimonio formado por Alicja y S\u0142awomir se encarga de gestionarla. Alicja recuerda un episodio extra\u00f1o ocurrido junto al canal y la esclusa hace un tiempo. Vio a un hombre haciendo fotograf\u00edas, se le acerc\u00f3, le pidi\u00f3 que le mostrase la c\u00e1mara y vio que hab\u00eda tomado im\u00e1genes de la esclusa, del Ayuntamiento de P\u0142aska y un edificio de la polic\u00eda de fronteras. Not\u00f3 que hablaba con acento ruso. \u00bfUn esp\u00eda? En caso de guerra, la esclusa y el canal podr\u00edan ser objetivos estrat\u00e9gicos.<\/p>\n<p><img alt=\"Alicja y Slawomir, encargados de una esclusa del canal que conecta la ciudad de August\u00f3w con Bielorrusia.\" decoding=\"auto\" class=\"_re lazyload a_m-h\" height=\"311\"  width=\"414\"  src=\"https:\/\/www.europesays.com\/es\/wp-content\/uploads\/2025\/09\/WB4FDTOA6JH6BAT54XHA6YSZNY.jpg\" loading=\"lazy\"\/>Alicja y Slawomir, encargados de una esclusa del canal que conecta la ciudad de August\u00f3w con Bielorrusia.Marek M. Berezowski<\/p>\n<p class=\"\">\u00bfTemor a una guerra? \u201cS\u00ed, puede ocurrir\u201d, responde Alicja, y S\u0142awomir a\u00f1ade medio en broma: \u201cDe todos modos, si algo ocurre, hacemos las maletas y nos vamos a Espa\u00f1a\u201d.<\/p>\n<p class=\"\">Las personas mayores, dicen ambos, temen m\u00e1s una guerra que los j\u00f3venes. Las heridas del imperialismo ruso son profundas en esta parte de Europa. Siguiendo los caminos de bosque hacia la valla fronteriza con Bielorrusia, se eleva una cruz de madera con una placa: \u201cAqu\u00ed reposan dos polacos que murieron a manos de los bolcheviques. Septiembre 1939\u201d.<\/p>\n<p class=\"\">Tan cerca de la frontera, los tel\u00e9fonos captan la se\u00f1al de Bielorrusia. Un camino recto conduce a la valla,<a href=\"https:\/\/elpais.com\/internacional\/2022-11-04\/polonia-construye-210-kilometros-de-alambrada-para-protegerse-frente-al-enclave-ruso-de-kaliningrado.html\" target=\"_self\" rel=\"nofollow noopener\" title=\"https:\/\/elpais.com\/internacional\/2022-11-04\/polonia-construye-210-kilometros-de-alambrada-para-protegerse-frente-al-enclave-ruso-de-kaliningrado.html\"> incongruente en medio de un paisaje que quita el aliento. <\/a>Una c\u00e1mara observa a los visitantes.<\/p>\n<p class=\"\">\u201cCon el Ej\u00e9rcito y la guarda de fronteras\u201d, celebra Kotwica, \u201chay tantos agentes que es como si tuvi\u00e9semos uno para cada habitante\u201d. Cuando conoci\u00f3 las noticias de la incursi\u00f3n de drones, primero se inquiet\u00f3, pero en seguida se dio cuenta de que \u201cno era la guerra\u201d. \u201cNo puedes pasarte el tiempo asustado\u201d, dice. \u201cHay que pensar con claridad\u201d.<\/p>\n","protected":false},"excerpt":{"rendered":"En esta regi\u00f3n de lagos y bosques del norte de Polonia, la vida transcurre sin sobresaltos. Un idilio&hellip;\n","protected":false},"author":2,"featured_media":112836,"comment_status":"","ping_status":"","sticky":false,"template":"","format":"standard","meta":{"footnotes":""},"categories":[42],"tags":[8738,31499,17,18,70,71,72,352,700,13,14,69,7082,11,61,62,63,64,38260,19,20,14551,9,10,15,16,1613,7027,1614,12,7081,21,22,1617,7083,65,66,67],"class_list":{"0":"post-112835","1":"post","2":"type-post","3":"status-publish","4":"format-standard","5":"has-post-thumbnail","7":"category-internacional","8":"tag-ataques-militares","9":"tag-bielorrusia","10":"tag-breaking-news","11":"tag-breakingnews","12":"tag-conflictos","13":"tag-conflictos-armados","14":"tag-conflictos-internacionales","15":"tag-donald-trump","16":"tag-europa","17":"tag-featured-news","18":"tag-featurednews","19":"tag-guerra","20":"tag-guerra-de-rusia-en-ucrania","21":"tag-headlines","22":"tag-internacional","23":"tag-international","24":"tag-international-news","25":"tag-internationalnews","26":"tag-kaliningrado","27":"tag-latest-news","28":"tag-latestnews","29":"tag-lituania","30":"tag-news","31":"tag-noticias","32":"tag-noticias-destacadas","33":"tag-noticiasdestacadas","34":"tag-otan","35":"tag-polonia","36":"tag-rusia","37":"tag-titulares","38":"tag-ucrania","39":"tag-ultimas-noticias","40":"tag-ultimasnoticias","41":"tag-union-europea","42":"tag-vladimir-putin","43":"tag-world","44":"tag-world-news","45":"tag-worldnews"},"share_on_mastodon":{"url":"","error":""},"_links":{"self":[{"href":"https:\/\/www.europesays.com\/es\/wp-json\/wp\/v2\/posts\/112835","targetHints":{"allow":["GET"]}}],"collection":[{"href":"https:\/\/www.europesays.com\/es\/wp-json\/wp\/v2\/posts"}],"about":[{"href":"https:\/\/www.europesays.com\/es\/wp-json\/wp\/v2\/types\/post"}],"author":[{"embeddable":true,"href":"https:\/\/www.europesays.com\/es\/wp-json\/wp\/v2\/users\/2"}],"replies":[{"embeddable":true,"href":"https:\/\/www.europesays.com\/es\/wp-json\/wp\/v2\/comments?post=112835"}],"version-history":[{"count":0,"href":"https:\/\/www.europesays.com\/es\/wp-json\/wp\/v2\/posts\/112835\/revisions"}],"wp:featuredmedia":[{"embeddable":true,"href":"https:\/\/www.europesays.com\/es\/wp-json\/wp\/v2\/media\/112836"}],"wp:attachment":[{"href":"https:\/\/www.europesays.com\/es\/wp-json\/wp\/v2\/media?parent=112835"}],"wp:term":[{"taxonomy":"category","embeddable":true,"href":"https:\/\/www.europesays.com\/es\/wp-json\/wp\/v2\/categories?post=112835"},{"taxonomy":"post_tag","embeddable":true,"href":"https:\/\/www.europesays.com\/es\/wp-json\/wp\/v2\/tags?post=112835"}],"curies":[{"name":"wp","href":"https:\/\/api.w.org\/{rel}","templated":true}]}}