{"id":112837,"date":"2025-09-13T19:14:10","date_gmt":"2025-09-13T19:14:10","guid":{"rendered":"https:\/\/www.europesays.com\/es\/112837\/"},"modified":"2025-09-13T19:14:10","modified_gmt":"2025-09-13T19:14:10","slug":"la-explosion-de-gas-de-vallecas-se-produjo-en-un-piso-bajo-okupado-anexo-al-bar","status":"publish","type":"post","link":"https:\/\/www.europesays.com\/es\/112837\/","title":{"rendered":"La explosi\u00f3n de gas de Vallecas se produjo en un piso bajo okupado anexo al bar"},"content":{"rendered":"<p>La detonaci\u00f3n ha dejado 25 heridos, dos de ellos de gravedad. Entre estos \u00faltimos se encuentra el copiloto de un coche que circulaba en ese preciso momento por la calle afectada<br \/>\nLos bomberos est\u00e1n desescombrando a mano por la inestabilidad del edificio ya que ser\u00eda peligroso meter maquinaria\n<\/p>\n<p>El interior del bar afectado en Vallecas        EMERGENCIAS MADRID      <\/p>\n<p><img decoding=\"async\" class=\"voc-author__img\" src=\"https:\/\/www.europesays.com\/es\/wp-content\/uploads\/2025\/08\/autor-6277-foto-2.png\" alt=\"Amina Ould\"\/><\/p>\n<p>13\/09\/2025<br \/>\n<br \/><strong><br \/>\nActualizado a las 20:12h.<br \/>\n<\/strong><\/p>\n<p class=\"voc-p\" style=\"\">La explosi\u00f3n de Puente de Vallecas que ha dejado a 25 personas heridas, dos de ellas de gravedad, se produjo en un piso bajo okupado anexo a un bar. La detonaci\u00f3n ha afectado al edificio de viviendas situado justo encima del local, han informado los servicios de emergencias. Entre las v\u00edctimas en estado grave se encuentra el copiloto de un veh\u00edculo que pasaba justo en ese momento por la calle en la que tuvo lugar este incidente.<\/p>\n<p class=\"voc-p\" style=\"\">Los hechos han tenido lugar en el n\u00famero 3 de la calle de Manuel Maroto del mencionado distrito de la capital en torno a las 15.00 horas de este s\u00e1bado. <\/p>\n<p class=\"voc-p\" style=\"\">Hasta el lugar de la explosi\u00f3n se han trasladado 18 dotaciones de Bomberos del Ayuntamiento de Madrid, entre las que se encuentra la unidad canina, adem\u00e1s de sanitarios de Samur-Protecci\u00f3n Civil y varias unidades del Servicio de Urgencia M\u00e9dica (Summa 112) de la Comunidad de Madrid. La Secci\u00f3n de Apoyo A\u00e9reo de la Polic\u00eda Municipal est\u00e1 trabajando con drones.<\/p>\n<p class=\"voc-p\" style=\"\">La vicealcaldesa de Madrid y delegada de Seguridad y Emergencias del Ayuntamiento de Madrid, Inma Sanz, ha informado que los vecinos de las 9 viviendas afectadas, de los cuales muchos se encuentran hospitalizados al tratarse de los heridos leves, ser\u00e1n desalojados hasta que se estudie el estado del bloque afectado.<\/p>\n<p class=\"voc-p\" style=\"\">\u00abEl edificio est\u00e1 en una situaci\u00f3n complicada, sobre todo los forjados que han sufrido mucho y por parte de Bomberos est\u00e1n realizando un estudio del edificio. Tanto el local que es contiguo como el propio bar est\u00e1n muy afectados, al igual que las plantas de arriba, sobre todo las que est\u00e1n inmediatamente superiores al local y al bar\u00bb, ha se\u00f1alado.<\/p>\n<p class=\"voc-p\" style=\"\">Los bomberos permanecen en el lugar de los hechos y est\u00e1n realizando trabajos de desescombro a mano ya que ser\u00eda peligroso meter maquinaria y comprobar que no queda ning\u00fan desaparecido. <\/p>\n<p>Reportar un error<\/p>\n","protected":false},"excerpt":{"rendered":"La detonaci\u00f3n ha dejado 25 heridos, dos de ellos de gravedad. Entre estos \u00faltimos se encuentra el copiloto&hellip;\n","protected":false},"author":2,"featured_media":112838,"comment_status":"","ping_status":"","sticky":false,"template":"","format":"standard","meta":{"footnotes":""},"categories":[8],"tags":[6172,17,18,51,25,24,46,13,14,11226,11,11225,19,20,9,10,15,16,23,12,21,22,23414],"class_list":{"0":"post-112837","1":"post","2":"type-post","3":"status-publish","4":"format-standard","5":"has-post-thumbnail","7":"category-espana","8":"tag-bar","9":"tag-breaking-news","10":"tag-breakingnews","11":"tag-deja","12":"tag-es","13":"tag-espana","14":"tag-explosion","15":"tag-featured-news","16":"tag-featurednews","17":"tag-gravedad","18":"tag-headlines","19":"tag-heridos","20":"tag-latest-news","21":"tag-latestnews","22":"tag-news","23":"tag-noticias","24":"tag-noticias-destacadas","25":"tag-noticiasdestacadas","26":"tag-spain","27":"tag-titulares","28":"tag-ultimas-noticias","29":"tag-ultimasnoticias","30":"tag-vallecas"},"share_on_mastodon":{"url":"","error":""},"_links":{"self":[{"href":"https:\/\/www.europesays.com\/es\/wp-json\/wp\/v2\/posts\/112837","targetHints":{"allow":["GET"]}}],"collection":[{"href":"https:\/\/www.europesays.com\/es\/wp-json\/wp\/v2\/posts"}],"about":[{"href":"https:\/\/www.europesays.com\/es\/wp-json\/wp\/v2\/types\/post"}],"author":[{"embeddable":true,"href":"https:\/\/www.europesays.com\/es\/wp-json\/wp\/v2\/users\/2"}],"replies":[{"embeddable":true,"href":"https:\/\/www.europesays.com\/es\/wp-json\/wp\/v2\/comments?post=112837"}],"version-history":[{"count":0,"href":"https:\/\/www.europesays.com\/es\/wp-json\/wp\/v2\/posts\/112837\/revisions"}],"wp:featuredmedia":[{"embeddable":true,"href":"https:\/\/www.europesays.com\/es\/wp-json\/wp\/v2\/media\/112838"}],"wp:attachment":[{"href":"https:\/\/www.europesays.com\/es\/wp-json\/wp\/v2\/media?parent=112837"}],"wp:term":[{"taxonomy":"category","embeddable":true,"href":"https:\/\/www.europesays.com\/es\/wp-json\/wp\/v2\/categories?post=112837"},{"taxonomy":"post_tag","embeddable":true,"href":"https:\/\/www.europesays.com\/es\/wp-json\/wp\/v2\/tags?post=112837"}],"curies":[{"name":"wp","href":"https:\/\/api.w.org\/{rel}","templated":true}]}}